{"id":12550,"date":"2019-01-05T17:18:43","date_gmt":"2019-01-05T19:18:43","guid":{"rendered":"http:\/\/newsinfoco.com.br\/?p=12550"},"modified":"2019-01-05T17:18:43","modified_gmt":"2019-01-05T19:18:43","slug":"divergencia-revela-disputa-no-governo","status":"publish","type":"post","link":"https:\/\/newsinfoco.com.br\/inicio\/divergencia-revela-disputa-no-governo\/","title":{"rendered":"Diverg\u00eancia revela disputa no governo"},"content":{"rendered":"<p style=\"text-align: justify;\">[sg_popup id=&#8221;11418&#8243; event=&#8221;inherit&#8221;][\/sg_popup]As idas e vindas em torno do aumento do Imposto sobre Opera\u00e7\u00f5es Financeiras (IOF) e da proposta de reforma da Previd\u00eancia revelaram uma disputa interna na equipe do presidente Jair Bolsonaro logo na primeira semana do novo governo. De um lado est\u00e1 o chefe da Casa Civil, Onyx Lorenzoni, e, de outro, o ministro da Economia, Paulo Guedes. O primeiro \u00e9 o capit\u00e3o do time e o segundo tem a chave do cofre. A eleva\u00e7\u00e3o do IOF para compensar a perda de arrecada\u00e7\u00e3o com a extens\u00e3o de incentivos \u00e0s regi\u00f5es Norte e Nordeste, anunciada na sexta-feira, 4, pelo presidente e depois descartada pelo secret\u00e1rio especial da Receita Federal, Marcos Cintra, chegou mesmo a ser cogitada por Guedes. O Estado apurou que o n\u00facleo pol\u00edtico do governo teria, no entanto, vencido a queda de bra\u00e7o e conseguido derrubar a proposta, considerada impopular. No Pal\u00e1cio do Planalto h\u00e1 quem atribua o vazamento da not\u00edcia sobre o aumento do IOF ao ministro-chefe da Secretaria Geral da Presid\u00eancia, Gustavo Bebianno, que faria uma esp\u00e9cie de \u201cdobradinha\u201d com Guedes. Nos bastidores, Onyx e Bebianno disputam o protagonismo nas articula\u00e7\u00f5es pol\u00edticas. N\u00e3o \u00e9 de hoje que o chefe da Casa Civil anda se estranhando com o titular da Economia. Nos \u00faltimos dias, Onyx ficou muito contrariado ao saber que Guedes convenceu o PSL de Bolsonaro a apoiar a candidatura \u00e0 reelei\u00e7\u00e3o do presidente da C\u00e2mara, Rodrigo Maia (DEM-RJ).<\/p>\n<p style=\"text-align: justify;\">No diagn\u00f3stico do ministro da Economia, a recondu\u00e7\u00e3o de Maia \u00e9 fundamental para que o governo tenha mais tranquilidade no Congresso e consiga aprovar, por exemplo, a reforma da Previd\u00eancia. Bebianno tem a mesma avalia\u00e7\u00e3o de Guedes e acha at\u00e9 mesmo que alguma mudan\u00e7a nas regras da aposentadoria j\u00e1 poderia ter passado pelo Congresso se o aval a Maia j\u00e1 tivesse sido anunciado. Apesar de ser do DEM, Onyx resistia ao apoio a Maia. Ficou ainda mais irritado ao saber que a aproxima\u00e7\u00e3o entre o PSL e Maia foi feita por Guedes. Para acalmar o chefe da Casa Civil, deputados eleitos do PSL disseram que foram obrigados a vencer as resist\u00eancias a Maia porque, caso contr\u00e1rio, o partido de Bolsonaro ficaria isolado, sem assento em comiss\u00f5es estrat\u00e9gicas da C\u00e2mara, como Constitui\u00e7\u00e3o e Justi\u00e7a e Finan\u00e7as e Or\u00e7amento. Onyx s\u00f3 se convenceu mesmo depois que integrantes da nova assessoria de apoio parlamentar da Casa Civil \u2013 formada por deputados n\u00e3o reeleitos \u2013 disseram que, se Maia fosse \u201cignorado\u201d pelo PSL, criaria muitos problemas para o Planalto em vota\u00e7\u00f5es. O ministro da Casa Civil tamb\u00e9m tem sido o protagonista de informa\u00e7\u00f5es consideradas desencontradas sobre a proposta de reforma da Previd\u00eancia. Isso desagrada \u00e0 equipe t\u00e9cnica que elabora o texto porque aumenta as incertezas em torno da estrat\u00e9gia para a proposta que ser\u00e1 apresentada depois que o novo Congresso voltar aos trabalhos, em fevereiro. A entrevista dada pelo presidente na noite de quinta-feira ao SBT, comentando pontos ainda n\u00e3o definidos da proposta, trouxe preocupa\u00e7\u00e3o ao mercado, que viu risco de a reforma ser muito branda. O desencontro, na sexta-feira, na comunica\u00e7\u00e3o em torno das mudan\u00e7as no IOF e das al\u00edquotas do Imposto de Renda da Pessoa F\u00edsica (IRPF), descartadas no final do dia pelo ministro da Casa Civil, tamb\u00e9m foi mal recebido pelos investidores. No final do dia, Onxy tentou corrigir o problema. Segundo ele, Bolsonaro se \u201cequivocou\u201d ao falar do IOF e do IR. \u201cEstava toda uma celeuma no Pa\u00eds que era ter aumento de impostos. N\u00e3o d\u00e1 para o cidad\u00e3o que votou no Bolsonaro para n\u00e3o ter aumento de impostos e ter aumento de impostos\u201d, afirmou.<\/p><div class=\"newsi-conteudo_19\" id=\"newsi-3504789963\"><a href=\"https:\/\/www.instagram.com\/prefeituraalagoinhas?igsh=YzgzdDJ1bWR3aWI4\" aria-label=\"SAVE_20251006_221555\"><img loading=\"lazy\" decoding=\"async\" src=\"https:\/\/newsinfoco.com.br\/inicio\/wp-content\/uploads\/2025\/10\/SAVE_20251006_221555-rotated.jpg\" alt=\"\"  srcset=\"https:\/\/newsinfoco.com.br\/inicio\/wp-content\/uploads\/2025\/10\/SAVE_20251006_221555-rotated.jpg 1140w, https:\/\/newsinfoco.com.br\/inicio\/wp-content\/uploads\/2025\/10\/SAVE_20251006_221555-300x52.jpg 300w, https:\/\/newsinfoco.com.br\/inicio\/wp-content\/uploads\/2025\/10\/SAVE_20251006_221555-1024x177.jpg 1024w, https:\/\/newsinfoco.com.br\/inicio\/wp-content\/uploads\/2025\/10\/SAVE_20251006_221555-768x133.jpg 768w, https:\/\/newsinfoco.com.br\/inicio\/wp-content\/uploads\/2025\/10\/SAVE_20251006_221555-600x104.jpg 600w, https:\/\/newsinfoco.com.br\/inicio\/wp-content\/uploads\/2025\/10\/SAVE_20251006_221555-696x120.jpg 696w, https:\/\/newsinfoco.com.br\/inicio\/wp-content\/uploads\/2025\/10\/SAVE_20251006_221555-1068x185.jpg 1068w\" sizes=\"(max-width: 1140px) 100vw, 1140px\" width=\"1140\" height=\"197\"   \/><\/a><\/div>\n<p style=\"text-align: right;\">Estadao<\/p>\n<div class='share-to-whatsapp-wrapper'><div class='share-on-whsp'>Share on: <\/div><a data-text='Diverg\u00eancia revela disputa no governo' data-link='https:\/\/newsinfoco.com.br\/inicio\/divergencia-revela-disputa-no-governo\/' class='whatsapp-button whatsapp-share'>WhatsApp<\/a><div class='clear '><\/div><\/div>","protected":false},"excerpt":{"rendered":"<p>[sg_popup id=&#8221;11418&#8243; event=&#8221;inherit&#8221;][\/sg_popup]As idas e vindas em torno do aumento do Imposto sobre Opera\u00e7\u00f5es Financeiras (IOF) e da proposta de reforma da Previd\u00eancia revelaram uma disputa interna na equipe do presidente Jair Bolsonaro logo na primeira semana do novo governo. De um lado est\u00e1 o chefe da Casa Civil, Onyx Lorenzoni, e, de outro, o [&hellip;]<\/p>\n","protected":false},"author":1,"featured_media":12551,"comment_status":"open","ping_status":"open","sticky":false,"template":"","format":"standard","meta":{"om_disable_all_campaigns":false,"_exactmetrics_skip_tracking":false,"_exactmetrics_sitenote_active":false,"_exactmetrics_sitenote_note":"","_exactmetrics_sitenote_category":0,"footnotes":""},"categories":[21],"tags":[],"class_list":["post-12550","post","type-post","status-publish","format-standard","has-post-thumbnail","hentry","category-brasil"],"aioseo_notices":[],"_links":{"self":[{"href":"https:\/\/newsinfoco.com.br\/inicio\/wp-json\/wp\/v2\/posts\/12550","targetHints":{"allow":["GET"]}}],"collection":[{"href":"https:\/\/newsinfoco.com.br\/inicio\/wp-json\/wp\/v2\/posts"}],"about":[{"href":"https:\/\/newsinfoco.com.br\/inicio\/wp-json\/wp\/v2\/types\/post"}],"author":[{"embeddable":true,"href":"https:\/\/newsinfoco.com.br\/inicio\/wp-json\/wp\/v2\/users\/1"}],"replies":[{"embeddable":true,"href":"https:\/\/newsinfoco.com.br\/inicio\/wp-json\/wp\/v2\/comments?post=12550"}],"version-history":[{"count":0,"href":"https:\/\/newsinfoco.com.br\/inicio\/wp-json\/wp\/v2\/posts\/12550\/revisions"}],"wp:featuredmedia":[{"embeddable":true,"href":"https:\/\/newsinfoco.com.br\/inicio\/wp-json\/wp\/v2\/media\/12551"}],"wp:attachment":[{"href":"https:\/\/newsinfoco.com.br\/inicio\/wp-json\/wp\/v2\/media?parent=12550"}],"wp:term":[{"taxonomy":"category","embeddable":true,"href":"https:\/\/newsinfoco.com.br\/inicio\/wp-json\/wp\/v2\/categories?post=12550"},{"taxonomy":"post_tag","embeddable":true,"href":"https:\/\/newsinfoco.com.br\/inicio\/wp-json\/wp\/v2\/tags?post=12550"}],"curies":[{"name":"wp","href":"https:\/\/api.w.org\/{rel}","templated":true}]}}