{"id":12553,"date":"2019-01-05T17:22:02","date_gmt":"2019-01-05T19:22:02","guid":{"rendered":"http:\/\/newsinfoco.com.br\/?p=12553"},"modified":"2019-01-05T17:22:02","modified_gmt":"2019-01-05T19:22:02","slug":"haddad-e-bolsonaro-brigam-no-twitter-sobre-anti-intelectualismo","status":"publish","type":"post","link":"https:\/\/newsinfoco.com.br\/inicio\/haddad-e-bolsonaro-brigam-no-twitter-sobre-anti-intelectualismo\/","title":{"rendered":"Haddad e Bolsonaro brigam no Twitter sobre \u201canti-intelectualismo\u201d"},"content":{"rendered":"<p style=\"text-align: justify;\">[sg_popup id=&#8221;11418&#8243; event=&#8221;inherit&#8221;][\/sg_popup]Na noite de sexta-feira, 4, o ex-candidato \u00e0 Presid\u00eancia da Rep\u00fablica e ex-prefeito de S\u00e3o Paulo Fernando Haddad (PT-SP), fez um coment\u00e1rio em rede social sobre a moda do anti-intelectualismo no Brasil, em refer\u00eancia a uma not\u00edcia do alem\u00e3o Deutsche Welle, originalmente publicada em 28 de novembro do ano passado, intitulada \u201cBrasil, um pa\u00eds do passado\u201d.<\/p>\n<p style=\"text-align: justify;\">Na tarde deste s\u00e1bado, o presidente Jair Bolsonaro retrucou, tamb\u00e9m em um post no Twitter, chamando Haddad de \u201cfantoche do presidi\u00e1rio corrupto\u201d e \u201cmarmita\u201d. \u201cA verdade \u00e9 que o marmita, como todo petista, fica inventando motivos para a derrota vergonhosa que sofreram nas elei\u00e7\u00f5es, mesmo com campanha mais de 30 milh\u00f5es mais cara\u201d, escreveu, completando na sequ\u00eancia que \u201co PT quebrou o Brasil de tanto roubar, deixou a viol\u00eancia tomar propor\u00e7\u00f5es de guerra, \u00e9 uma verdadeira quadrilha e ningu\u00e9m aguenta mais isso!\u201d. Haddad, ent\u00e3o, esclareceu a fonte do assunto citado, com o link para o artigo do jornalista alem\u00e3o, e convidou Bolsonaro para um confronto. \u201cNa verdade, quem disse isso foi um jornalista da Deutsche Welle (goo.gl\/yf3ofR), mas se voc\u00ea j\u00e1 se sentir seguro para um debate frente a frente, estou dispon\u00edvel. Forte abra\u00e7o!\u201d.<\/p><div class=\"newsi-conteudo_19\" id=\"newsi-3390913179\"><a href=\"https:\/\/www.instagram.com\/prefeituraalagoinhas?igsh=YzgzdDJ1bWR3aWI4\" aria-label=\"SAVE_20251006_221555\"><img loading=\"lazy\" decoding=\"async\" src=\"https:\/\/newsinfoco.com.br\/inicio\/wp-content\/uploads\/2025\/10\/SAVE_20251006_221555-rotated.jpg\" alt=\"\"  srcset=\"https:\/\/newsinfoco.com.br\/inicio\/wp-content\/uploads\/2025\/10\/SAVE_20251006_221555-rotated.jpg 1140w, https:\/\/newsinfoco.com.br\/inicio\/wp-content\/uploads\/2025\/10\/SAVE_20251006_221555-300x52.jpg 300w, https:\/\/newsinfoco.com.br\/inicio\/wp-content\/uploads\/2025\/10\/SAVE_20251006_221555-1024x177.jpg 1024w, https:\/\/newsinfoco.com.br\/inicio\/wp-content\/uploads\/2025\/10\/SAVE_20251006_221555-768x133.jpg 768w, https:\/\/newsinfoco.com.br\/inicio\/wp-content\/uploads\/2025\/10\/SAVE_20251006_221555-600x104.jpg 600w, https:\/\/newsinfoco.com.br\/inicio\/wp-content\/uploads\/2025\/10\/SAVE_20251006_221555-696x120.jpg 696w, https:\/\/newsinfoco.com.br\/inicio\/wp-content\/uploads\/2025\/10\/SAVE_20251006_221555-1068x185.jpg 1068w\" sizes=\"(max-width: 1140px) 100vw, 1140px\" width=\"1140\" height=\"197\"   \/><\/a><\/div>\n<p style=\"text-align: right;\">Estadao<\/p>\n<div class='share-to-whatsapp-wrapper'><div class='share-on-whsp'>Share on: <\/div><a data-text='Haddad e Bolsonaro brigam no Twitter sobre \u201canti-intelectualismo\u201d' data-link='https:\/\/newsinfoco.com.br\/inicio\/haddad-e-bolsonaro-brigam-no-twitter-sobre-anti-intelectualismo\/' class='whatsapp-button whatsapp-share'>WhatsApp<\/a><div class='clear '><\/div><\/div>","protected":false},"excerpt":{"rendered":"<p>[sg_popup id=&#8221;11418&#8243; event=&#8221;inherit&#8221;][\/sg_popup]Na noite de sexta-feira, 4, o ex-candidato \u00e0 Presid\u00eancia da Rep\u00fablica e ex-prefeito de S\u00e3o Paulo Fernando Haddad (PT-SP), fez um coment\u00e1rio em rede social sobre a moda do anti-intelectualismo no Brasil, em refer\u00eancia a uma not\u00edcia do alem\u00e3o Deutsche Welle, originalmente publicada em 28 de novembro do ano passado, intitulada \u201cBrasil, um [&hellip;]<\/p>\n","protected":false},"author":1,"featured_media":9767,"comment_status":"open","ping_status":"open","sticky":false,"template":"","format":"standard","meta":{"om_disable_all_campaigns":false,"_exactmetrics_skip_tracking":false,"_exactmetrics_sitenote_active":false,"_exactmetrics_sitenote_note":"","_exactmetrics_sitenote_category":0,"footnotes":""},"categories":[21],"tags":[],"class_list":["post-12553","post","type-post","status-publish","format-standard","has-post-thumbnail","hentry","category-brasil"],"aioseo_notices":[],"_links":{"self":[{"href":"https:\/\/newsinfoco.com.br\/inicio\/wp-json\/wp\/v2\/posts\/12553","targetHints":{"allow":["GET"]}}],"collection":[{"href":"https:\/\/newsinfoco.com.br\/inicio\/wp-json\/wp\/v2\/posts"}],"about":[{"href":"https:\/\/newsinfoco.com.br\/inicio\/wp-json\/wp\/v2\/types\/post"}],"author":[{"embeddable":true,"href":"https:\/\/newsinfoco.com.br\/inicio\/wp-json\/wp\/v2\/users\/1"}],"replies":[{"embeddable":true,"href":"https:\/\/newsinfoco.com.br\/inicio\/wp-json\/wp\/v2\/comments?post=12553"}],"version-history":[{"count":0,"href":"https:\/\/newsinfoco.com.br\/inicio\/wp-json\/wp\/v2\/posts\/12553\/revisions"}],"wp:featuredmedia":[{"embeddable":true,"href":"https:\/\/newsinfoco.com.br\/inicio\/wp-json\/wp\/v2\/media\/9767"}],"wp:attachment":[{"href":"https:\/\/newsinfoco.com.br\/inicio\/wp-json\/wp\/v2\/media?parent=12553"}],"wp:term":[{"taxonomy":"category","embeddable":true,"href":"https:\/\/newsinfoco.com.br\/inicio\/wp-json\/wp\/v2\/categories?post=12553"},{"taxonomy":"post_tag","embeddable":true,"href":"https:\/\/newsinfoco.com.br\/inicio\/wp-json\/wp\/v2\/tags?post=12553"}],"curies":[{"name":"wp","href":"https:\/\/api.w.org\/{rel}","templated":true}]}}