{"id":12558,"date":"2019-01-05T17:28:09","date_gmt":"2019-01-05T19:28:09","guid":{"rendered":"http:\/\/newsinfoco.com.br\/?p=12558"},"modified":"2019-01-05T17:28:09","modified_gmt":"2019-01-05T19:28:09","slug":"gabinete-de-alice-portugal-e-invadido-durante-recesso-parlamentar","status":"publish","type":"post","link":"https:\/\/newsinfoco.com.br\/inicio\/gabinete-de-alice-portugal-e-invadido-durante-recesso-parlamentar\/","title":{"rendered":"Gabinete de Alice Portugal \u00e9 invadido durante recesso parlamentar"},"content":{"rendered":"<p style=\"text-align: justify;\">[sg_popup id=&#8221;11418&#8243; event=&#8221;inherit&#8221;][\/sg_popup]Em nota enviada \u00e0 imprensa, a deputada federal Alice Portugal (PCdoB) afirmou que seu gabinete foi invadido durante o per\u00edodo do recesso da C\u00e2mara dos Deputados. \u201cMeu gabinete foi aberto, sem qualquer comunica\u00e7\u00e3o pr\u00e9via, para travarem as persianas. Hoje, interrompi o recesso da minha assessoria , que constatou o fato. Poucos minutos depois chega a seguran\u00e7a , que entraria novamente sem autoriza\u00e7\u00e3o\u201d disse a parlamentar.<\/p>\n<p style=\"text-align: justify;\">O gabinete de Alice Portugal \u00e9 o 420, do Anexo 4. Alice disse que vai pedir explica\u00e7\u00f5es ao deputado Rodrigo Maia, presidente da casa, sobre o ocorrido. \u201cVou requerer justificativa. Preciso saber porque entraram no meu gabinete sem autoriza\u00e7\u00e3o, sou a deputada respons\u00e1vel por aquele espa\u00e7o. Vamos fazer uma revis\u00e3o dos documentos para saber se falta alguma coisa. Isso n\u00e3o pode acontecer\u201d finalizou Alice.<\/p><div class=\"newsi-conteudo_19\" id=\"newsi-61026365\"><a href=\"https:\/\/www.instagram.com\/prefeituraalagoinhas?igsh=YzgzdDJ1bWR3aWI4\" aria-label=\"SAVE_20251006_221555\"><img loading=\"lazy\" decoding=\"async\" src=\"https:\/\/newsinfoco.com.br\/inicio\/wp-content\/uploads\/2025\/10\/SAVE_20251006_221555-rotated.jpg\" alt=\"\"  srcset=\"https:\/\/newsinfoco.com.br\/inicio\/wp-content\/uploads\/2025\/10\/SAVE_20251006_221555-rotated.jpg 1140w, https:\/\/newsinfoco.com.br\/inicio\/wp-content\/uploads\/2025\/10\/SAVE_20251006_221555-300x52.jpg 300w, https:\/\/newsinfoco.com.br\/inicio\/wp-content\/uploads\/2025\/10\/SAVE_20251006_221555-1024x177.jpg 1024w, https:\/\/newsinfoco.com.br\/inicio\/wp-content\/uploads\/2025\/10\/SAVE_20251006_221555-768x133.jpg 768w, https:\/\/newsinfoco.com.br\/inicio\/wp-content\/uploads\/2025\/10\/SAVE_20251006_221555-600x104.jpg 600w, https:\/\/newsinfoco.com.br\/inicio\/wp-content\/uploads\/2025\/10\/SAVE_20251006_221555-696x120.jpg 696w, https:\/\/newsinfoco.com.br\/inicio\/wp-content\/uploads\/2025\/10\/SAVE_20251006_221555-1068x185.jpg 1068w\" sizes=\"(max-width: 1140px) 100vw, 1140px\" width=\"1140\" height=\"197\"   \/><\/a><\/div>\n<div class='share-to-whatsapp-wrapper'><div class='share-on-whsp'>Share on: <\/div><a data-text='Gabinete de Alice Portugal \u00e9 invadido durante recesso parlamentar' data-link='https:\/\/newsinfoco.com.br\/inicio\/gabinete-de-alice-portugal-e-invadido-durante-recesso-parlamentar\/' class='whatsapp-button whatsapp-share'>WhatsApp<\/a><div class='clear '><\/div><\/div>","protected":false},"excerpt":{"rendered":"<p>[sg_popup id=&#8221;11418&#8243; event=&#8221;inherit&#8221;][\/sg_popup]Em nota enviada \u00e0 imprensa, a deputada federal Alice Portugal (PCdoB) afirmou que seu gabinete foi invadido durante o per\u00edodo do recesso da C\u00e2mara dos Deputados. \u201cMeu gabinete foi aberto, sem qualquer comunica\u00e7\u00e3o pr\u00e9via, para travarem as persianas. Hoje, interrompi o recesso da minha assessoria , que constatou o fato. Poucos minutos depois [&hellip;]<\/p>\n","protected":false},"author":1,"featured_media":12559,"comment_status":"open","ping_status":"open","sticky":false,"template":"","format":"standard","meta":{"om_disable_all_campaigns":false,"_exactmetrics_skip_tracking":false,"_exactmetrics_sitenote_active":false,"_exactmetrics_sitenote_note":"","_exactmetrics_sitenote_category":0,"footnotes":""},"categories":[19],"tags":[],"class_list":["post-12558","post","type-post","status-publish","format-standard","has-post-thumbnail","hentry","category-bahia"],"aioseo_notices":[],"_links":{"self":[{"href":"https:\/\/newsinfoco.com.br\/inicio\/wp-json\/wp\/v2\/posts\/12558","targetHints":{"allow":["GET"]}}],"collection":[{"href":"https:\/\/newsinfoco.com.br\/inicio\/wp-json\/wp\/v2\/posts"}],"about":[{"href":"https:\/\/newsinfoco.com.br\/inicio\/wp-json\/wp\/v2\/types\/post"}],"author":[{"embeddable":true,"href":"https:\/\/newsinfoco.com.br\/inicio\/wp-json\/wp\/v2\/users\/1"}],"replies":[{"embeddable":true,"href":"https:\/\/newsinfoco.com.br\/inicio\/wp-json\/wp\/v2\/comments?post=12558"}],"version-history":[{"count":0,"href":"https:\/\/newsinfoco.com.br\/inicio\/wp-json\/wp\/v2\/posts\/12558\/revisions"}],"wp:featuredmedia":[{"embeddable":true,"href":"https:\/\/newsinfoco.com.br\/inicio\/wp-json\/wp\/v2\/media\/12559"}],"wp:attachment":[{"href":"https:\/\/newsinfoco.com.br\/inicio\/wp-json\/wp\/v2\/media?parent=12558"}],"wp:term":[{"taxonomy":"category","embeddable":true,"href":"https:\/\/newsinfoco.com.br\/inicio\/wp-json\/wp\/v2\/categories?post=12558"},{"taxonomy":"post_tag","embeddable":true,"href":"https:\/\/newsinfoco.com.br\/inicio\/wp-json\/wp\/v2\/tags?post=12558"}],"curies":[{"name":"wp","href":"https:\/\/api.w.org\/{rel}","templated":true}]}}