{"id":12561,"date":"2019-01-05T17:30:43","date_gmt":"2019-01-05T19:30:43","guid":{"rendered":"http:\/\/newsinfoco.com.br\/?p=12561"},"modified":"2019-01-05T17:30:43","modified_gmt":"2019-01-05T19:30:43","slug":"rui-costa-mantem-moreno-na-pge-e-diz-que-concluira-reforma-apos-retorno-de-felix-jr","status":"publish","type":"post","link":"https:\/\/newsinfoco.com.br\/inicio\/rui-costa-mantem-moreno-na-pge-e-diz-que-concluira-reforma-apos-retorno-de-felix-jr\/","title":{"rendered":"Rui Costa mant\u00e9m Moreno na PGE e diz que concluir\u00e1 reforma ap\u00f3s retorno de F\u00e9lix Jr."},"content":{"rendered":"<p style=\"text-align: justify;\">[sg_popup id=&#8221;11418&#8243; event=&#8221;inherit&#8221;][\/sg_popup]O governador Rui Costa (PT) confirmou nesta sexta-feira (4) a perman\u00eancia de Paulo Moreno na Procuradoria Geral do Estado (PGE). O petista, entretanto, disse que s\u00f3 definir\u00e1 o secretariado ap\u00f3s o presidente do PDT, F\u00e9lix Jr., retornar de uma viagem no exterior. A volta do deputado est\u00e1 prevista para o dia 10 de janeiro, segundo Rui.<\/p>\n<p style=\"text-align: justify;\">As declara\u00e7\u00f5es do petista foram dadas durante a entrega de encostas no bairro do Alto do Peru, em Salvador. Al\u00e9m de Moreno, os demais nomes j\u00e1 confirmados para o segundo mandato da gest\u00e3o estadual s\u00e3o: Andr\u00e9 Curvello (secret\u00e1rio de Comunica\u00e7\u00e3o), Manoel Vit\u00f3rio (Fazenda) e Bruno Dauster (Casa Civil).<\/p><div class=\"newsi-conteudo_19\" id=\"newsi-791073953\"><a href=\"https:\/\/www.instagram.com\/prefeituraalagoinhas?igsh=YzgzdDJ1bWR3aWI4\" aria-label=\"SAVE_20251006_221555\"><img loading=\"lazy\" decoding=\"async\" src=\"https:\/\/newsinfoco.com.br\/inicio\/wp-content\/uploads\/2025\/10\/SAVE_20251006_221555-rotated.jpg\" alt=\"\"  srcset=\"https:\/\/newsinfoco.com.br\/inicio\/wp-content\/uploads\/2025\/10\/SAVE_20251006_221555-rotated.jpg 1140w, https:\/\/newsinfoco.com.br\/inicio\/wp-content\/uploads\/2025\/10\/SAVE_20251006_221555-300x52.jpg 300w, https:\/\/newsinfoco.com.br\/inicio\/wp-content\/uploads\/2025\/10\/SAVE_20251006_221555-1024x177.jpg 1024w, https:\/\/newsinfoco.com.br\/inicio\/wp-content\/uploads\/2025\/10\/SAVE_20251006_221555-768x133.jpg 768w, https:\/\/newsinfoco.com.br\/inicio\/wp-content\/uploads\/2025\/10\/SAVE_20251006_221555-600x104.jpg 600w, https:\/\/newsinfoco.com.br\/inicio\/wp-content\/uploads\/2025\/10\/SAVE_20251006_221555-696x120.jpg 696w, https:\/\/newsinfoco.com.br\/inicio\/wp-content\/uploads\/2025\/10\/SAVE_20251006_221555-1068x185.jpg 1068w\" sizes=\"(max-width: 1140px) 100vw, 1140px\" width=\"1140\" height=\"197\"   \/><\/a><\/div>\n<p style=\"text-align: right;\">Alexandre Santos \/ Matheus Morais para o Bahia.ba<\/p>\n<div class='share-to-whatsapp-wrapper'><div class='share-on-whsp'>Share on: <\/div><a data-text='Rui Costa mant\u00e9m Moreno na PGE e diz que concluir\u00e1 reforma ap\u00f3s retorno de F\u00e9lix Jr.' data-link='https:\/\/newsinfoco.com.br\/inicio\/rui-costa-mantem-moreno-na-pge-e-diz-que-concluira-reforma-apos-retorno-de-felix-jr\/' class='whatsapp-button whatsapp-share'>WhatsApp<\/a><div class='clear '><\/div><\/div>","protected":false},"excerpt":{"rendered":"<p>[sg_popup id=&#8221;11418&#8243; event=&#8221;inherit&#8221;][\/sg_popup]O governador Rui Costa (PT) confirmou nesta sexta-feira (4) a perman\u00eancia de Paulo Moreno na Procuradoria Geral do Estado (PGE). O petista, entretanto, disse que s\u00f3 definir\u00e1 o secretariado ap\u00f3s o presidente do PDT, F\u00e9lix Jr., retornar de uma viagem no exterior. A volta do deputado est\u00e1 prevista para o dia 10 de [&hellip;]<\/p>\n","protected":false},"author":1,"featured_media":12562,"comment_status":"open","ping_status":"open","sticky":false,"template":"","format":"standard","meta":{"om_disable_all_campaigns":false,"_exactmetrics_skip_tracking":false,"_exactmetrics_sitenote_active":false,"_exactmetrics_sitenote_note":"","_exactmetrics_sitenote_category":0,"footnotes":""},"categories":[19],"tags":[],"class_list":["post-12561","post","type-post","status-publish","format-standard","has-post-thumbnail","hentry","category-bahia"],"aioseo_notices":[],"_links":{"self":[{"href":"https:\/\/newsinfoco.com.br\/inicio\/wp-json\/wp\/v2\/posts\/12561","targetHints":{"allow":["GET"]}}],"collection":[{"href":"https:\/\/newsinfoco.com.br\/inicio\/wp-json\/wp\/v2\/posts"}],"about":[{"href":"https:\/\/newsinfoco.com.br\/inicio\/wp-json\/wp\/v2\/types\/post"}],"author":[{"embeddable":true,"href":"https:\/\/newsinfoco.com.br\/inicio\/wp-json\/wp\/v2\/users\/1"}],"replies":[{"embeddable":true,"href":"https:\/\/newsinfoco.com.br\/inicio\/wp-json\/wp\/v2\/comments?post=12561"}],"version-history":[{"count":0,"href":"https:\/\/newsinfoco.com.br\/inicio\/wp-json\/wp\/v2\/posts\/12561\/revisions"}],"wp:featuredmedia":[{"embeddable":true,"href":"https:\/\/newsinfoco.com.br\/inicio\/wp-json\/wp\/v2\/media\/12562"}],"wp:attachment":[{"href":"https:\/\/newsinfoco.com.br\/inicio\/wp-json\/wp\/v2\/media?parent=12561"}],"wp:term":[{"taxonomy":"category","embeddable":true,"href":"https:\/\/newsinfoco.com.br\/inicio\/wp-json\/wp\/v2\/categories?post=12561"},{"taxonomy":"post_tag","embeddable":true,"href":"https:\/\/newsinfoco.com.br\/inicio\/wp-json\/wp\/v2\/tags?post=12561"}],"curies":[{"name":"wp","href":"https:\/\/api.w.org\/{rel}","templated":true}]}}