{"id":12578,"date":"2019-01-06T20:56:12","date_gmt":"2019-01-06T22:56:12","guid":{"rendered":"http:\/\/newsinfoco.com.br\/?p=12578"},"modified":"2019-01-06T20:56:12","modified_gmt":"2019-01-06T22:56:12","slug":"ze-rocha-deve-permanecer-na-lideranca-do-pr-ate-2020","status":"publish","type":"post","link":"https:\/\/newsinfoco.com.br\/inicio\/ze-rocha-deve-permanecer-na-lideranca-do-pr-ate-2020\/","title":{"rendered":"Z\u00e9 Rocha deve permanecer na lideran\u00e7a do PR at\u00e9 2020"},"content":{"rendered":"<p style=\"text-align: justify;\">[sg_popup id=&#8221;11418&#8243; event=&#8221;inherit&#8221;][\/sg_popup]A lideran\u00e7a do PR na C\u00e2mara dos Deputados deve permanecer no comando do deputado federal baiano Z\u00e9 Rocha at\u00e9 2020, de acordo com a coluna Sat\u00e9lite, do jornal Correio.<\/p>\n<p style=\"text-align: justify;\">O parlamentar assumiu o comando da sigla no come\u00e7o do ano de 2017. A decis\u00e3o para permanecer na lideran\u00e7a foi definida ap\u00f3s reuni\u00e3o entre os parlamentares reeleitos e os novos da sigla.<\/p><div class=\"newsi-conteudo_19\" id=\"newsi-2164308209\"><a href=\"https:\/\/www.instagram.com\/prefeituraalagoinhas?igsh=YzgzdDJ1bWR3aWI4\" aria-label=\"SAVE_20251006_221555\"><img loading=\"lazy\" decoding=\"async\" src=\"https:\/\/newsinfoco.com.br\/inicio\/wp-content\/uploads\/2025\/10\/SAVE_20251006_221555-rotated.jpg\" alt=\"\"  srcset=\"https:\/\/newsinfoco.com.br\/inicio\/wp-content\/uploads\/2025\/10\/SAVE_20251006_221555-rotated.jpg 1140w, https:\/\/newsinfoco.com.br\/inicio\/wp-content\/uploads\/2025\/10\/SAVE_20251006_221555-300x52.jpg 300w, https:\/\/newsinfoco.com.br\/inicio\/wp-content\/uploads\/2025\/10\/SAVE_20251006_221555-1024x177.jpg 1024w, https:\/\/newsinfoco.com.br\/inicio\/wp-content\/uploads\/2025\/10\/SAVE_20251006_221555-768x133.jpg 768w, https:\/\/newsinfoco.com.br\/inicio\/wp-content\/uploads\/2025\/10\/SAVE_20251006_221555-600x104.jpg 600w, https:\/\/newsinfoco.com.br\/inicio\/wp-content\/uploads\/2025\/10\/SAVE_20251006_221555-696x120.jpg 696w, https:\/\/newsinfoco.com.br\/inicio\/wp-content\/uploads\/2025\/10\/SAVE_20251006_221555-1068x185.jpg 1068w\" sizes=\"(max-width: 1140px) 100vw, 1140px\" width=\"1140\" height=\"197\"   \/><\/a><\/div>\n<div class='share-to-whatsapp-wrapper'><div class='share-on-whsp'>Share on: <\/div><a data-text='Z\u00e9 Rocha deve permanecer na lideran\u00e7a do PR at\u00e9 2020' data-link='https:\/\/newsinfoco.com.br\/inicio\/ze-rocha-deve-permanecer-na-lideranca-do-pr-ate-2020\/' class='whatsapp-button whatsapp-share'>WhatsApp<\/a><div class='clear '><\/div><\/div>","protected":false},"excerpt":{"rendered":"<p>[sg_popup id=&#8221;11418&#8243; event=&#8221;inherit&#8221;][\/sg_popup]A lideran\u00e7a do PR na C\u00e2mara dos Deputados deve permanecer no comando do deputado federal baiano Z\u00e9 Rocha at\u00e9 2020, de acordo com a coluna Sat\u00e9lite, do jornal Correio. O parlamentar assumiu o comando da sigla no come\u00e7o do ano de 2017. A decis\u00e3o para permanecer na lideran\u00e7a foi definida ap\u00f3s reuni\u00e3o entre [&hellip;]<\/p>\n","protected":false},"author":1,"featured_media":12579,"comment_status":"open","ping_status":"open","sticky":false,"template":"","format":"standard","meta":{"om_disable_all_campaigns":false,"_exactmetrics_skip_tracking":false,"_exactmetrics_sitenote_active":false,"_exactmetrics_sitenote_note":"","_exactmetrics_sitenote_category":0,"footnotes":""},"categories":[19],"tags":[],"class_list":["post-12578","post","type-post","status-publish","format-standard","has-post-thumbnail","hentry","category-bahia"],"aioseo_notices":[],"_links":{"self":[{"href":"https:\/\/newsinfoco.com.br\/inicio\/wp-json\/wp\/v2\/posts\/12578","targetHints":{"allow":["GET"]}}],"collection":[{"href":"https:\/\/newsinfoco.com.br\/inicio\/wp-json\/wp\/v2\/posts"}],"about":[{"href":"https:\/\/newsinfoco.com.br\/inicio\/wp-json\/wp\/v2\/types\/post"}],"author":[{"embeddable":true,"href":"https:\/\/newsinfoco.com.br\/inicio\/wp-json\/wp\/v2\/users\/1"}],"replies":[{"embeddable":true,"href":"https:\/\/newsinfoco.com.br\/inicio\/wp-json\/wp\/v2\/comments?post=12578"}],"version-history":[{"count":0,"href":"https:\/\/newsinfoco.com.br\/inicio\/wp-json\/wp\/v2\/posts\/12578\/revisions"}],"wp:featuredmedia":[{"embeddable":true,"href":"https:\/\/newsinfoco.com.br\/inicio\/wp-json\/wp\/v2\/media\/12579"}],"wp:attachment":[{"href":"https:\/\/newsinfoco.com.br\/inicio\/wp-json\/wp\/v2\/media?parent=12578"}],"wp:term":[{"taxonomy":"category","embeddable":true,"href":"https:\/\/newsinfoco.com.br\/inicio\/wp-json\/wp\/v2\/categories?post=12578"},{"taxonomy":"post_tag","embeddable":true,"href":"https:\/\/newsinfoco.com.br\/inicio\/wp-json\/wp\/v2\/tags?post=12578"}],"curies":[{"name":"wp","href":"https:\/\/api.w.org\/{rel}","templated":true}]}}