{"id":12581,"date":"2019-01-06T20:58:48","date_gmt":"2019-01-06T22:58:48","guid":{"rendered":"http:\/\/newsinfoco.com.br\/?p=12581"},"modified":"2019-01-06T20:59:57","modified_gmt":"2019-01-06T22:59:57","slug":"ex-prefeito-de-guanambi-e-cotado-para-assumir-a-sedur","status":"publish","type":"post","link":"https:\/\/newsinfoco.com.br\/inicio\/ex-prefeito-de-guanambi-e-cotado-para-assumir-a-sedur\/","title":{"rendered":"Ex-prefeito de Guanambi \u00e9 cotado para assumir a Sedur"},"content":{"rendered":"<p style=\"text-align: justify;\">[sg_popup id=&#8221;11418&#8243; event=&#8221;inherit&#8221;][\/sg_popup]Ex-prefeito de Guanambi, Charles Fernandes (PSD) est\u00e1 sendo cotado para comandar a Secretaria de Desenvolvimento Urbano (Sedur). Segundo informa\u00e7\u00f5es da coluna Sat\u00e9lite, do jornal Correio, sendo suplente de deputado, Charles poderia ceder sua vaga na C\u00e2mara Federal para Paulo Magalh\u00e3es (PSD), que n\u00e3o conseguiu se reeleger.<\/p>\n<p style=\"text-align: justify;\">A informa\u00e7\u00e3o que circula nos bastidores \u00e9 que governistas dizem que o presidente estadual do PSD, o senador Otto Alencar, n\u00e3o deve abrir m\u00e3o de ter Paulo Magalh\u00e3es no Congresso.<\/p><div class=\"newsi-conteudo_19\" id=\"newsi-804930970\"><a href=\"https:\/\/www.instagram.com\/prefeituraalagoinhas?igsh=YzgzdDJ1bWR3aWI4\" aria-label=\"SAVE_20251006_221555\"><img loading=\"lazy\" decoding=\"async\" src=\"https:\/\/newsinfoco.com.br\/inicio\/wp-content\/uploads\/2025\/10\/SAVE_20251006_221555-rotated.jpg\" alt=\"\"  srcset=\"https:\/\/newsinfoco.com.br\/inicio\/wp-content\/uploads\/2025\/10\/SAVE_20251006_221555-rotated.jpg 1140w, https:\/\/newsinfoco.com.br\/inicio\/wp-content\/uploads\/2025\/10\/SAVE_20251006_221555-300x52.jpg 300w, https:\/\/newsinfoco.com.br\/inicio\/wp-content\/uploads\/2025\/10\/SAVE_20251006_221555-1024x177.jpg 1024w, https:\/\/newsinfoco.com.br\/inicio\/wp-content\/uploads\/2025\/10\/SAVE_20251006_221555-768x133.jpg 768w, https:\/\/newsinfoco.com.br\/inicio\/wp-content\/uploads\/2025\/10\/SAVE_20251006_221555-600x104.jpg 600w, https:\/\/newsinfoco.com.br\/inicio\/wp-content\/uploads\/2025\/10\/SAVE_20251006_221555-696x120.jpg 696w, https:\/\/newsinfoco.com.br\/inicio\/wp-content\/uploads\/2025\/10\/SAVE_20251006_221555-1068x185.jpg 1068w\" sizes=\"(max-width: 1140px) 100vw, 1140px\" width=\"1140\" height=\"197\"   \/><\/a><\/div>\n<div class='share-to-whatsapp-wrapper'><div class='share-on-whsp'>Share on: <\/div><a data-text='Ex-prefeito de Guanambi \u00e9 cotado para assumir a Sedur' data-link='https:\/\/newsinfoco.com.br\/inicio\/ex-prefeito-de-guanambi-e-cotado-para-assumir-a-sedur\/' class='whatsapp-button whatsapp-share'>WhatsApp<\/a><div class='clear '><\/div><\/div>","protected":false},"excerpt":{"rendered":"<p>[sg_popup id=&#8221;11418&#8243; event=&#8221;inherit&#8221;][\/sg_popup]Ex-prefeito de Guanambi, Charles Fernandes (PSD) est\u00e1 sendo cotado para comandar a Secretaria de Desenvolvimento Urbano (Sedur). Segundo informa\u00e7\u00f5es da coluna Sat\u00e9lite, do jornal Correio, sendo suplente de deputado, Charles poderia ceder sua vaga na C\u00e2mara Federal para Paulo Magalh\u00e3es (PSD), que n\u00e3o conseguiu se reeleger. A informa\u00e7\u00e3o que circula nos bastidores \u00e9 [&hellip;]<\/p>\n","protected":false},"author":1,"featured_media":12582,"comment_status":"open","ping_status":"open","sticky":false,"template":"","format":"standard","meta":{"om_disable_all_campaigns":false,"_exactmetrics_skip_tracking":false,"_exactmetrics_sitenote_active":false,"_exactmetrics_sitenote_note":"","_exactmetrics_sitenote_category":0,"footnotes":""},"categories":[19],"tags":[],"class_list":["post-12581","post","type-post","status-publish","format-standard","has-post-thumbnail","hentry","category-bahia"],"aioseo_notices":[],"_links":{"self":[{"href":"https:\/\/newsinfoco.com.br\/inicio\/wp-json\/wp\/v2\/posts\/12581","targetHints":{"allow":["GET"]}}],"collection":[{"href":"https:\/\/newsinfoco.com.br\/inicio\/wp-json\/wp\/v2\/posts"}],"about":[{"href":"https:\/\/newsinfoco.com.br\/inicio\/wp-json\/wp\/v2\/types\/post"}],"author":[{"embeddable":true,"href":"https:\/\/newsinfoco.com.br\/inicio\/wp-json\/wp\/v2\/users\/1"}],"replies":[{"embeddable":true,"href":"https:\/\/newsinfoco.com.br\/inicio\/wp-json\/wp\/v2\/comments?post=12581"}],"version-history":[{"count":0,"href":"https:\/\/newsinfoco.com.br\/inicio\/wp-json\/wp\/v2\/posts\/12581\/revisions"}],"wp:featuredmedia":[{"embeddable":true,"href":"https:\/\/newsinfoco.com.br\/inicio\/wp-json\/wp\/v2\/media\/12582"}],"wp:attachment":[{"href":"https:\/\/newsinfoco.com.br\/inicio\/wp-json\/wp\/v2\/media?parent=12581"}],"wp:term":[{"taxonomy":"category","embeddable":true,"href":"https:\/\/newsinfoco.com.br\/inicio\/wp-json\/wp\/v2\/categories?post=12581"},{"taxonomy":"post_tag","embeddable":true,"href":"https:\/\/newsinfoco.com.br\/inicio\/wp-json\/wp\/v2\/tags?post=12581"}],"curies":[{"name":"wp","href":"https:\/\/api.w.org\/{rel}","templated":true}]}}