{"id":12585,"date":"2019-01-06T21:04:50","date_gmt":"2019-01-06T23:04:50","guid":{"rendered":"http:\/\/newsinfoco.com.br\/?p=12585"},"modified":"2019-01-06T21:04:50","modified_gmt":"2019-01-06T23:04:50","slug":"prefeito-de-feira-de-santana-diz-que-rui-costa-socorre-ceara-mas-esquece-violencia-em-feira","status":"publish","type":"post","link":"https:\/\/newsinfoco.com.br\/inicio\/prefeito-de-feira-de-santana-diz-que-rui-costa-socorre-ceara-mas-esquece-violencia-em-feira\/","title":{"rendered":"Prefeito de Feira de Santana diz que Rui Costa socorre Cear\u00e1 mas esquece viol\u00eancia em Feira"},"content":{"rendered":"<p style=\"text-align: justify;\">[sg_popup id=&#8221;11418&#8243; event=&#8221;inherit&#8221;][\/sg_popup]\u201cN\u00e3o h\u00e1 d\u00favida do quadro extremamente grave da seguran\u00e7a p\u00fablica no Cear\u00e1. Mas isto n\u00e3o autoriza o governador Rui Costa a desfalcar a Bahia de dezenas de militares e encaminh\u00e1-los para o Estado vizinho, reduzindo ainda mais um contingente que j\u00e1 \u00e9 insuficiente nas nossas cidades especialmente Feira de Santana\u201d. O coment\u00e1rio foi feito pelo prefeito de Feira, foi Colbert Martins Filho (MDB), a prop\u00f3sito da decis\u00e3o de Rui de enviar uma tropa da PM baiana para socorrer o Cear\u00e1, que vive uma onda de ataques a equipamentos p\u00fablicos por parte do crime organizado.<\/p>\n<p style=\"text-align: justify;\">O gestor da maior cidade baiana lembra os n\u00fameros da viol\u00eancia em Feira, que, segundo ele, de h\u00e1 muito carece de uma a\u00e7\u00e3o mais efetiva do Estado no refor\u00e7o do policiamento. \u201cObservamos que falta vontade pol\u00edtica do governador em atender aos apelos da popula\u00e7\u00e3o de Feira, que clama por mais policiais, mas sobra vontade para ajudar um correligion\u00e1rio petista dele (o governador cearense Camilo Santana), embora tropas federais j\u00e1 houvessem sido destacadas para a miss\u00e3o\u201d. Enquanto isso, de acordo com Colbert Martins Filho, de acordo com as estat\u00edsticas do conceituado rep\u00f3rter policial Aldo Matos, da R\u00e1dio Sociedade de Feira, o munic\u00edpio registrou em 2018 nada menos que 368 homic\u00eddios, incluindo a\u00ed 13 latroc\u00ednios (roubo seguido de morte). Foram 28 mulheres entre as v\u00edtimas. Al\u00e9m de milhares de assaltos a m\u00e3o armada, dezenas de estupros e sequestros rel\u00e2mpagos. Para o prefeito, Rui Costa d\u00e1 uma demonstra\u00e7\u00e3o de que est\u00e1 preocupado com Fortaleza e, mais que isto, com o seu correligion\u00e1rio governador do Estado vizinho. \u201cMas e Feira de Santana, como fica?\u201d questiona.<\/p><div class=\"newsi-conteudo_19\" id=\"newsi-1392050272\"><a href=\"https:\/\/www.instagram.com\/prefeituraalagoinhas?igsh=YzgzdDJ1bWR3aWI4\" aria-label=\"SAVE_20251006_221555\"><img loading=\"lazy\" decoding=\"async\" src=\"https:\/\/newsinfoco.com.br\/inicio\/wp-content\/uploads\/2025\/10\/SAVE_20251006_221555-rotated.jpg\" alt=\"\"  srcset=\"https:\/\/newsinfoco.com.br\/inicio\/wp-content\/uploads\/2025\/10\/SAVE_20251006_221555-rotated.jpg 1140w, https:\/\/newsinfoco.com.br\/inicio\/wp-content\/uploads\/2025\/10\/SAVE_20251006_221555-300x52.jpg 300w, https:\/\/newsinfoco.com.br\/inicio\/wp-content\/uploads\/2025\/10\/SAVE_20251006_221555-1024x177.jpg 1024w, https:\/\/newsinfoco.com.br\/inicio\/wp-content\/uploads\/2025\/10\/SAVE_20251006_221555-768x133.jpg 768w, https:\/\/newsinfoco.com.br\/inicio\/wp-content\/uploads\/2025\/10\/SAVE_20251006_221555-600x104.jpg 600w, https:\/\/newsinfoco.com.br\/inicio\/wp-content\/uploads\/2025\/10\/SAVE_20251006_221555-696x120.jpg 696w, https:\/\/newsinfoco.com.br\/inicio\/wp-content\/uploads\/2025\/10\/SAVE_20251006_221555-1068x185.jpg 1068w\" sizes=\"(max-width: 1140px) 100vw, 1140px\" width=\"1140\" height=\"197\"   \/><\/a><\/div>\n<div class='share-to-whatsapp-wrapper'><div class='share-on-whsp'>Share on: <\/div><a data-text='Prefeito de Feira de Santana diz que Rui Costa socorre Cear\u00e1 mas esquece viol\u00eancia em Feira' data-link='https:\/\/newsinfoco.com.br\/inicio\/prefeito-de-feira-de-santana-diz-que-rui-costa-socorre-ceara-mas-esquece-violencia-em-feira\/' class='whatsapp-button whatsapp-share'>WhatsApp<\/a><div class='clear '><\/div><\/div>","protected":false},"excerpt":{"rendered":"<p>[sg_popup id=&#8221;11418&#8243; event=&#8221;inherit&#8221;][\/sg_popup]\u201cN\u00e3o h\u00e1 d\u00favida do quadro extremamente grave da seguran\u00e7a p\u00fablica no Cear\u00e1. Mas isto n\u00e3o autoriza o governador Rui Costa a desfalcar a Bahia de dezenas de militares e encaminh\u00e1-los para o Estado vizinho, reduzindo ainda mais um contingente que j\u00e1 \u00e9 insuficiente nas nossas cidades especialmente Feira de Santana\u201d. O coment\u00e1rio foi [&hellip;]<\/p>\n","protected":false},"author":1,"featured_media":12586,"comment_status":"open","ping_status":"open","sticky":false,"template":"","format":"standard","meta":{"om_disable_all_campaigns":false,"_exactmetrics_skip_tracking":false,"_exactmetrics_sitenote_active":false,"_exactmetrics_sitenote_note":"","_exactmetrics_sitenote_category":0,"footnotes":""},"categories":[19],"tags":[],"class_list":["post-12585","post","type-post","status-publish","format-standard","has-post-thumbnail","hentry","category-bahia"],"aioseo_notices":[],"_links":{"self":[{"href":"https:\/\/newsinfoco.com.br\/inicio\/wp-json\/wp\/v2\/posts\/12585","targetHints":{"allow":["GET"]}}],"collection":[{"href":"https:\/\/newsinfoco.com.br\/inicio\/wp-json\/wp\/v2\/posts"}],"about":[{"href":"https:\/\/newsinfoco.com.br\/inicio\/wp-json\/wp\/v2\/types\/post"}],"author":[{"embeddable":true,"href":"https:\/\/newsinfoco.com.br\/inicio\/wp-json\/wp\/v2\/users\/1"}],"replies":[{"embeddable":true,"href":"https:\/\/newsinfoco.com.br\/inicio\/wp-json\/wp\/v2\/comments?post=12585"}],"version-history":[{"count":0,"href":"https:\/\/newsinfoco.com.br\/inicio\/wp-json\/wp\/v2\/posts\/12585\/revisions"}],"wp:featuredmedia":[{"embeddable":true,"href":"https:\/\/newsinfoco.com.br\/inicio\/wp-json\/wp\/v2\/media\/12586"}],"wp:attachment":[{"href":"https:\/\/newsinfoco.com.br\/inicio\/wp-json\/wp\/v2\/media?parent=12585"}],"wp:term":[{"taxonomy":"category","embeddable":true,"href":"https:\/\/newsinfoco.com.br\/inicio\/wp-json\/wp\/v2\/categories?post=12585"},{"taxonomy":"post_tag","embeddable":true,"href":"https:\/\/newsinfoco.com.br\/inicio\/wp-json\/wp\/v2\/tags?post=12585"}],"curies":[{"name":"wp","href":"https:\/\/api.w.org\/{rel}","templated":true}]}}