{"id":12589,"date":"2019-01-07T18:34:31","date_gmt":"2019-01-07T20:34:31","guid":{"rendered":"http:\/\/newsinfoco.com.br\/?p=12589"},"modified":"2019-01-07T18:34:31","modified_gmt":"2019-01-07T20:34:31","slug":"prefeito-joaquim-neto-anuncia-construcao-de-hospital-municipal-e-da-nova-maternidade-de-alagoinhas","status":"publish","type":"post","link":"https:\/\/newsinfoco.com.br\/inicio\/prefeito-joaquim-neto-anuncia-construcao-de-hospital-municipal-e-da-nova-maternidade-de-alagoinhas\/","title":{"rendered":"Prefeito Joaquim Neto anuncia constru\u00e7\u00e3o de Hospital Municipal e da nova maternidade de Alagoinhas"},"content":{"rendered":"<p style=\"text-align: justify;\">[sg_popup id=&#8221;11418&#8243; event=&#8221;inherit&#8221;][\/sg_popup]Antigo anseio da popula\u00e7\u00e3o de Alagoinhas e um dos compromissos de campanha assumidos pelo prefeito Joaquim Neto, a constru\u00e7\u00e3o do Hospital Municipal foi anunciada na manh\u00e3 desta segunda-feira (07). Outro projeto destacado foi a constru\u00e7\u00e3o de uma nova maternidade municipal, que funcionar\u00e1 anexo \u00e0 unidade hospitalar.<\/p>\n<p style=\"text-align: justify;\">De acordo com o prefeito, as obras ser\u00e3o realizadas em parceria com a iniciativa privada. \u201cEstamos em fase de finaliza\u00e7\u00e3o dos projetos e j\u00e1 temos alguns locais selecionados para a instala\u00e7\u00e3o dos empreendimentos, que v\u00eam para solucionar tanto os problemas de atendimento aos casos de baixa complexidade, quanto de superlota\u00e7\u00e3o e falta de estrutura que afetam a maternidade, hoje respons\u00e1vel por 100% dos partos de pacientes de Alagoinhas e de mais de 33 munic\u00edpios realizados via Sistema \u00danico de Sa\u00fade (SUS), explicou o prefeito.<\/p><div class=\"newsi-conteudo_19\" id=\"newsi-3743533219\"><a href=\"https:\/\/www.instagram.com\/prefeituraalagoinhas?igsh=YzgzdDJ1bWR3aWI4\" aria-label=\"SAVE_20251006_221555\"><img loading=\"lazy\" decoding=\"async\" src=\"https:\/\/newsinfoco.com.br\/inicio\/wp-content\/uploads\/2025\/10\/SAVE_20251006_221555-rotated.jpg\" alt=\"\"  srcset=\"https:\/\/newsinfoco.com.br\/inicio\/wp-content\/uploads\/2025\/10\/SAVE_20251006_221555-rotated.jpg 1140w, https:\/\/newsinfoco.com.br\/inicio\/wp-content\/uploads\/2025\/10\/SAVE_20251006_221555-300x52.jpg 300w, https:\/\/newsinfoco.com.br\/inicio\/wp-content\/uploads\/2025\/10\/SAVE_20251006_221555-1024x177.jpg 1024w, https:\/\/newsinfoco.com.br\/inicio\/wp-content\/uploads\/2025\/10\/SAVE_20251006_221555-768x133.jpg 768w, https:\/\/newsinfoco.com.br\/inicio\/wp-content\/uploads\/2025\/10\/SAVE_20251006_221555-600x104.jpg 600w, https:\/\/newsinfoco.com.br\/inicio\/wp-content\/uploads\/2025\/10\/SAVE_20251006_221555-696x120.jpg 696w, https:\/\/newsinfoco.com.br\/inicio\/wp-content\/uploads\/2025\/10\/SAVE_20251006_221555-1068x185.jpg 1068w\" sizes=\"(max-width: 1140px) 100vw, 1140px\" width=\"1140\" height=\"197\"   \/><\/a><\/div>\n<p style=\"text-align: justify;\">Tamb\u00e9m nesta segunda-feira foi anunciada outra importante obra para o munic\u00edpio, desta vez, na \u00e1rea de Saneamento Ambiental. Com investimentos na ordem de R$ 2 mi, ainda este ano, a Lagoa da Fonte dos Padres passar\u00e1 por servi\u00e7os de despolui\u00e7\u00e3o e ser\u00e1 beneficiada com a constru\u00e7\u00e3o de um parque p\u00fablico.<\/p>\n<h6 style=\"text-align: right;\">Secom Alagoinhas<\/h6>\n<div class='share-to-whatsapp-wrapper'><div class='share-on-whsp'>Share on: <\/div><a data-text='Prefeito Joaquim Neto anuncia constru\u00e7\u00e3o de Hospital Municipal e da nova maternidade de Alagoinhas' data-link='https:\/\/newsinfoco.com.br\/inicio\/prefeito-joaquim-neto-anuncia-construcao-de-hospital-municipal-e-da-nova-maternidade-de-alagoinhas\/' class='whatsapp-button whatsapp-share'>WhatsApp<\/a><div class='clear '><\/div><\/div>","protected":false},"excerpt":{"rendered":"<p>[sg_popup id=&#8221;11418&#8243; event=&#8221;inherit&#8221;][\/sg_popup]Antigo anseio da popula\u00e7\u00e3o de Alagoinhas e um dos compromissos de campanha assumidos pelo prefeito Joaquim Neto, a constru\u00e7\u00e3o do Hospital Municipal foi anunciada na manh\u00e3 desta segunda-feira (07). Outro projeto destacado foi a constru\u00e7\u00e3o de uma nova maternidade municipal, que funcionar\u00e1 anexo \u00e0 unidade hospitalar. De acordo com o prefeito, as obras [&hellip;]<\/p>\n","protected":false},"author":1,"featured_media":12590,"comment_status":"open","ping_status":"open","sticky":false,"template":"","format":"standard","meta":{"om_disable_all_campaigns":false,"_exactmetrics_skip_tracking":false,"_exactmetrics_sitenote_active":false,"_exactmetrics_sitenote_note":"","_exactmetrics_sitenote_category":0,"footnotes":""},"categories":[38,30],"tags":[],"class_list":["post-12589","post","type-post","status-publish","format-standard","has-post-thumbnail","hentry","category-alagoinhas-e-regiao","category-destaque"],"aioseo_notices":[],"_links":{"self":[{"href":"https:\/\/newsinfoco.com.br\/inicio\/wp-json\/wp\/v2\/posts\/12589","targetHints":{"allow":["GET"]}}],"collection":[{"href":"https:\/\/newsinfoco.com.br\/inicio\/wp-json\/wp\/v2\/posts"}],"about":[{"href":"https:\/\/newsinfoco.com.br\/inicio\/wp-json\/wp\/v2\/types\/post"}],"author":[{"embeddable":true,"href":"https:\/\/newsinfoco.com.br\/inicio\/wp-json\/wp\/v2\/users\/1"}],"replies":[{"embeddable":true,"href":"https:\/\/newsinfoco.com.br\/inicio\/wp-json\/wp\/v2\/comments?post=12589"}],"version-history":[{"count":0,"href":"https:\/\/newsinfoco.com.br\/inicio\/wp-json\/wp\/v2\/posts\/12589\/revisions"}],"wp:featuredmedia":[{"embeddable":true,"href":"https:\/\/newsinfoco.com.br\/inicio\/wp-json\/wp\/v2\/media\/12590"}],"wp:attachment":[{"href":"https:\/\/newsinfoco.com.br\/inicio\/wp-json\/wp\/v2\/media?parent=12589"}],"wp:term":[{"taxonomy":"category","embeddable":true,"href":"https:\/\/newsinfoco.com.br\/inicio\/wp-json\/wp\/v2\/categories?post=12589"},{"taxonomy":"post_tag","embeddable":true,"href":"https:\/\/newsinfoco.com.br\/inicio\/wp-json\/wp\/v2\/tags?post=12589"}],"curies":[{"name":"wp","href":"https:\/\/api.w.org\/{rel}","templated":true}]}}