{"id":12595,"date":"2019-01-07T19:40:12","date_gmt":"2019-01-07T21:40:12","guid":{"rendered":"http:\/\/newsinfoco.com.br\/?p=12595"},"modified":"2019-01-07T19:40:12","modified_gmt":"2019-01-07T21:40:12","slug":"alice-portugal-pede-esclarecimentos-a-rodrigo-maia-sobre-invasao-de-gabinete","status":"publish","type":"post","link":"https:\/\/newsinfoco.com.br\/inicio\/alice-portugal-pede-esclarecimentos-a-rodrigo-maia-sobre-invasao-de-gabinete\/","title":{"rendered":"Alice Portugal pede esclarecimentos a Rodrigo Maia sobre invas\u00e3o de gabinete"},"content":{"rendered":"<p style=\"text-align: justify;\">[sg_popup id=&#8221;11418&#8243; event=&#8221;inherit&#8221;][\/sg_popup]A deputada federal Alice Portugal (PCdoB) vai pedir, nesta segunda-feira (7), esclarecimentos sobre a invas\u00e3o que ocorreu no seu gabinete durante o per\u00edodo do recesso da C\u00e2mara dos Deputados.<\/p>\n<p style=\"text-align: justify;\">\u201cEstou enviando hoje [segunda] uma solicita\u00e7\u00e3o de esclarecimento ao presidente da Casa, Rodrigo Maia (DEM). Ele n\u00e3o poderia ter sido leniente. Ele teria que localizar os deputados. Eles t\u00eam meu telefone. O que houve foi uma viola\u00e7\u00e3o a absurda e isso ter\u00e1 que ser discutido\u201d, afirmou a parlamentar na manh\u00e3 desta segunda. Alice ainda disse que somente os gabinetes dos parlamentares da oposi\u00e7\u00e3o foram violados.<\/p><div class=\"newsi-conteudo_19\" id=\"newsi-763779607\"><a href=\"https:\/\/www.instagram.com\/prefeituraalagoinhas?igsh=YzgzdDJ1bWR3aWI4\" aria-label=\"SAVE_20251006_221555\"><img loading=\"lazy\" decoding=\"async\" src=\"https:\/\/newsinfoco.com.br\/inicio\/wp-content\/uploads\/2025\/10\/SAVE_20251006_221555-rotated.jpg\" alt=\"\"  srcset=\"https:\/\/newsinfoco.com.br\/inicio\/wp-content\/uploads\/2025\/10\/SAVE_20251006_221555-rotated.jpg 1140w, https:\/\/newsinfoco.com.br\/inicio\/wp-content\/uploads\/2025\/10\/SAVE_20251006_221555-300x52.jpg 300w, https:\/\/newsinfoco.com.br\/inicio\/wp-content\/uploads\/2025\/10\/SAVE_20251006_221555-1024x177.jpg 1024w, https:\/\/newsinfoco.com.br\/inicio\/wp-content\/uploads\/2025\/10\/SAVE_20251006_221555-768x133.jpg 768w, https:\/\/newsinfoco.com.br\/inicio\/wp-content\/uploads\/2025\/10\/SAVE_20251006_221555-600x104.jpg 600w, https:\/\/newsinfoco.com.br\/inicio\/wp-content\/uploads\/2025\/10\/SAVE_20251006_221555-696x120.jpg 696w, https:\/\/newsinfoco.com.br\/inicio\/wp-content\/uploads\/2025\/10\/SAVE_20251006_221555-1068x185.jpg 1068w\" sizes=\"(max-width: 1140px) 100vw, 1140px\" width=\"1140\" height=\"197\"   \/><\/a><\/div>\n<p style=\"text-align: justify;\">\u201cTomamos conhecimento que o gabinete foi invadido para travar as persianas externas no dia da posse, mas eu n\u00e3o tenho nenhuma rela\u00e7\u00e3o com isso. Meu gabinete fica na frente para Esplanada, mas somente os de esquerda foram invadidos\u201d, concluiu ela.<\/p>\n<p style=\"text-align: right;\">Por Milena Teixeira \/ Matheus Morais para o Bahia.ba<\/p>\n<div class='share-to-whatsapp-wrapper'><div class='share-on-whsp'>Share on: <\/div><a data-text='Alice Portugal pede esclarecimentos a Rodrigo Maia sobre invas\u00e3o de gabinete' data-link='https:\/\/newsinfoco.com.br\/inicio\/alice-portugal-pede-esclarecimentos-a-rodrigo-maia-sobre-invasao-de-gabinete\/' class='whatsapp-button whatsapp-share'>WhatsApp<\/a><div class='clear '><\/div><\/div>","protected":false},"excerpt":{"rendered":"<p>[sg_popup id=&#8221;11418&#8243; event=&#8221;inherit&#8221;][\/sg_popup]A deputada federal Alice Portugal (PCdoB) vai pedir, nesta segunda-feira (7), esclarecimentos sobre a invas\u00e3o que ocorreu no seu gabinete durante o per\u00edodo do recesso da C\u00e2mara dos Deputados. \u201cEstou enviando hoje [segunda] uma solicita\u00e7\u00e3o de esclarecimento ao presidente da Casa, Rodrigo Maia (DEM). Ele n\u00e3o poderia ter sido leniente. Ele teria que [&hellip;]<\/p>\n","protected":false},"author":1,"featured_media":12596,"comment_status":"open","ping_status":"open","sticky":false,"template":"","format":"standard","meta":{"om_disable_all_campaigns":false,"_exactmetrics_skip_tracking":false,"_exactmetrics_sitenote_active":false,"_exactmetrics_sitenote_note":"","_exactmetrics_sitenote_category":0,"footnotes":""},"categories":[19],"tags":[],"class_list":["post-12595","post","type-post","status-publish","format-standard","has-post-thumbnail","hentry","category-bahia"],"aioseo_notices":[],"_links":{"self":[{"href":"https:\/\/newsinfoco.com.br\/inicio\/wp-json\/wp\/v2\/posts\/12595","targetHints":{"allow":["GET"]}}],"collection":[{"href":"https:\/\/newsinfoco.com.br\/inicio\/wp-json\/wp\/v2\/posts"}],"about":[{"href":"https:\/\/newsinfoco.com.br\/inicio\/wp-json\/wp\/v2\/types\/post"}],"author":[{"embeddable":true,"href":"https:\/\/newsinfoco.com.br\/inicio\/wp-json\/wp\/v2\/users\/1"}],"replies":[{"embeddable":true,"href":"https:\/\/newsinfoco.com.br\/inicio\/wp-json\/wp\/v2\/comments?post=12595"}],"version-history":[{"count":0,"href":"https:\/\/newsinfoco.com.br\/inicio\/wp-json\/wp\/v2\/posts\/12595\/revisions"}],"wp:featuredmedia":[{"embeddable":true,"href":"https:\/\/newsinfoco.com.br\/inicio\/wp-json\/wp\/v2\/media\/12596"}],"wp:attachment":[{"href":"https:\/\/newsinfoco.com.br\/inicio\/wp-json\/wp\/v2\/media?parent=12595"}],"wp:term":[{"taxonomy":"category","embeddable":true,"href":"https:\/\/newsinfoco.com.br\/inicio\/wp-json\/wp\/v2\/categories?post=12595"},{"taxonomy":"post_tag","embeddable":true,"href":"https:\/\/newsinfoco.com.br\/inicio\/wp-json\/wp\/v2\/tags?post=12595"}],"curies":[{"name":"wp","href":"https:\/\/api.w.org\/{rel}","templated":true}]}}