{"id":12602,"date":"2019-01-07T19:45:57","date_gmt":"2019-01-07T21:45:57","guid":{"rendered":"http:\/\/newsinfoco.com.br\/?p=12602"},"modified":"2019-01-07T19:49:19","modified_gmt":"2019-01-07T21:49:19","slug":"os-criminosos-tambem-nao-gostaram-diz-rui-ao-rebater-oposicao-sobre-pms-no-ce","status":"publish","type":"post","link":"https:\/\/newsinfoco.com.br\/inicio\/os-criminosos-tambem-nao-gostaram-diz-rui-ao-rebater-oposicao-sobre-pms-no-ce\/","title":{"rendered":"\u2018Os criminosos tamb\u00e9m n\u00e3o gostaram\u2019, diz Rui ao rebater oposi\u00e7\u00e3o sobre PMs no CE"},"content":{"rendered":"<p style=\"text-align: justify;\">[sg_popup id=&#8221;11418&#8243; event=&#8221;inherit&#8221;][\/sg_popup]Em rea\u00e7\u00e3o a cr\u00edticas da oposi\u00e7\u00e3o, o governador Rui Costa (PT) afirmou nesta segunda-feira (7) que \u201cos criminosos tamb\u00e9m n\u00e3o gostaram\u201d da sua decis\u00e3o de enviar 100 PMs baianos para o estado do Cear\u00e1 \u2014que vive uma onda de viol\u00eancia desde a \u00faltima quarta-feira (2). \u201cOs criminosos tamb\u00e9m n\u00e3o gostaram da medida porque o que n\u00f3s estamos pregando, e vamos colocar em pr\u00e1tica, \u00e9 a uni\u00e3o do Nordestino contra os crimes. A uni\u00e3o do povo nordestino contra as mortes. A uni\u00e3o do povo nordestino contra a barb\u00e1rie. E n\u00f3s vamos colocar isso em pr\u00e1tica\u201d, disse Rui. Na avalia\u00e7\u00e3o de parlamentares oposicionistas, a medida, por\u00e9m, representa uma esp\u00e9cie de desfalque na corpora\u00e7\u00e3o baiana.<\/p>\n<p style=\"text-align: justify;\"><strong>Cons\u00f3rcio<\/strong> &#8211; Rui Costa afirmou que, no pr\u00f3ximo encontro com governadores do Nordeste, vai propor que os estados da regi\u00e3o firmem um cons\u00f3rcio na \u00e1rea de seguran\u00e7a. \u201cNo fim do m\u00eas, na reuni\u00e3o dos governadores dos Nordeste, eu vou levara a sugest\u00e3o de um cons\u00f3rcio nordestino para v\u00e1rios servi\u00e7os, inclusive um cons\u00f3rcio nordestino para a \u00e1rea de seguran\u00e7a. Isso pode envolver, por exemplo, a compra de equipamento para uso comum, compra e avi\u00f5es para transporte de tropas. Vou pregar que a gente formalize isso de forma permanente, atrav\u00e9s de instrumento jur\u00eddico chamado cons\u00f3rcio\u201d, afirmou o governador.<\/p><div class=\"newsi-conteudo_19\" id=\"newsi-3994032685\"><a href=\"https:\/\/www.instagram.com\/prefeituraalagoinhas?igsh=YzgzdDJ1bWR3aWI4\" aria-label=\"SAVE_20251006_221555\"><img loading=\"lazy\" decoding=\"async\" src=\"https:\/\/newsinfoco.com.br\/inicio\/wp-content\/uploads\/2025\/10\/SAVE_20251006_221555-rotated.jpg\" alt=\"\"  srcset=\"https:\/\/newsinfoco.com.br\/inicio\/wp-content\/uploads\/2025\/10\/SAVE_20251006_221555-rotated.jpg 1140w, https:\/\/newsinfoco.com.br\/inicio\/wp-content\/uploads\/2025\/10\/SAVE_20251006_221555-300x52.jpg 300w, https:\/\/newsinfoco.com.br\/inicio\/wp-content\/uploads\/2025\/10\/SAVE_20251006_221555-1024x177.jpg 1024w, https:\/\/newsinfoco.com.br\/inicio\/wp-content\/uploads\/2025\/10\/SAVE_20251006_221555-768x133.jpg 768w, https:\/\/newsinfoco.com.br\/inicio\/wp-content\/uploads\/2025\/10\/SAVE_20251006_221555-600x104.jpg 600w, https:\/\/newsinfoco.com.br\/inicio\/wp-content\/uploads\/2025\/10\/SAVE_20251006_221555-696x120.jpg 696w, https:\/\/newsinfoco.com.br\/inicio\/wp-content\/uploads\/2025\/10\/SAVE_20251006_221555-1068x185.jpg 1068w\" sizes=\"(max-width: 1140px) 100vw, 1140px\" width=\"1140\" height=\"197\"   \/><\/a><\/div>\n<p style=\"text-align: right;\">Alexandre Santos \/ Matheus Morais para o Bahia.ba<\/p>\n<div class='share-to-whatsapp-wrapper'><div class='share-on-whsp'>Share on: <\/div><a data-text='\u2018Os criminosos tamb\u00e9m n\u00e3o gostaram\u2019, diz Rui ao rebater oposi\u00e7\u00e3o sobre PMs no CE' data-link='https:\/\/newsinfoco.com.br\/inicio\/os-criminosos-tambem-nao-gostaram-diz-rui-ao-rebater-oposicao-sobre-pms-no-ce\/' class='whatsapp-button whatsapp-share'>WhatsApp<\/a><div class='clear '><\/div><\/div>","protected":false},"excerpt":{"rendered":"<p>[sg_popup id=&#8221;11418&#8243; event=&#8221;inherit&#8221;][\/sg_popup]Em rea\u00e7\u00e3o a cr\u00edticas da oposi\u00e7\u00e3o, o governador Rui Costa (PT) afirmou nesta segunda-feira (7) que \u201cos criminosos tamb\u00e9m n\u00e3o gostaram\u201d da sua decis\u00e3o de enviar 100 PMs baianos para o estado do Cear\u00e1 \u2014que vive uma onda de viol\u00eancia desde a \u00faltima quarta-feira (2). \u201cOs criminosos tamb\u00e9m n\u00e3o gostaram da medida porque [&hellip;]<\/p>\n","protected":false},"author":1,"featured_media":12603,"comment_status":"open","ping_status":"open","sticky":false,"template":"","format":"standard","meta":{"om_disable_all_campaigns":false,"_exactmetrics_skip_tracking":false,"_exactmetrics_sitenote_active":false,"_exactmetrics_sitenote_note":"","_exactmetrics_sitenote_category":0,"footnotes":""},"categories":[19],"tags":[],"class_list":["post-12602","post","type-post","status-publish","format-standard","has-post-thumbnail","hentry","category-bahia"],"aioseo_notices":[],"_links":{"self":[{"href":"https:\/\/newsinfoco.com.br\/inicio\/wp-json\/wp\/v2\/posts\/12602","targetHints":{"allow":["GET"]}}],"collection":[{"href":"https:\/\/newsinfoco.com.br\/inicio\/wp-json\/wp\/v2\/posts"}],"about":[{"href":"https:\/\/newsinfoco.com.br\/inicio\/wp-json\/wp\/v2\/types\/post"}],"author":[{"embeddable":true,"href":"https:\/\/newsinfoco.com.br\/inicio\/wp-json\/wp\/v2\/users\/1"}],"replies":[{"embeddable":true,"href":"https:\/\/newsinfoco.com.br\/inicio\/wp-json\/wp\/v2\/comments?post=12602"}],"version-history":[{"count":0,"href":"https:\/\/newsinfoco.com.br\/inicio\/wp-json\/wp\/v2\/posts\/12602\/revisions"}],"wp:featuredmedia":[{"embeddable":true,"href":"https:\/\/newsinfoco.com.br\/inicio\/wp-json\/wp\/v2\/media\/12603"}],"wp:attachment":[{"href":"https:\/\/newsinfoco.com.br\/inicio\/wp-json\/wp\/v2\/media?parent=12602"}],"wp:term":[{"taxonomy":"category","embeddable":true,"href":"https:\/\/newsinfoco.com.br\/inicio\/wp-json\/wp\/v2\/categories?post=12602"},{"taxonomy":"post_tag","embeddable":true,"href":"https:\/\/newsinfoco.com.br\/inicio\/wp-json\/wp\/v2\/tags?post=12602"}],"curies":[{"name":"wp","href":"https:\/\/api.w.org\/{rel}","templated":true}]}}