{"id":12612,"date":"2019-01-08T19:05:11","date_gmt":"2019-01-08T21:05:11","guid":{"rendered":"http:\/\/newsinfoco.com.br\/?p=12612"},"modified":"2019-01-08T19:08:12","modified_gmt":"2019-01-08T21:08:12","slug":"com-gol-no-segundo-tempo-atletico-de-alagoinhas-vence-amistoso-contra-o-time-sub-23-do-vitoria","status":"publish","type":"post","link":"https:\/\/newsinfoco.com.br\/inicio\/com-gol-no-segundo-tempo-atletico-de-alagoinhas-vence-amistoso-contra-o-time-sub-23-do-vitoria\/","title":{"rendered":"Com gol no segundo tempo, Atl\u00e9tico de Alagoinhas vence amistoso contra o time sub 23 do Vit\u00f3ria"},"content":{"rendered":"<p style=\"text-align: justify;\">[sg_popup id=&#8221;11418&#8243; event=&#8221;inherit&#8221;][\/sg_popup]O Atl\u00e9tico de Alagoinhas foi ao est\u00e1dio Manoel Barradas, o Barrad\u00e3o, na tarde desta ter\u00e7a-feira(8) e enfrentou a equipe sub 23 do Vit\u00f3ria, time que o rubro negro deve utilizar em boa parte do Campeonato Baiano. Na oportunidade, o Carcar\u00e1 venceu por 1X0, o gol foi marcado pelo zagueiro Bremer que entrou no segundo tempo. Bremer chutou cruzado de p\u00e9 esquerdo e marcou.<\/p>\n<p style=\"text-align: justify;\">O time de Alagoinhas jogou com a seguinte escala\u00e7\u00e3o: Rodrigo Ramos; Edcarlos, Iran, Alyson e Vicente; Hercules, Sobral , Gabriel Jordan e Rafael Granja; Jo\u00e3o Neto e Peixoto. Na segunda etapa o treinador Arnaldo Lira efetuou varias mudan\u00e7as dando oportunidade aos jogadores que estavam na reserva.<\/p><div class=\"newsi-conteudo_19\" id=\"newsi-3126586330\"><a href=\"https:\/\/www.instagram.com\/prefeituraalagoinhas?igsh=YzgzdDJ1bWR3aWI4\" aria-label=\"SAVE_20251006_221555\"><img loading=\"lazy\" decoding=\"async\" src=\"https:\/\/newsinfoco.com.br\/inicio\/wp-content\/uploads\/2025\/10\/SAVE_20251006_221555-rotated.jpg\" alt=\"\"  srcset=\"https:\/\/newsinfoco.com.br\/inicio\/wp-content\/uploads\/2025\/10\/SAVE_20251006_221555-rotated.jpg 1140w, https:\/\/newsinfoco.com.br\/inicio\/wp-content\/uploads\/2025\/10\/SAVE_20251006_221555-300x52.jpg 300w, https:\/\/newsinfoco.com.br\/inicio\/wp-content\/uploads\/2025\/10\/SAVE_20251006_221555-1024x177.jpg 1024w, https:\/\/newsinfoco.com.br\/inicio\/wp-content\/uploads\/2025\/10\/SAVE_20251006_221555-768x133.jpg 768w, https:\/\/newsinfoco.com.br\/inicio\/wp-content\/uploads\/2025\/10\/SAVE_20251006_221555-600x104.jpg 600w, https:\/\/newsinfoco.com.br\/inicio\/wp-content\/uploads\/2025\/10\/SAVE_20251006_221555-696x120.jpg 696w, https:\/\/newsinfoco.com.br\/inicio\/wp-content\/uploads\/2025\/10\/SAVE_20251006_221555-1068x185.jpg 1068w\" sizes=\"(max-width: 1140px) 100vw, 1140px\" width=\"1140\" height=\"197\"   \/><\/a><\/div>\n<p style=\"text-align: right;\"><span style=\"color: #333333;\">Andr\u00e9 Luiz para o News Infoco<\/span><\/p>\n<div class='share-to-whatsapp-wrapper'><div class='share-on-whsp'>Share on: <\/div><a data-text='Com gol no segundo tempo, Atl\u00e9tico de Alagoinhas vence amistoso contra o time sub 23 do Vit\u00f3ria' data-link='https:\/\/newsinfoco.com.br\/inicio\/com-gol-no-segundo-tempo-atletico-de-alagoinhas-vence-amistoso-contra-o-time-sub-23-do-vitoria\/' class='whatsapp-button whatsapp-share'>WhatsApp<\/a><div class='clear '><\/div><\/div>","protected":false},"excerpt":{"rendered":"<p>[sg_popup id=&#8221;11418&#8243; event=&#8221;inherit&#8221;][\/sg_popup]O Atl\u00e9tico de Alagoinhas foi ao est\u00e1dio Manoel Barradas, o Barrad\u00e3o, na tarde desta ter\u00e7a-feira(8) e enfrentou a equipe sub 23 do Vit\u00f3ria, time que o rubro negro deve utilizar em boa parte do Campeonato Baiano. Na oportunidade, o Carcar\u00e1 venceu por 1X0, o gol foi marcado pelo zagueiro Bremer que entrou no [&hellip;]<\/p>\n","protected":false},"author":1,"featured_media":12613,"comment_status":"open","ping_status":"open","sticky":false,"template":"","format":"standard","meta":{"om_disable_all_campaigns":false,"_exactmetrics_skip_tracking":false,"_exactmetrics_sitenote_active":false,"_exactmetrics_sitenote_note":"","_exactmetrics_sitenote_category":0,"footnotes":""},"categories":[30,36],"tags":[],"class_list":["post-12612","post","type-post","status-publish","format-standard","has-post-thumbnail","hentry","category-destaque","category-esporte"],"aioseo_notices":[],"_links":{"self":[{"href":"https:\/\/newsinfoco.com.br\/inicio\/wp-json\/wp\/v2\/posts\/12612","targetHints":{"allow":["GET"]}}],"collection":[{"href":"https:\/\/newsinfoco.com.br\/inicio\/wp-json\/wp\/v2\/posts"}],"about":[{"href":"https:\/\/newsinfoco.com.br\/inicio\/wp-json\/wp\/v2\/types\/post"}],"author":[{"embeddable":true,"href":"https:\/\/newsinfoco.com.br\/inicio\/wp-json\/wp\/v2\/users\/1"}],"replies":[{"embeddable":true,"href":"https:\/\/newsinfoco.com.br\/inicio\/wp-json\/wp\/v2\/comments?post=12612"}],"version-history":[{"count":0,"href":"https:\/\/newsinfoco.com.br\/inicio\/wp-json\/wp\/v2\/posts\/12612\/revisions"}],"wp:featuredmedia":[{"embeddable":true,"href":"https:\/\/newsinfoco.com.br\/inicio\/wp-json\/wp\/v2\/media\/12613"}],"wp:attachment":[{"href":"https:\/\/newsinfoco.com.br\/inicio\/wp-json\/wp\/v2\/media?parent=12612"}],"wp:term":[{"taxonomy":"category","embeddable":true,"href":"https:\/\/newsinfoco.com.br\/inicio\/wp-json\/wp\/v2\/categories?post=12612"},{"taxonomy":"post_tag","embeddable":true,"href":"https:\/\/newsinfoco.com.br\/inicio\/wp-json\/wp\/v2\/tags?post=12612"}],"curies":[{"name":"wp","href":"https:\/\/api.w.org\/{rel}","templated":true}]}}