{"id":12620,"date":"2019-01-08T20:31:07","date_gmt":"2019-01-08T22:31:07","guid":{"rendered":"http:\/\/newsinfoco.com.br\/?p=12620"},"modified":"2019-01-08T20:31:07","modified_gmt":"2019-01-08T22:31:07","slug":"ex-secretaria-de-saude-de-entre-rios-wilma-vergasta-se-dedicara-a-consultoria-em-gestoes-municipais","status":"publish","type":"post","link":"https:\/\/newsinfoco.com.br\/inicio\/ex-secretaria-de-saude-de-entre-rios-wilma-vergasta-se-dedicara-a-consultoria-em-gestoes-municipais\/","title":{"rendered":"Ex-secretaria de sa\u00fade de Entre Rios, Wilma Vergasta, se dedicar\u00e1 \u00e0 consultoria em gest\u00f5es municipais"},"content":{"rendered":"<p style=\"text-align: justify;\">[sg_popup id=&#8221;11418&#8243; event=&#8221;inherit&#8221;][\/sg_popup]Ap\u00f3s sair do comando da pasta da sa\u00fade na cidade de Entre Rios, Wilma Vergasta deve se dedicar \u00e0 consultorias na \u00e1rea de sa\u00fade, principalmente nas gest\u00f5es municipais. Conforme apurou o site News Infoco, Wilma tamb\u00e9m tem sido sondada para assumir a secretaria municipal de Catu e de Sim\u00f5es Filho ou um cargo no Governo do Estado, onde \u00e9 bem vista por integrantes do governo Rui Costa.\u00a0Wilma Vergasta deixa a secretaria municipal de sa\u00fade de Entre Rios com grandes avan\u00e7os. Durante sua gest\u00e3o foi inaugurada a nova sede da Secretaria Municipal de Sa\u00fade (SESAU) da cidade, que agora conta com salas climatizadas e informatizadas, setores individuais, incluindo coordena\u00e7\u00f5es e farm\u00e1cia b\u00e1sica. Ainda na nova SESAU, foi implantado o centro de especialidades que conta com atendimentos na \u00e1rea de dermatologia, angiologia, pediatria, nutri\u00e7\u00e3o, fisioterapia, fonoaudiologia, ginecologia, obstetr\u00edcia, ultrassonografias e eletrocardiogramas.<\/p>\n<p style=\"text-align: justify;\">Wilma tamb\u00e9m foi respons\u00e1vel pela conquista de uma sala de parto completa, equipamentos de estabiliza\u00e7\u00e3o, equipamentos mobili\u00e1rios para o centro cir\u00fargico, reforma da pediatria, climatiza\u00e7\u00e3o dos leitos, outro aparelho de raio-x, gerador, lavanderia e duas Ambul\u00e2ncias(Semi \u00daTI e uma simples) na reforma do Hospital Municipal Professor Edgard Santos. A ex-secret\u00e1ria tamb\u00e9m trabalhou e conseguiu a aprova\u00e7\u00e3o da implanta\u00e7\u00e3o do N\u00facleo de Apoio \u00e0 Sa\u00fade da fam\u00edlia (NASF), realizou mutir\u00f5es de cirurgias eletivas, odontol\u00f3gicas e mamografias; al\u00e9m de promover abertura de atendimento m\u00e9dico em Massarandupi\u00f3 e inaugurar Postos de Sa\u00fade no Bairro dos Funcion\u00e1rios P\u00fablicos, na Sede do Munic\u00edpio, no litoral de Suba\u00fama e no Distrito de Rio Preto, entre outros.<\/p><div class=\"newsi-conteudo_19\" id=\"newsi-1931969054\"><a href=\"https:\/\/www.instagram.com\/prefeituraalagoinhas?igsh=YzgzdDJ1bWR3aWI4\" aria-label=\"SAVE_20251006_221555\"><img loading=\"lazy\" decoding=\"async\" src=\"https:\/\/newsinfoco.com.br\/inicio\/wp-content\/uploads\/2025\/10\/SAVE_20251006_221555-rotated.jpg\" alt=\"\"  srcset=\"https:\/\/newsinfoco.com.br\/inicio\/wp-content\/uploads\/2025\/10\/SAVE_20251006_221555-rotated.jpg 1140w, https:\/\/newsinfoco.com.br\/inicio\/wp-content\/uploads\/2025\/10\/SAVE_20251006_221555-300x52.jpg 300w, https:\/\/newsinfoco.com.br\/inicio\/wp-content\/uploads\/2025\/10\/SAVE_20251006_221555-1024x177.jpg 1024w, https:\/\/newsinfoco.com.br\/inicio\/wp-content\/uploads\/2025\/10\/SAVE_20251006_221555-768x133.jpg 768w, https:\/\/newsinfoco.com.br\/inicio\/wp-content\/uploads\/2025\/10\/SAVE_20251006_221555-600x104.jpg 600w, https:\/\/newsinfoco.com.br\/inicio\/wp-content\/uploads\/2025\/10\/SAVE_20251006_221555-696x120.jpg 696w, https:\/\/newsinfoco.com.br\/inicio\/wp-content\/uploads\/2025\/10\/SAVE_20251006_221555-1068x185.jpg 1068w\" sizes=\"(max-width: 1140px) 100vw, 1140px\" width=\"1140\" height=\"197\"   \/><\/a><\/div>\n<h6 style=\"text-align: right;\">Por Caio Pimenta para o News Infoco<\/h6>\n<div class='share-to-whatsapp-wrapper'><div class='share-on-whsp'>Share on: <\/div><a data-text='Ex-secretaria de sa\u00fade de Entre Rios, Wilma Vergasta, se dedicar\u00e1 \u00e0 consultoria em gest\u00f5es municipais' data-link='https:\/\/newsinfoco.com.br\/inicio\/ex-secretaria-de-saude-de-entre-rios-wilma-vergasta-se-dedicara-a-consultoria-em-gestoes-municipais\/' class='whatsapp-button whatsapp-share'>WhatsApp<\/a><div class='clear '><\/div><\/div>","protected":false},"excerpt":{"rendered":"<p>[sg_popup id=&#8221;11418&#8243; event=&#8221;inherit&#8221;][\/sg_popup]Ap\u00f3s sair do comando da pasta da sa\u00fade na cidade de Entre Rios, Wilma Vergasta deve se dedicar \u00e0 consultorias na \u00e1rea de sa\u00fade, principalmente nas gest\u00f5es municipais. Conforme apurou o site News Infoco, Wilma tamb\u00e9m tem sido sondada para assumir a secretaria municipal de Catu e de Sim\u00f5es Filho ou um cargo [&hellip;]<\/p>\n","protected":false},"author":1,"featured_media":12621,"comment_status":"open","ping_status":"open","sticky":false,"template":"","format":"standard","meta":{"om_disable_all_campaigns":false,"_exactmetrics_skip_tracking":false,"_exactmetrics_sitenote_active":false,"_exactmetrics_sitenote_note":"","_exactmetrics_sitenote_category":0,"footnotes":""},"categories":[38,30],"tags":[],"class_list":["post-12620","post","type-post","status-publish","format-standard","has-post-thumbnail","hentry","category-alagoinhas-e-regiao","category-destaque"],"aioseo_notices":[],"_links":{"self":[{"href":"https:\/\/newsinfoco.com.br\/inicio\/wp-json\/wp\/v2\/posts\/12620","targetHints":{"allow":["GET"]}}],"collection":[{"href":"https:\/\/newsinfoco.com.br\/inicio\/wp-json\/wp\/v2\/posts"}],"about":[{"href":"https:\/\/newsinfoco.com.br\/inicio\/wp-json\/wp\/v2\/types\/post"}],"author":[{"embeddable":true,"href":"https:\/\/newsinfoco.com.br\/inicio\/wp-json\/wp\/v2\/users\/1"}],"replies":[{"embeddable":true,"href":"https:\/\/newsinfoco.com.br\/inicio\/wp-json\/wp\/v2\/comments?post=12620"}],"version-history":[{"count":0,"href":"https:\/\/newsinfoco.com.br\/inicio\/wp-json\/wp\/v2\/posts\/12620\/revisions"}],"wp:featuredmedia":[{"embeddable":true,"href":"https:\/\/newsinfoco.com.br\/inicio\/wp-json\/wp\/v2\/media\/12621"}],"wp:attachment":[{"href":"https:\/\/newsinfoco.com.br\/inicio\/wp-json\/wp\/v2\/media?parent=12620"}],"wp:term":[{"taxonomy":"category","embeddable":true,"href":"https:\/\/newsinfoco.com.br\/inicio\/wp-json\/wp\/v2\/categories?post=12620"},{"taxonomy":"post_tag","embeddable":true,"href":"https:\/\/newsinfoco.com.br\/inicio\/wp-json\/wp\/v2\/tags?post=12620"}],"curies":[{"name":"wp","href":"https:\/\/api.w.org\/{rel}","templated":true}]}}