{"id":12623,"date":"2019-01-08T20:53:42","date_gmt":"2019-01-08T22:53:42","guid":{"rendered":"http:\/\/newsinfoco.com.br\/?p=12623"},"modified":"2019-01-08T20:53:42","modified_gmt":"2019-01-08T22:53:42","slug":"em-parceria-com-a-prefeitura-festival-internacional-de-artistas-de-rua-da-bahia-chega-pela-1a-vez-a-alagoinhas-e-abre-inscricoes-para-grupos-locais","status":"publish","type":"post","link":"https:\/\/newsinfoco.com.br\/inicio\/em-parceria-com-a-prefeitura-festival-internacional-de-artistas-de-rua-da-bahia-chega-pela-1a-vez-a-alagoinhas-e-abre-inscricoes-para-grupos-locais\/","title":{"rendered":"Em parceria com a Prefeitura, Festival Internacional de Artistas de Rua da Bahia chega pela 1\u00aa vez a Alagoinhas e abre inscri\u00e7\u00f5es para grupos locais"},"content":{"rendered":"<p style=\"text-align: justify;\">[sg_popup id=&#8221;11418&#8243; event=&#8221;inherit&#8221;][\/sg_popup]Realizado desde 2002 com apoio do Fundo de Cultura e da Secretaria de Cultura do estado, o Festival Internacional de Artistas de Rua da Bahia chega pela 1\u00aa vez a Alagoinhas, depois de uma parceria com a Prefeitura Municipal. Na 15\u00aa edi\u00e7\u00e3o do evento, al\u00e9m das tradicionais rotas pela capital baiana e por Madre de Deus, o Festival promove encontros em Alagoinhas, nos dias 19 e 20 de mar\u00e7o, e em Len\u00e7\u00f3is, na Chapada Diamantina, nos dias 22 e 23 do mesmo m\u00eas. Os grupos e artistas de Alagoinhas que tiverem interesse em apresentar espet\u00e1culos de dan\u00e7a, performances teatrais, acrobacia, artes pl\u00e1sticas ou ilusionismo t\u00eam at\u00e9 a pr\u00f3xima segunda-feira (14) para fazer a inscri\u00e7\u00e3o pelo site http:\/\/www.festivalderua.com. \u201c\u00c9 a primeira vez que o Festival chega a Alagoinhas, com grupos nacionais e internacionais que ser\u00e3o selecionados. Os espet\u00e1culos s\u00e3o curtos e contamos com o apoio log\u00edstico dos munic\u00edpios. No total, 16 grupos devem se apresentar e a programa\u00e7\u00e3o ser\u00e1 divulgada ap\u00f3s o dia 10 de fevereiro. O Festival Internacional de Artistas de Rua est\u00e1 na 15\u00aa edi\u00e7\u00e3o e as apresenta\u00e7\u00f5es j\u00e1 fazem parte do calend\u00e1rio cultural da Bahia\u201d, afirmou a diretora geral Selma Santos.<\/p>\n<p style=\"text-align: justify;\">A curadoria do Festival \u00e9 do diretor art\u00edstico Bernard Snyder e os grupos selecionados ser\u00e3o comunicados at\u00e9 10 de fevereiro. De acordo com a Secretaria Municipal de Cultura (SECET), que intermediou o di\u00e1logo entre poder p\u00fablico municipal e a dire\u00e7\u00e3o do Festival, as apresenta\u00e7\u00f5es, que funcionam no contexto de proximidade direta com o p\u00fablico, misturam poesia, m\u00fasica, arte circense, dan\u00e7a e teatro em uma programa\u00e7\u00e3o de shows vers\u00e1teis, com espa\u00e7o para entretenimento, divers\u00e3o, improviso e intera\u00e7\u00e3o. A SECET enfatizou a import\u00e2ncia da realiza\u00e7\u00e3o para fortalecer as parcerias, ocupar os espa\u00e7os de lazer e fomentar novas iniciativas no \u00e2mbito municipal. Os grupos que se apresentam recebem uma ajuda de custo do Festival, com hospedagem e alimenta\u00e7\u00e3o. O calend\u00e1rio oficial do evento come\u00e7a no dia 14 de mar\u00e7o, em Salvador, e as apresenta\u00e7\u00f5es ser\u00e3o encerradas no dia 23, em Len\u00e7\u00f3is.<\/p><div class=\"newsi-conteudo_19\" id=\"newsi-3521204255\"><a href=\"https:\/\/www.instagram.com\/prefeituraalagoinhas?igsh=YzgzdDJ1bWR3aWI4\" aria-label=\"SAVE_20251006_221555\"><img loading=\"lazy\" decoding=\"async\" src=\"https:\/\/newsinfoco.com.br\/inicio\/wp-content\/uploads\/2025\/10\/SAVE_20251006_221555-rotated.jpg\" alt=\"\"  srcset=\"https:\/\/newsinfoco.com.br\/inicio\/wp-content\/uploads\/2025\/10\/SAVE_20251006_221555-rotated.jpg 1140w, https:\/\/newsinfoco.com.br\/inicio\/wp-content\/uploads\/2025\/10\/SAVE_20251006_221555-300x52.jpg 300w, https:\/\/newsinfoco.com.br\/inicio\/wp-content\/uploads\/2025\/10\/SAVE_20251006_221555-1024x177.jpg 1024w, https:\/\/newsinfoco.com.br\/inicio\/wp-content\/uploads\/2025\/10\/SAVE_20251006_221555-768x133.jpg 768w, https:\/\/newsinfoco.com.br\/inicio\/wp-content\/uploads\/2025\/10\/SAVE_20251006_221555-600x104.jpg 600w, https:\/\/newsinfoco.com.br\/inicio\/wp-content\/uploads\/2025\/10\/SAVE_20251006_221555-696x120.jpg 696w, https:\/\/newsinfoco.com.br\/inicio\/wp-content\/uploads\/2025\/10\/SAVE_20251006_221555-1068x185.jpg 1068w\" sizes=\"(max-width: 1140px) 100vw, 1140px\" width=\"1140\" height=\"197\"   \/><\/a><\/div>\n<h6 style=\"text-align: right;\">Secom Alagoinhas<\/h6>\n<div class='share-to-whatsapp-wrapper'><div class='share-on-whsp'>Share on: <\/div><a data-text='Em parceria com a Prefeitura, Festival Internacional de Artistas de Rua da Bahia chega pela 1\u00aa vez a Alagoinhas e abre inscri\u00e7\u00f5es para grupos locais' data-link='https:\/\/newsinfoco.com.br\/inicio\/em-parceria-com-a-prefeitura-festival-internacional-de-artistas-de-rua-da-bahia-chega-pela-1a-vez-a-alagoinhas-e-abre-inscricoes-para-grupos-locais\/' class='whatsapp-button whatsapp-share'>WhatsApp<\/a><div class='clear '><\/div><\/div>","protected":false},"excerpt":{"rendered":"<p>[sg_popup id=&#8221;11418&#8243; event=&#8221;inherit&#8221;][\/sg_popup]Realizado desde 2002 com apoio do Fundo de Cultura e da Secretaria de Cultura do estado, o Festival Internacional de Artistas de Rua da Bahia chega pela 1\u00aa vez a Alagoinhas, depois de uma parceria com a Prefeitura Municipal. Na 15\u00aa edi\u00e7\u00e3o do evento, al\u00e9m das tradicionais rotas pela capital baiana e por [&hellip;]<\/p>\n","protected":false},"author":1,"featured_media":12624,"comment_status":"open","ping_status":"open","sticky":false,"template":"","format":"standard","meta":{"om_disable_all_campaigns":false,"_exactmetrics_skip_tracking":false,"_exactmetrics_sitenote_active":false,"_exactmetrics_sitenote_note":"","_exactmetrics_sitenote_category":0,"footnotes":""},"categories":[38,30],"tags":[],"class_list":["post-12623","post","type-post","status-publish","format-standard","has-post-thumbnail","hentry","category-alagoinhas-e-regiao","category-destaque"],"aioseo_notices":[],"_links":{"self":[{"href":"https:\/\/newsinfoco.com.br\/inicio\/wp-json\/wp\/v2\/posts\/12623","targetHints":{"allow":["GET"]}}],"collection":[{"href":"https:\/\/newsinfoco.com.br\/inicio\/wp-json\/wp\/v2\/posts"}],"about":[{"href":"https:\/\/newsinfoco.com.br\/inicio\/wp-json\/wp\/v2\/types\/post"}],"author":[{"embeddable":true,"href":"https:\/\/newsinfoco.com.br\/inicio\/wp-json\/wp\/v2\/users\/1"}],"replies":[{"embeddable":true,"href":"https:\/\/newsinfoco.com.br\/inicio\/wp-json\/wp\/v2\/comments?post=12623"}],"version-history":[{"count":0,"href":"https:\/\/newsinfoco.com.br\/inicio\/wp-json\/wp\/v2\/posts\/12623\/revisions"}],"wp:featuredmedia":[{"embeddable":true,"href":"https:\/\/newsinfoco.com.br\/inicio\/wp-json\/wp\/v2\/media\/12624"}],"wp:attachment":[{"href":"https:\/\/newsinfoco.com.br\/inicio\/wp-json\/wp\/v2\/media?parent=12623"}],"wp:term":[{"taxonomy":"category","embeddable":true,"href":"https:\/\/newsinfoco.com.br\/inicio\/wp-json\/wp\/v2\/categories?post=12623"},{"taxonomy":"post_tag","embeddable":true,"href":"https:\/\/newsinfoco.com.br\/inicio\/wp-json\/wp\/v2\/tags?post=12623"}],"curies":[{"name":"wp","href":"https:\/\/api.w.org\/{rel}","templated":true}]}}