{"id":12631,"date":"2019-01-08T21:27:36","date_gmt":"2019-01-08T23:27:36","guid":{"rendered":"http:\/\/newsinfoco.com.br\/?p=12631"},"modified":"2019-01-08T21:27:36","modified_gmt":"2019-01-08T23:27:36","slug":"elmar-nascimento-acm-neto-tambem-perderia-se-disputasse-com-rui-costa","status":"publish","type":"post","link":"https:\/\/newsinfoco.com.br\/inicio\/elmar-nascimento-acm-neto-tambem-perderia-se-disputasse-com-rui-costa\/","title":{"rendered":"Elmar Nascimento: \u2018ACM Neto tamb\u00e9m perderia se disputasse com Rui Costa\u2019"},"content":{"rendered":"<p style=\"text-align: justify;\"><span style=\"display: inline !important; float: none; background-color: transparent; color: rgba(0, 0, 0, 0.87); font-family: 'Roboto',sans-serif; font-size: 16px; font-size-adjust: none; font-stretch: 100%; font-style: normal; font-variant: normal; font-weight: 400; letter-spacing: normal; line-height: 24px; orphans: 2; text-align: left; text-decoration: none; text-indent: 0px; text-transform: none; -webkit-text-stroke-width: 0px; white-space: normal; word-spacing: 0px;\">[sg_popup id=&#8221;11418&#8243; event=&#8221;inherit&#8221;][\/sg_popup]Antes cr\u00edtico da desist\u00eancia do prefeito de Salvador e presidente nacional do DEM, ACM Neto, de<\/span> disputar o Pal\u00e1cio de Ondina contra o governador Rui Costa (PT), o deputado federal Elmar Nascimento (DEM) parece que mudou de ideia. Para ele, o prefeito fez certo em n\u00e3o ir para o confronto, porque tamb\u00e9m perderia para Rui. \u201cO pr\u00f3prio ACM Neto fez uma an\u00e1lise correta de que ele tamb\u00e9m perderia\u201d, afirmou o parlamentar, que \u00e9 do mesmo partido do prefeito, em entrevista \u00e0 r\u00e1dio Metr\u00f3pole, na manh\u00e3 desta ter\u00e7a-feira (8).<\/p>\n<p style=\"text-align: justify;\">\u201cN\u00f3s n\u00e3o tivemos capacidade de apresentar uma chapa que pudesse disputar a elei\u00e7\u00e3o. Ficamos entre o rochedo e o mar\u201d, ressalto. Segundo Elmar, Z\u00e9 Ronaldo (DEM) entrou na disputa apenas para perder. \u201cEle foi colocado de \u00faltima hora. O povo pensou: \u2018ACM Neto n\u00e3o foi candidato, ent\u00e3o a elei\u00e7\u00e3o est\u00e1 perdida\u2019. E quem vota pra perder? Avisei para Z\u00e9 Ronaldo, naquela circunst\u00e2ncia, que ele tamb\u00e9m perderia\u201d, disse.<\/p><div class=\"newsi-conteudo_19\" id=\"newsi-4077016963\"><a href=\"https:\/\/www.instagram.com\/prefeituraalagoinhas?igsh=YzgzdDJ1bWR3aWI4\" aria-label=\"SAVE_20251006_221555\"><img loading=\"lazy\" decoding=\"async\" src=\"https:\/\/newsinfoco.com.br\/inicio\/wp-content\/uploads\/2025\/10\/SAVE_20251006_221555-rotated.jpg\" alt=\"\"  srcset=\"https:\/\/newsinfoco.com.br\/inicio\/wp-content\/uploads\/2025\/10\/SAVE_20251006_221555-rotated.jpg 1140w, https:\/\/newsinfoco.com.br\/inicio\/wp-content\/uploads\/2025\/10\/SAVE_20251006_221555-300x52.jpg 300w, https:\/\/newsinfoco.com.br\/inicio\/wp-content\/uploads\/2025\/10\/SAVE_20251006_221555-1024x177.jpg 1024w, https:\/\/newsinfoco.com.br\/inicio\/wp-content\/uploads\/2025\/10\/SAVE_20251006_221555-768x133.jpg 768w, https:\/\/newsinfoco.com.br\/inicio\/wp-content\/uploads\/2025\/10\/SAVE_20251006_221555-600x104.jpg 600w, https:\/\/newsinfoco.com.br\/inicio\/wp-content\/uploads\/2025\/10\/SAVE_20251006_221555-696x120.jpg 696w, https:\/\/newsinfoco.com.br\/inicio\/wp-content\/uploads\/2025\/10\/SAVE_20251006_221555-1068x185.jpg 1068w\" sizes=\"(max-width: 1140px) 100vw, 1140px\" width=\"1140\" height=\"197\"   \/><\/a><\/div>\n<p style=\"text-align: right;\"><span style=\"color: #999999;\">Matheus Morais para o Bahia.ba<\/span><\/p>\n<div class='share-to-whatsapp-wrapper'><div class='share-on-whsp'>Share on: <\/div><a data-text='Elmar Nascimento: \u2018ACM Neto tamb\u00e9m perderia se disputasse com Rui Costa\u2019' data-link='https:\/\/newsinfoco.com.br\/inicio\/elmar-nascimento-acm-neto-tambem-perderia-se-disputasse-com-rui-costa\/' class='whatsapp-button whatsapp-share'>WhatsApp<\/a><div class='clear '><\/div><\/div>","protected":false},"excerpt":{"rendered":"<p>[sg_popup id=&#8221;11418&#8243; event=&#8221;inherit&#8221;][\/sg_popup]Antes cr\u00edtico da desist\u00eancia do prefeito de Salvador e presidente nacional do DEM, ACM Neto, de disputar o Pal\u00e1cio de Ondina contra o governador Rui Costa (PT), o deputado federal Elmar Nascimento (DEM) parece que mudou de ideia. Para ele, o prefeito fez certo em n\u00e3o ir para o confronto, porque tamb\u00e9m perderia [&hellip;]<\/p>\n","protected":false},"author":1,"featured_media":12633,"comment_status":"open","ping_status":"open","sticky":false,"template":"","format":"standard","meta":{"om_disable_all_campaigns":false,"_exactmetrics_skip_tracking":false,"_exactmetrics_sitenote_active":false,"_exactmetrics_sitenote_note":"","_exactmetrics_sitenote_category":0,"footnotes":""},"categories":[19],"tags":[],"class_list":["post-12631","post","type-post","status-publish","format-standard","has-post-thumbnail","hentry","category-bahia"],"aioseo_notices":[],"_links":{"self":[{"href":"https:\/\/newsinfoco.com.br\/inicio\/wp-json\/wp\/v2\/posts\/12631","targetHints":{"allow":["GET"]}}],"collection":[{"href":"https:\/\/newsinfoco.com.br\/inicio\/wp-json\/wp\/v2\/posts"}],"about":[{"href":"https:\/\/newsinfoco.com.br\/inicio\/wp-json\/wp\/v2\/types\/post"}],"author":[{"embeddable":true,"href":"https:\/\/newsinfoco.com.br\/inicio\/wp-json\/wp\/v2\/users\/1"}],"replies":[{"embeddable":true,"href":"https:\/\/newsinfoco.com.br\/inicio\/wp-json\/wp\/v2\/comments?post=12631"}],"version-history":[{"count":0,"href":"https:\/\/newsinfoco.com.br\/inicio\/wp-json\/wp\/v2\/posts\/12631\/revisions"}],"wp:featuredmedia":[{"embeddable":true,"href":"https:\/\/newsinfoco.com.br\/inicio\/wp-json\/wp\/v2\/media\/12633"}],"wp:attachment":[{"href":"https:\/\/newsinfoco.com.br\/inicio\/wp-json\/wp\/v2\/media?parent=12631"}],"wp:term":[{"taxonomy":"category","embeddable":true,"href":"https:\/\/newsinfoco.com.br\/inicio\/wp-json\/wp\/v2\/categories?post=12631"},{"taxonomy":"post_tag","embeddable":true,"href":"https:\/\/newsinfoco.com.br\/inicio\/wp-json\/wp\/v2\/tags?post=12631"}],"curies":[{"name":"wp","href":"https:\/\/api.w.org\/{rel}","templated":true}]}}