{"id":12635,"date":"2019-01-08T21:34:44","date_gmt":"2019-01-08T23:34:44","guid":{"rendered":"http:\/\/newsinfoco.com.br\/?p=12635"},"modified":"2019-01-08T21:34:44","modified_gmt":"2019-01-08T23:34:44","slug":"pdt-vai-ao-supremo-contra-fim-do-ministerio-do-trabalho","status":"publish","type":"post","link":"https:\/\/newsinfoco.com.br\/inicio\/pdt-vai-ao-supremo-contra-fim-do-ministerio-do-trabalho\/","title":{"rendered":"PDT vai ao Supremo contra fim do Minist\u00e9rio do Trabalho"},"content":{"rendered":"<p style=\"text-align: justify;\">[sg_popup id=&#8221;11418&#8243; event=&#8221;inherit&#8221;][\/sg_popup]O Partido Democr\u00e1tico Trabalhista (PDT) ingressou nesta ter\u00e7a-feira, 8, no Supremo Tribunal Federal (STF) com uma a\u00e7\u00e3o direta de inconstitucionalidade contra dispositivos da primeira medida provis\u00f3ria do governo de Jair Bolsonaro (PSL) que extinguiu o Minist\u00e9rio do Trabalho. A MP desmembrou a pasta, cujas compet\u00eancias ser\u00e3o distribu\u00eddas entre os minist\u00e9rios da Cidadania, Economia e Justi\u00e7a e Seguran\u00e7a P\u00fablica. A defesa do PDT escreveu na a\u00e7\u00e3o que, embora aparentemente constitucional, a primeira medida provis\u00f3ria de Bolsonaro \u201csuprime a adequada implementa\u00e7\u00e3o dos direitos sociais das rela\u00e7\u00f5es de trabalho\u201d. Na avalia\u00e7\u00e3o do partido, o desmantelamento das atribui\u00e7\u00f5es da pasta \u201cpropicia uma conjuntura de ilicitude permanente, inclusive porque os atos praticados com base nos dispositivos impugnados gozam da presun\u00e7\u00e3o de legalidade e veracidade, muito embora busquem fundamento de validade em lei que, em \u00faltima an\u00e1lise, n\u00e3o prov\u00ea guarida jur\u00eddica, pela flagrante inconstitucionalidade denunciada nesta a\u00e7\u00e3o\u201d. \u201cA institucionalidade do Minist\u00e9rio do Trabalho se desdobra da pr\u00f3pria normatividade dos direitos sociais das rela\u00e7\u00f5es de trabalho, a Constitui\u00e7\u00e3o do Trabalho. Sua extin\u00e7\u00e3o pelos dispositivos ora impugnados da MP n\u00ba 870\/2019, por consequ\u00eancia, redunda em manifesta inconstitucionalidade, notadamente, pela contrariedade ao fundamento dos valores sociais do trabalho\u201d.<\/p>\n<p style=\"text-align: justify;\">A medida provis\u00f3ria 870, conhecida como MP da reforma administrativa, estabelece a organiza\u00e7\u00e3o b\u00e1sica dos \u00f3rg\u00e3os da Presid\u00eancia da Rep\u00fablica e dos Minist\u00e9rios, efetivando mudan\u00e7as estruturais prometidas por Bolsonaro antes da posse. Ela foi publicada no dia 1\u00ba, quando Bolsonaro assumiu o cargo de presidente. De acordo com a MP, a pasta do Trabalho teve as atribui\u00e7\u00f5es divididas. As que envolvem maior volume de recursos, como o Fundo de Garantia do Tempo de Servi\u00e7o (FGTS) e o Fundo de Amparo ao Trabalhador (FAT), passar\u00e3o a ser do Minist\u00e9rio da Economia. O registro sindical, que gerou uma s\u00e9rie de esc\u00e2ndalos, passa para o Minist\u00e9rio da Justi\u00e7a e Seguran\u00e7a P\u00fablica. Na Justi\u00e7a, comandada pelo ex-juiz da Lava Jato S\u00e9rgio Moro, tamb\u00e9m ficar\u00e1 o Coaf (Conselho de Controle de Atividades Financeira). \u201cO Minist\u00e9rio do Trabalho, portanto, \u00e9 um \u00f3rg\u00e3o materialmente constitucional, cuja institucionaliza\u00e7\u00e3o \u00e9 instrumento de efetividade da pr\u00f3pria Constitui\u00e7\u00e3o. N\u00e3o cabe, pois, sustentar juridicamente que a extin\u00e7\u00e3o da pasta, seguida da descentraliza\u00e7\u00e3o administrativa de suas atribui\u00e7\u00f5es, tanto n\u00e3o mitiga quanto mais promove a efici\u00eancia da tutela estatal das rela\u00e7\u00f5es de trabalho, se encerra grave viola\u00e7\u00e3o constitucional\u201d, escreveram os advogados que representam o partido.<\/p><div class=\"newsi-conteudo_19\" id=\"newsi-380949867\"><a href=\"https:\/\/www.instagram.com\/prefeituraalagoinhas?igsh=YzgzdDJ1bWR3aWI4\" aria-label=\"SAVE_20251006_221555\"><img loading=\"lazy\" decoding=\"async\" src=\"https:\/\/newsinfoco.com.br\/inicio\/wp-content\/uploads\/2025\/10\/SAVE_20251006_221555-rotated.jpg\" alt=\"\"  srcset=\"https:\/\/newsinfoco.com.br\/inicio\/wp-content\/uploads\/2025\/10\/SAVE_20251006_221555-rotated.jpg 1140w, https:\/\/newsinfoco.com.br\/inicio\/wp-content\/uploads\/2025\/10\/SAVE_20251006_221555-300x52.jpg 300w, https:\/\/newsinfoco.com.br\/inicio\/wp-content\/uploads\/2025\/10\/SAVE_20251006_221555-1024x177.jpg 1024w, https:\/\/newsinfoco.com.br\/inicio\/wp-content\/uploads\/2025\/10\/SAVE_20251006_221555-768x133.jpg 768w, https:\/\/newsinfoco.com.br\/inicio\/wp-content\/uploads\/2025\/10\/SAVE_20251006_221555-600x104.jpg 600w, https:\/\/newsinfoco.com.br\/inicio\/wp-content\/uploads\/2025\/10\/SAVE_20251006_221555-696x120.jpg 696w, https:\/\/newsinfoco.com.br\/inicio\/wp-content\/uploads\/2025\/10\/SAVE_20251006_221555-1068x185.jpg 1068w\" sizes=\"(max-width: 1140px) 100vw, 1140px\" width=\"1140\" height=\"197\"   \/><\/a><\/div>\n<h6 style=\"text-align: right;\">Estadao<\/h6>\n<div class='share-to-whatsapp-wrapper'><div class='share-on-whsp'>Share on: <\/div><a data-text='PDT vai ao Supremo contra fim do Minist\u00e9rio do Trabalho' data-link='https:\/\/newsinfoco.com.br\/inicio\/pdt-vai-ao-supremo-contra-fim-do-ministerio-do-trabalho\/' class='whatsapp-button whatsapp-share'>WhatsApp<\/a><div class='clear '><\/div><\/div>","protected":false},"excerpt":{"rendered":"<p>[sg_popup id=&#8221;11418&#8243; event=&#8221;inherit&#8221;][\/sg_popup]O Partido Democr\u00e1tico Trabalhista (PDT) ingressou nesta ter\u00e7a-feira, 8, no Supremo Tribunal Federal (STF) com uma a\u00e7\u00e3o direta de inconstitucionalidade contra dispositivos da primeira medida provis\u00f3ria do governo de Jair Bolsonaro (PSL) que extinguiu o Minist\u00e9rio do Trabalho. A MP desmembrou a pasta, cujas compet\u00eancias ser\u00e3o distribu\u00eddas entre os minist\u00e9rios da Cidadania, Economia [&hellip;]<\/p>\n","protected":false},"author":1,"featured_media":12641,"comment_status":"open","ping_status":"open","sticky":false,"template":"","format":"standard","meta":{"om_disable_all_campaigns":false,"_exactmetrics_skip_tracking":false,"_exactmetrics_sitenote_active":false,"_exactmetrics_sitenote_note":"","_exactmetrics_sitenote_category":0,"footnotes":""},"categories":[21],"tags":[],"class_list":["post-12635","post","type-post","status-publish","format-standard","has-post-thumbnail","hentry","category-brasil"],"aioseo_notices":[],"_links":{"self":[{"href":"https:\/\/newsinfoco.com.br\/inicio\/wp-json\/wp\/v2\/posts\/12635","targetHints":{"allow":["GET"]}}],"collection":[{"href":"https:\/\/newsinfoco.com.br\/inicio\/wp-json\/wp\/v2\/posts"}],"about":[{"href":"https:\/\/newsinfoco.com.br\/inicio\/wp-json\/wp\/v2\/types\/post"}],"author":[{"embeddable":true,"href":"https:\/\/newsinfoco.com.br\/inicio\/wp-json\/wp\/v2\/users\/1"}],"replies":[{"embeddable":true,"href":"https:\/\/newsinfoco.com.br\/inicio\/wp-json\/wp\/v2\/comments?post=12635"}],"version-history":[{"count":0,"href":"https:\/\/newsinfoco.com.br\/inicio\/wp-json\/wp\/v2\/posts\/12635\/revisions"}],"wp:featuredmedia":[{"embeddable":true,"href":"https:\/\/newsinfoco.com.br\/inicio\/wp-json\/wp\/v2\/media\/12641"}],"wp:attachment":[{"href":"https:\/\/newsinfoco.com.br\/inicio\/wp-json\/wp\/v2\/media?parent=12635"}],"wp:term":[{"taxonomy":"category","embeddable":true,"href":"https:\/\/newsinfoco.com.br\/inicio\/wp-json\/wp\/v2\/categories?post=12635"},{"taxonomy":"post_tag","embeddable":true,"href":"https:\/\/newsinfoco.com.br\/inicio\/wp-json\/wp\/v2\/tags?post=12635"}],"curies":[{"name":"wp","href":"https:\/\/api.w.org\/{rel}","templated":true}]}}