{"id":12636,"date":"2019-01-08T21:31:37","date_gmt":"2019-01-08T23:31:37","guid":{"rendered":"http:\/\/newsinfoco.com.br\/?p=12636"},"modified":"2019-01-08T21:31:37","modified_gmt":"2019-01-08T23:31:37","slug":"rui-costa-diz-que-e-o-ideal-proposta-de-bolsonaro-de-mais-brasil-e-menos-brasilia","status":"publish","type":"post","link":"https:\/\/newsinfoco.com.br\/inicio\/rui-costa-diz-que-e-o-ideal-proposta-de-bolsonaro-de-mais-brasil-e-menos-brasilia\/","title":{"rendered":"Rui Costa diz que \u00e9 \u2018o ideal\u2019 proposta de Bolsonaro de \u2018mais Brasil e menos Bras\u00edlia\u2019"},"content":{"rendered":"<p style=\"text-align: justify;\">[sg_popup id=&#8221;11418&#8243; event=&#8221;inherit&#8221;][\/sg_popup]Durante a cerim\u00f4nia de posse dos membros da Diretoria Executiva e do Conselho Fiscal da Uni\u00e3o dos Munic\u00edpios da Bahia (UPB), eleitos para o bi\u00eanio 2019-2020, realizada na tarde desta ter\u00e7a-feira (8), no audit\u00f3rio da entidade, no Centro Administrativo da Bahia (CAB), em Salvador, o governador Rui Costa (PT) disse que \u00e9 \u201co ideal\u201d a proposta do presidente Jair Bolsonaro de se ter \u201cmais Brasil e menos Bras\u00edlia\u201d. \u201cEu acho que esse \u00e9 o ideal. O que n\u00f3s queremos \u00e9 o fortalecimento da federa\u00e7\u00e3o. O resto do mundo tem esse modelo federativo. Mas em outros pa\u00edses europeus voc\u00ea presencia um federalismo forte, onde estados e munic\u00edpios s\u00e3o fortes. No Brasil, temos Federa\u00e7\u00e3o, mas ao longo das d\u00e9cadas vem sendo fragilizada, tanto Estado quando Munic\u00edpio. Acho que chegou a hora de inverter, mudar a regra do jogo, fortalecer estados e munic\u00edpios para que a gente possa melhorar a vida das pessoas\u201d, disse o governador.<\/p>\n<p style=\"text-align: justify;\">Na ocasi\u00e3o, Rui tamb\u00e9m flou sobre a import\u00e2ncia de cons\u00f3rcios para munic\u00edpios. \u201cEspero que a UPB continue e far\u00e1, com certeza, boa representa\u00e7\u00e3o dos prefeitos. Que possa nos ajudar a implementar uma ferramenta de gest\u00e3o que \u00e9 o cons\u00f3rcio. [H\u00e1] o cons\u00f3rcio de sa\u00fade, o de infraestrutura. Agora, n\u00f3s pretendemos implantar o cons\u00f3rcio na \u00e1rea de res\u00edduos s\u00f3lidos, para cuidar do meio ambiente e do destino do lixo das cidades, melhorando a qualidade de vida do povo da Bahia\u201d. Rui destacou ainda que a forma\u00e7\u00e3o de cons\u00f3rcios permite \u201cdar capilaridade \u00e0s a\u00e7\u00f5es do Estado e rapidamente implementar pol\u00edticas p\u00fablicas que ficariam muito caras para os munic\u00edpios pequenos\u201d. A nova Diretoria Executiva \u00e9 composta por seis membros, enquanto o Conselho Fiscal \u00e9 formado por dez conselheiros, sendo cinco efetivos e os outros suplentes. A elei\u00e7\u00e3o ocorreu pouco antes da cerim\u00f4nia de posse e tamb\u00e9m garantiu a recondu\u00e7\u00e3o do prefeito de Bom Jesus da Lapa, Eures Ribeiro, \u00e0 presid\u00eancia da UPB pelos pr\u00f3ximos dois anos. \u201c\u00c9 uma alegria estar aqui hoje. Essa reelei\u00e7\u00e3o de chapa \u00fanica, com 268 prefeitos presentes, mostra uma grande uni\u00e3o dentro da UPB. Essa coes\u00e3o \u00e9 fruto do trabalho, feito n\u00e3o apenas por mim, mas de todo um conjunto, que conseguiu muitas vit\u00f3rias ao longo desses dois anos\u201d, afirmou Eures.<\/p><div class=\"newsi-conteudo_19\" id=\"newsi-3231489591\"><a href=\"https:\/\/www.instagram.com\/prefeituraalagoinhas?igsh=YzgzdDJ1bWR3aWI4\" aria-label=\"SAVE_20251006_221555\"><img loading=\"lazy\" decoding=\"async\" src=\"https:\/\/newsinfoco.com.br\/inicio\/wp-content\/uploads\/2025\/10\/SAVE_20251006_221555-rotated.jpg\" alt=\"\"  srcset=\"https:\/\/newsinfoco.com.br\/inicio\/wp-content\/uploads\/2025\/10\/SAVE_20251006_221555-rotated.jpg 1140w, https:\/\/newsinfoco.com.br\/inicio\/wp-content\/uploads\/2025\/10\/SAVE_20251006_221555-300x52.jpg 300w, https:\/\/newsinfoco.com.br\/inicio\/wp-content\/uploads\/2025\/10\/SAVE_20251006_221555-1024x177.jpg 1024w, https:\/\/newsinfoco.com.br\/inicio\/wp-content\/uploads\/2025\/10\/SAVE_20251006_221555-768x133.jpg 768w, https:\/\/newsinfoco.com.br\/inicio\/wp-content\/uploads\/2025\/10\/SAVE_20251006_221555-600x104.jpg 600w, https:\/\/newsinfoco.com.br\/inicio\/wp-content\/uploads\/2025\/10\/SAVE_20251006_221555-696x120.jpg 696w, https:\/\/newsinfoco.com.br\/inicio\/wp-content\/uploads\/2025\/10\/SAVE_20251006_221555-1068x185.jpg 1068w\" sizes=\"(max-width: 1140px) 100vw, 1140px\" width=\"1140\" height=\"197\"   \/><\/a><\/div>\n<div class='share-to-whatsapp-wrapper'><div class='share-on-whsp'>Share on: <\/div><a data-text='Rui Costa diz que \u00e9 \u2018o ideal\u2019 proposta de Bolsonaro de \u2018mais Brasil e menos Bras\u00edlia\u2019' data-link='https:\/\/newsinfoco.com.br\/inicio\/rui-costa-diz-que-e-o-ideal-proposta-de-bolsonaro-de-mais-brasil-e-menos-brasilia\/' class='whatsapp-button whatsapp-share'>WhatsApp<\/a><div class='clear '><\/div><\/div>","protected":false},"excerpt":{"rendered":"<p>[sg_popup id=&#8221;11418&#8243; event=&#8221;inherit&#8221;][\/sg_popup]Durante a cerim\u00f4nia de posse dos membros da Diretoria Executiva e do Conselho Fiscal da Uni\u00e3o dos Munic\u00edpios da Bahia (UPB), eleitos para o bi\u00eanio 2019-2020, realizada na tarde desta ter\u00e7a-feira (8), no audit\u00f3rio da entidade, no Centro Administrativo da Bahia (CAB), em Salvador, o governador Rui Costa (PT) disse que \u00e9 \u201co [&hellip;]<\/p>\n","protected":false},"author":1,"featured_media":12637,"comment_status":"open","ping_status":"open","sticky":false,"template":"","format":"standard","meta":{"om_disable_all_campaigns":false,"_exactmetrics_skip_tracking":false,"_exactmetrics_sitenote_active":false,"_exactmetrics_sitenote_note":"","_exactmetrics_sitenote_category":0,"footnotes":""},"categories":[19],"tags":[],"class_list":["post-12636","post","type-post","status-publish","format-standard","has-post-thumbnail","hentry","category-bahia"],"aioseo_notices":[],"_links":{"self":[{"href":"https:\/\/newsinfoco.com.br\/inicio\/wp-json\/wp\/v2\/posts\/12636","targetHints":{"allow":["GET"]}}],"collection":[{"href":"https:\/\/newsinfoco.com.br\/inicio\/wp-json\/wp\/v2\/posts"}],"about":[{"href":"https:\/\/newsinfoco.com.br\/inicio\/wp-json\/wp\/v2\/types\/post"}],"author":[{"embeddable":true,"href":"https:\/\/newsinfoco.com.br\/inicio\/wp-json\/wp\/v2\/users\/1"}],"replies":[{"embeddable":true,"href":"https:\/\/newsinfoco.com.br\/inicio\/wp-json\/wp\/v2\/comments?post=12636"}],"version-history":[{"count":0,"href":"https:\/\/newsinfoco.com.br\/inicio\/wp-json\/wp\/v2\/posts\/12636\/revisions"}],"wp:featuredmedia":[{"embeddable":true,"href":"https:\/\/newsinfoco.com.br\/inicio\/wp-json\/wp\/v2\/media\/12637"}],"wp:attachment":[{"href":"https:\/\/newsinfoco.com.br\/inicio\/wp-json\/wp\/v2\/media?parent=12636"}],"wp:term":[{"taxonomy":"category","embeddable":true,"href":"https:\/\/newsinfoco.com.br\/inicio\/wp-json\/wp\/v2\/categories?post=12636"},{"taxonomy":"post_tag","embeddable":true,"href":"https:\/\/newsinfoco.com.br\/inicio\/wp-json\/wp\/v2\/tags?post=12636"}],"curies":[{"name":"wp","href":"https:\/\/api.w.org\/{rel}","templated":true}]}}