{"id":12640,"date":"2019-01-08T21:36:38","date_gmt":"2019-01-08T23:36:38","guid":{"rendered":"http:\/\/newsinfoco.com.br\/?p=12640"},"modified":"2019-01-08T21:36:38","modified_gmt":"2019-01-08T23:36:38","slug":"onyx-diz-que-esta-tudo-em-aberto-em-relacao-a-previdencia","status":"publish","type":"post","link":"https:\/\/newsinfoco.com.br\/inicio\/onyx-diz-que-esta-tudo-em-aberto-em-relacao-a-previdencia\/","title":{"rendered":"Onyx diz que est\u00e1 tudo em aberto em rela\u00e7\u00e3o \u00e0 Previd\u00eancia"},"content":{"rendered":"<p style=\"text-align: justify;\">[sg_popup id=&#8221;11418&#8243; event=&#8221;inherit&#8221;][\/sg_popup]Ostentando uma caixa de chocolates para \u201cado\u00e7ar\u201d a rela\u00e7\u00e3o com o ministro da Economia, Paulo Guedes, o ministro-chefe da Casa Civil, Onyx Lorenzoni, disse que uma das discuss\u00f5es mais espinhosa no governo hoje \u2013 a proposta de reforma da Previd\u00eancia \u2013 ainda est\u00e1 em aberto. Onyx chegou nesta tarde de ter\u00e7a-feira, 8, \u00e0 sede do Minist\u00e9rio da Economia para um encontro com Guedes e t\u00e9cnicos que trabalham na elabora\u00e7\u00e3o da proposta. \u00c9 incomum o chefe da Casa Civil sair do Pal\u00e1cio do Planalto para se encontrar com outro colega de Esplanada.<\/p>\n<p style=\"text-align: justify;\">O gesto ocorre depois de uma s\u00e9rie de desencontros entre a ala pol\u00edtica e econ\u00f4mica do governo, incluindo a quest\u00e3o da Previd\u00eancia. \u201cNunca tive briga com Paulo Guedes\u201d, afirmou Onyx. O ministro da Casa Civil disse que a proposta de reforma deve ser apresentada ao presidente Jair Bolsonaro na pr\u00f3xima semana. Questionado sobre defini\u00e7\u00f5es na regra de transi\u00e7\u00e3o, ele disse que \u201cest\u00e1 tudo em aberto\u201d, pois as equipes t\u00e9cnicas apresentar\u00e3o nesta ter\u00e7a as suas defesas em torno das regras. Apesar disso, o ministro reconheceu que a fala do presidente sobre idades m\u00ednimas \u201ctem muita for\u00e7a\u201d. Em entrevistas na semana passada, Bolsonaro defendeu idades m\u00ednimas de 57 anos para mulheres e 62.<\/p><div class=\"newsi-conteudo_19\" id=\"newsi-1465927211\"><a href=\"https:\/\/www.instagram.com\/prefeituraalagoinhas?igsh=YzgzdDJ1bWR3aWI4\" aria-label=\"SAVE_20251006_221555\"><img loading=\"lazy\" decoding=\"async\" src=\"https:\/\/newsinfoco.com.br\/inicio\/wp-content\/uploads\/2025\/10\/SAVE_20251006_221555-rotated.jpg\" alt=\"\"  srcset=\"https:\/\/newsinfoco.com.br\/inicio\/wp-content\/uploads\/2025\/10\/SAVE_20251006_221555-rotated.jpg 1140w, https:\/\/newsinfoco.com.br\/inicio\/wp-content\/uploads\/2025\/10\/SAVE_20251006_221555-300x52.jpg 300w, https:\/\/newsinfoco.com.br\/inicio\/wp-content\/uploads\/2025\/10\/SAVE_20251006_221555-1024x177.jpg 1024w, https:\/\/newsinfoco.com.br\/inicio\/wp-content\/uploads\/2025\/10\/SAVE_20251006_221555-768x133.jpg 768w, https:\/\/newsinfoco.com.br\/inicio\/wp-content\/uploads\/2025\/10\/SAVE_20251006_221555-600x104.jpg 600w, https:\/\/newsinfoco.com.br\/inicio\/wp-content\/uploads\/2025\/10\/SAVE_20251006_221555-696x120.jpg 696w, https:\/\/newsinfoco.com.br\/inicio\/wp-content\/uploads\/2025\/10\/SAVE_20251006_221555-1068x185.jpg 1068w\" sizes=\"(max-width: 1140px) 100vw, 1140px\" width=\"1140\" height=\"197\"   \/><\/a><\/div>\n<p style=\"text-align: right;\">Estadao<\/p>\n<div class='share-to-whatsapp-wrapper'><div class='share-on-whsp'>Share on: <\/div><a data-text='Onyx diz que est\u00e1 tudo em aberto em rela\u00e7\u00e3o \u00e0 Previd\u00eancia' data-link='https:\/\/newsinfoco.com.br\/inicio\/onyx-diz-que-esta-tudo-em-aberto-em-relacao-a-previdencia\/' class='whatsapp-button whatsapp-share'>WhatsApp<\/a><div class='clear '><\/div><\/div>","protected":false},"excerpt":{"rendered":"<p>[sg_popup id=&#8221;11418&#8243; event=&#8221;inherit&#8221;][\/sg_popup]Ostentando uma caixa de chocolates para \u201cado\u00e7ar\u201d a rela\u00e7\u00e3o com o ministro da Economia, Paulo Guedes, o ministro-chefe da Casa Civil, Onyx Lorenzoni, disse que uma das discuss\u00f5es mais espinhosa no governo hoje \u2013 a proposta de reforma da Previd\u00eancia \u2013 ainda est\u00e1 em aberto. Onyx chegou nesta tarde de ter\u00e7a-feira, 8, \u00e0 [&hellip;]<\/p>\n","protected":false},"author":1,"featured_media":12643,"comment_status":"open","ping_status":"open","sticky":false,"template":"","format":"standard","meta":{"om_disable_all_campaigns":false,"_exactmetrics_skip_tracking":false,"_exactmetrics_sitenote_active":false,"_exactmetrics_sitenote_note":"","_exactmetrics_sitenote_category":0,"footnotes":""},"categories":[21],"tags":[],"class_list":["post-12640","post","type-post","status-publish","format-standard","has-post-thumbnail","hentry","category-brasil"],"aioseo_notices":[],"_links":{"self":[{"href":"https:\/\/newsinfoco.com.br\/inicio\/wp-json\/wp\/v2\/posts\/12640","targetHints":{"allow":["GET"]}}],"collection":[{"href":"https:\/\/newsinfoco.com.br\/inicio\/wp-json\/wp\/v2\/posts"}],"about":[{"href":"https:\/\/newsinfoco.com.br\/inicio\/wp-json\/wp\/v2\/types\/post"}],"author":[{"embeddable":true,"href":"https:\/\/newsinfoco.com.br\/inicio\/wp-json\/wp\/v2\/users\/1"}],"replies":[{"embeddable":true,"href":"https:\/\/newsinfoco.com.br\/inicio\/wp-json\/wp\/v2\/comments?post=12640"}],"version-history":[{"count":0,"href":"https:\/\/newsinfoco.com.br\/inicio\/wp-json\/wp\/v2\/posts\/12640\/revisions"}],"wp:featuredmedia":[{"embeddable":true,"href":"https:\/\/newsinfoco.com.br\/inicio\/wp-json\/wp\/v2\/media\/12643"}],"wp:attachment":[{"href":"https:\/\/newsinfoco.com.br\/inicio\/wp-json\/wp\/v2\/media?parent=12640"}],"wp:term":[{"taxonomy":"category","embeddable":true,"href":"https:\/\/newsinfoco.com.br\/inicio\/wp-json\/wp\/v2\/categories?post=12640"},{"taxonomy":"post_tag","embeddable":true,"href":"https:\/\/newsinfoco.com.br\/inicio\/wp-json\/wp\/v2\/tags?post=12640"}],"curies":[{"name":"wp","href":"https:\/\/api.w.org\/{rel}","templated":true}]}}