{"id":12645,"date":"2019-01-08T21:38:48","date_gmt":"2019-01-08T23:38:48","guid":{"rendered":"http:\/\/newsinfoco.com.br\/?p=12645"},"modified":"2019-01-08T21:38:48","modified_gmt":"2019-01-08T23:38:48","slug":"palocci-vai-delatar-atuacao-de-lula-por-fundos-em-belo-monte","status":"publish","type":"post","link":"https:\/\/newsinfoco.com.br\/inicio\/palocci-vai-delatar-atuacao-de-lula-por-fundos-em-belo-monte\/","title":{"rendered":"Palocci vai delatar atua\u00e7\u00e3o de Lula por fundos em Belo Monte"},"content":{"rendered":"<p style=\"text-align: justify;\">[sg_popup id=&#8221;11418&#8243; event=&#8221;inherit&#8221;][\/sg_popup]No acordo de colabora\u00e7\u00e3o premiada que negocia com os procuradores da for\u00e7a-tarefa Greenfield, o ex-ministro da Fazenda e da Casa Civil dos governos do PT Antonio Palocci vai abordar a atua\u00e7\u00e3o do ex-presidente Luiz In\u00e1cio Lula da Silva (PT) para que a Funcef e a Petros entrassem como acionistas da Norte Energia, propriet\u00e1ria da usina hidrel\u00e9trica de Belo Monte. Os dois fundos, dos funcion\u00e1rios da Caixa e da Petrobr\u00e1s, respectivamente, possuem 10% cada de participa\u00e7\u00e3o na usina. Palocci presta desde esta segunda-feira, 7, depoimentos aos investigadores da Greenfield, for\u00e7a-tarefa sediada em Bras\u00edlia e que mira desvios nos maiores fundos de pens\u00e3o do Pa\u00eds.<\/p>\n<p style=\"text-align: justify;\">O ex-ministro j\u00e1 assinou um acordo de colabora\u00e7\u00e3o com a Pol\u00edcia Federal de Curitiba no qual abordou crimes cometidos no \u00e2mbito da Petrobr\u00e1s. Um segundo, fechado no final do ano passado com a PF de Bras\u00edlia e que tramita em sigilo, envolve acusa\u00e7\u00f5es contra alvos com direito a foro privilegiado, como pol\u00edticos com mandato. Agora, o ex-ministro tenta assinar um novo acordo com os investigadores de Bras\u00edlia para falar sobre sua atua\u00e7\u00e3o nos fundos de pens\u00e3o. Ele est\u00e1 na capital federal com seus advogados desde a manh\u00e3 desta segunda, vindo de S\u00e3o Paulo. O trajeto foi feito de carro para evitar exposi\u00e7\u00e3o nos aeroportos das duas cidades. Em um primeiro depoimento aos procuradores da opera\u00e7\u00e3o Greenfield, ainda em 2018 e sem ter assinado um acordo, Palocci j\u00e1 havia dito que o ex-presidente interferia em investimentos dos fundos de pens\u00e3o desde a d\u00e9cada de 90 e que teria recebido propina por causa de sua atua\u00e7\u00e3o relacionada \u00e0 constru\u00e7\u00e3o de Belo Monte. \u201cQue em outros casos de atua\u00e7\u00e3o direta do ex-presidente Lula, como dos ca\u00e7as, com atua\u00e7\u00e3o do presidente franc\u00eas, receberam vantagens Lula e o PT, ou no caso de Belo Monte\u201d, disse Palocci.<\/p><div class=\"newsi-conteudo_19\" id=\"newsi-1284179930\"><a href=\"https:\/\/www.instagram.com\/prefeituraalagoinhas?igsh=YzgzdDJ1bWR3aWI4\" aria-label=\"SAVE_20251006_221555\"><img loading=\"lazy\" decoding=\"async\" src=\"https:\/\/newsinfoco.com.br\/inicio\/wp-content\/uploads\/2025\/10\/SAVE_20251006_221555-rotated.jpg\" alt=\"\"  srcset=\"https:\/\/newsinfoco.com.br\/inicio\/wp-content\/uploads\/2025\/10\/SAVE_20251006_221555-rotated.jpg 1140w, https:\/\/newsinfoco.com.br\/inicio\/wp-content\/uploads\/2025\/10\/SAVE_20251006_221555-300x52.jpg 300w, https:\/\/newsinfoco.com.br\/inicio\/wp-content\/uploads\/2025\/10\/SAVE_20251006_221555-1024x177.jpg 1024w, https:\/\/newsinfoco.com.br\/inicio\/wp-content\/uploads\/2025\/10\/SAVE_20251006_221555-768x133.jpg 768w, https:\/\/newsinfoco.com.br\/inicio\/wp-content\/uploads\/2025\/10\/SAVE_20251006_221555-600x104.jpg 600w, https:\/\/newsinfoco.com.br\/inicio\/wp-content\/uploads\/2025\/10\/SAVE_20251006_221555-696x120.jpg 696w, https:\/\/newsinfoco.com.br\/inicio\/wp-content\/uploads\/2025\/10\/SAVE_20251006_221555-1068x185.jpg 1068w\" sizes=\"(max-width: 1140px) 100vw, 1140px\" width=\"1140\" height=\"197\"   \/><\/a><\/div>\n<h6 style=\"text-align: right;\">Estadao<\/h6>\n<div class='share-to-whatsapp-wrapper'><div class='share-on-whsp'>Share on: <\/div><a data-text='Palocci vai delatar atua\u00e7\u00e3o de Lula por fundos em Belo Monte' data-link='https:\/\/newsinfoco.com.br\/inicio\/palocci-vai-delatar-atuacao-de-lula-por-fundos-em-belo-monte\/' class='whatsapp-button whatsapp-share'>WhatsApp<\/a><div class='clear '><\/div><\/div>","protected":false},"excerpt":{"rendered":"<p>[sg_popup id=&#8221;11418&#8243; event=&#8221;inherit&#8221;][\/sg_popup]No acordo de colabora\u00e7\u00e3o premiada que negocia com os procuradores da for\u00e7a-tarefa Greenfield, o ex-ministro da Fazenda e da Casa Civil dos governos do PT Antonio Palocci vai abordar a atua\u00e7\u00e3o do ex-presidente Luiz In\u00e1cio Lula da Silva (PT) para que a Funcef e a Petros entrassem como acionistas da Norte Energia, propriet\u00e1ria [&hellip;]<\/p>\n","protected":false},"author":1,"featured_media":12647,"comment_status":"open","ping_status":"open","sticky":false,"template":"","format":"standard","meta":{"om_disable_all_campaigns":false,"_exactmetrics_skip_tracking":false,"_exactmetrics_sitenote_active":false,"_exactmetrics_sitenote_note":"","_exactmetrics_sitenote_category":0,"footnotes":""},"categories":[21],"tags":[],"class_list":["post-12645","post","type-post","status-publish","format-standard","has-post-thumbnail","hentry","category-brasil"],"aioseo_notices":[],"_links":{"self":[{"href":"https:\/\/newsinfoco.com.br\/inicio\/wp-json\/wp\/v2\/posts\/12645","targetHints":{"allow":["GET"]}}],"collection":[{"href":"https:\/\/newsinfoco.com.br\/inicio\/wp-json\/wp\/v2\/posts"}],"about":[{"href":"https:\/\/newsinfoco.com.br\/inicio\/wp-json\/wp\/v2\/types\/post"}],"author":[{"embeddable":true,"href":"https:\/\/newsinfoco.com.br\/inicio\/wp-json\/wp\/v2\/users\/1"}],"replies":[{"embeddable":true,"href":"https:\/\/newsinfoco.com.br\/inicio\/wp-json\/wp\/v2\/comments?post=12645"}],"version-history":[{"count":0,"href":"https:\/\/newsinfoco.com.br\/inicio\/wp-json\/wp\/v2\/posts\/12645\/revisions"}],"wp:featuredmedia":[{"embeddable":true,"href":"https:\/\/newsinfoco.com.br\/inicio\/wp-json\/wp\/v2\/media\/12647"}],"wp:attachment":[{"href":"https:\/\/newsinfoco.com.br\/inicio\/wp-json\/wp\/v2\/media?parent=12645"}],"wp:term":[{"taxonomy":"category","embeddable":true,"href":"https:\/\/newsinfoco.com.br\/inicio\/wp-json\/wp\/v2\/categories?post=12645"},{"taxonomy":"post_tag","embeddable":true,"href":"https:\/\/newsinfoco.com.br\/inicio\/wp-json\/wp\/v2\/tags?post=12645"}],"curies":[{"name":"wp","href":"https:\/\/api.w.org\/{rel}","templated":true}]}}