{"id":12646,"date":"2019-01-08T21:44:22","date_gmt":"2019-01-08T23:44:22","guid":{"rendered":"http:\/\/newsinfoco.com.br\/?p=12646"},"modified":"2019-01-08T21:44:22","modified_gmt":"2019-01-08T23:44:22","slug":"bolsonaro-tira-brasil-do-pacto-global-pela-imigracao-da-onu","status":"publish","type":"post","link":"https:\/\/newsinfoco.com.br\/inicio\/bolsonaro-tira-brasil-do-pacto-global-pela-imigracao-da-onu\/","title":{"rendered":"Bolsonaro tira Brasil do Pacto Global pela Imigra\u00e7\u00e3o da ONU"},"content":{"rendered":"<p style=\"text-align: justify;\">[sg_popup id=&#8221;11418&#8243; event=&#8221;inherit&#8221;][\/sg_popup]O governo brasileiro informou nesta ter\u00e7a-feira,8, oficialmente \u00e0 ONU em Nova Iorque e em Genebra que o Pa\u00eds est\u00e1 se retirando do Pacto Mundial de Migra\u00e7\u00e3o, assinado em dezembro ainda pelo governo de Michel Temer. Diplomatas brasileiros confirmaram ao Estado que a ONU j\u00e1 foi notificada da decis\u00e3o do governo de Jair Bolsonaro de se retirar do acordo. A not\u00edcia foi recebida nas Na\u00e7\u00f5es Unidas com muita preocupa\u00e7\u00e3o, diante do que o gesto poderia significar em termos da posi\u00e7\u00e3o do Brasil em assuntos como migra\u00e7\u00e3o, coopera\u00e7\u00e3o internacional e mesmo direitos humanos. Negociando por quase dois anos, o Pacto era uma resposta internacional \u00e0 crise que havia atingido diversos pa\u00edses por conta de um fluxo sem precedentes de migrantes e refugiados. O texto do acordo, por\u00e9m, n\u00e3o suspendia a soberania de qualquer pa\u00eds e nem exigia o recebimento de um certo volume de estrangeiros. O an\u00fancio do afastamento do novo governo foi feito pelo Twitter pelo chanceler Ernesto Ara\u00fajo, no mesmo dia em que o Itamaraty aprovava o acordo, em uma reuni\u00e3o da ONU no Marrocos. \u201cA imigra\u00e7\u00e3o n\u00e3o deve ser tratada como quest\u00e3o global, mas sim de acordo com a realidade e a soberania de cada pa\u00eds\u201d, disse Araujo, chamando o marco de \u201cferramenta inadequada para lidar com o problema\u201d. \u201cO Brasil buscar\u00e1 um marco regulat\u00f3rio compat\u00edvel com a realidade nacional e com o bem-estar de brasileiros e estrangeiros. No caso dos venezuelanos que fogem do regime Maduro, continuaremos a acolh\u00ea-los\u201d, afirmou. O pacto foi aprovado por mais de 150 pa\u00edses na confer\u00eancia intergovernamental da ONU, em Marraquexe. Naquele momento, a ONU comentou a inten\u00e7\u00e3o brasileira. \u201c\u00c9 sempre lament\u00e1vel quando um estado se dissocia de um processo multilateral, em especial um (pa\u00eds) t\u00e3o respeit\u00e1vel de especificidades nacionais\u201d, declarou Joel Millman, porta-voz da Organiza\u00e7\u00e3o Internacional de Migra\u00e7\u00f5es, ao ser questionado sobre a informa\u00e7\u00e3o relativa ao Brasil. Segundo ele, apesar da sa\u00edda de alguns pa\u00edses, 164 governos assinaram o documento. \u201cEsse \u00e9 um quadro para coopera\u00e7\u00e3o\u201d, alertou.<\/p>\n<p style=\"text-align: justify;\">Para entidades, por\u00e9m, a decis\u00e3o do Brasil em se afastar do mecanismo ter\u00e1 um impacto para emigrantes nacionais espalhados pelo mundo. \u201cHoje h\u00e1 muito mais brasileiros vivendo no exterior do que migrantes aqui no Brasil\u201d, alertou Camila Asano, coordenadora de programas da ONG Conectas. \u201cS\u00e3o compatriotas que muitas vezes passam por dificuldades seja na Europa, EUA, Jap\u00e3o ou outras partes do mundo. O Pacto Global de Migra\u00e7\u00e3o consolida e refor\u00e7a direitos das pessoas, inclusive os mais de 3 milh\u00f5es de brasileiros vivendo fora, de n\u00e3o serem discriminadas por serem migrantes\u201d, completou Camila Asano. Paal Nesse, do Conselho Noruegu\u00eas de Refugiados, tamb\u00e9m lamenta a decis\u00e3o de governos de deixar o esfor\u00e7o e indicou que n\u00e3o existem indica\u00e7\u00f5es de que o Pacto mine a soberania de um pa\u00eds. \u201cO Pacto prev\u00ea um espa\u00e7o suficiente para que cada governo possa ter sua pol\u00edtica\u201d, indicou o representante de uma das maiores entidades que lidam com refugiados e migrantes. \u201cN\u00e3o h\u00e1 nada que indique a soberania seria abandonada ou perdida\u201d, insistiu. Para ele, a decis\u00e3o de governos de se distanciar do Pacto \u201cenfraquece o momento pol\u00edtico e mina os esfor\u00e7os internacionais para ter a migra\u00e7\u00e3o organizada de forma mais ordenada\u201d. Como exemplo, ele cita os termos do Pacto que incentivam a coopera\u00e7\u00e3o regional. \u201cVimos na Am\u00e9rica do Sul, com a crise na Venezuela, como tal medida \u00e9 necess\u00e1ria\u201d, indicou. Ele ainda lembra que, no caso brasileiro, o interesse em fazer parte do Pacto seria a defesa dos interesses de seus pr\u00f3prios migrantes, espalhados pelo mundo. \u201cO Brasil \u00e9 um exemplo de um pa\u00eds que recebe migrantes. Mas que \u00e9 tamb\u00e9m fonte de emigra\u00e7\u00e3o\u201d, comentou. \u201cCada governo quer que o seu cidad\u00e3o seja tratado sem discrimina\u00e7\u00e3o no exterior e isso exige coopera\u00e7\u00e3o\u201d, completou. O futuro chanceler brasileiro, Ernesto Ara\u00fajo, hvia dito no m\u00eas passado que o Brasil iria se desassociar do Pacto Global pela Imigra\u00e7\u00e3o da ONU, firmado hoje em Marrakesh por 160 pa\u00edses. \u201c(O acordo) \u00e9 um instrumento inadequado para lidar com o problema. A imigra\u00e7\u00e3o n\u00e3o deve ser tratada como quest\u00e3o global, mas sim de acordo com a realidade e a soberania de cada pa\u00eds\u201d, disse Ara\u00fajo no Twitter. Segundo ele, a imigra\u00e7\u00e3o \u201c\u00e9 bem-vinda, mas n\u00e3o pode ser indiscriminada\u201d e deve estar \u201ca servi\u00e7o dos interesses nacionais e da coes\u00e3o de cada sociedade\u201d.<\/p><div class=\"newsi-conteudo_19\" id=\"newsi-1376246653\"><a href=\"https:\/\/www.instagram.com\/prefeituraalagoinhas?igsh=YzgzdDJ1bWR3aWI4\" aria-label=\"SAVE_20251006_221555\"><img loading=\"lazy\" decoding=\"async\" src=\"https:\/\/newsinfoco.com.br\/inicio\/wp-content\/uploads\/2025\/10\/SAVE_20251006_221555-rotated.jpg\" alt=\"\"  srcset=\"https:\/\/newsinfoco.com.br\/inicio\/wp-content\/uploads\/2025\/10\/SAVE_20251006_221555-rotated.jpg 1140w, https:\/\/newsinfoco.com.br\/inicio\/wp-content\/uploads\/2025\/10\/SAVE_20251006_221555-300x52.jpg 300w, https:\/\/newsinfoco.com.br\/inicio\/wp-content\/uploads\/2025\/10\/SAVE_20251006_221555-1024x177.jpg 1024w, https:\/\/newsinfoco.com.br\/inicio\/wp-content\/uploads\/2025\/10\/SAVE_20251006_221555-768x133.jpg 768w, https:\/\/newsinfoco.com.br\/inicio\/wp-content\/uploads\/2025\/10\/SAVE_20251006_221555-600x104.jpg 600w, https:\/\/newsinfoco.com.br\/inicio\/wp-content\/uploads\/2025\/10\/SAVE_20251006_221555-696x120.jpg 696w, https:\/\/newsinfoco.com.br\/inicio\/wp-content\/uploads\/2025\/10\/SAVE_20251006_221555-1068x185.jpg 1068w\" sizes=\"(max-width: 1140px) 100vw, 1140px\" width=\"1140\" height=\"197\"   \/><\/a><\/div>\n<h6 style=\"text-align: right;\">Estad\u00e3o<\/h6>\n<div class='share-to-whatsapp-wrapper'><div class='share-on-whsp'>Share on: <\/div><a data-text='Bolsonaro tira Brasil do Pacto Global pela Imigra\u00e7\u00e3o da ONU' data-link='https:\/\/newsinfoco.com.br\/inicio\/bolsonaro-tira-brasil-do-pacto-global-pela-imigracao-da-onu\/' class='whatsapp-button whatsapp-share'>WhatsApp<\/a><div class='clear '><\/div><\/div>","protected":false},"excerpt":{"rendered":"<p>[sg_popup id=&#8221;11418&#8243; event=&#8221;inherit&#8221;][\/sg_popup]O governo brasileiro informou nesta ter\u00e7a-feira,8, oficialmente \u00e0 ONU em Nova Iorque e em Genebra que o Pa\u00eds est\u00e1 se retirando do Pacto Mundial de Migra\u00e7\u00e3o, assinado em dezembro ainda pelo governo de Michel Temer. Diplomatas brasileiros confirmaram ao Estado que a ONU j\u00e1 foi notificada da decis\u00e3o do governo de Jair Bolsonaro [&hellip;]<\/p>\n","protected":false},"author":1,"featured_media":12650,"comment_status":"open","ping_status":"open","sticky":false,"template":"","format":"standard","meta":{"om_disable_all_campaigns":false,"_exactmetrics_skip_tracking":false,"_exactmetrics_sitenote_active":false,"_exactmetrics_sitenote_note":"","_exactmetrics_sitenote_category":0,"footnotes":""},"categories":[21],"tags":[],"class_list":["post-12646","post","type-post","status-publish","format-standard","has-post-thumbnail","hentry","category-brasil"],"aioseo_notices":[],"_links":{"self":[{"href":"https:\/\/newsinfoco.com.br\/inicio\/wp-json\/wp\/v2\/posts\/12646","targetHints":{"allow":["GET"]}}],"collection":[{"href":"https:\/\/newsinfoco.com.br\/inicio\/wp-json\/wp\/v2\/posts"}],"about":[{"href":"https:\/\/newsinfoco.com.br\/inicio\/wp-json\/wp\/v2\/types\/post"}],"author":[{"embeddable":true,"href":"https:\/\/newsinfoco.com.br\/inicio\/wp-json\/wp\/v2\/users\/1"}],"replies":[{"embeddable":true,"href":"https:\/\/newsinfoco.com.br\/inicio\/wp-json\/wp\/v2\/comments?post=12646"}],"version-history":[{"count":0,"href":"https:\/\/newsinfoco.com.br\/inicio\/wp-json\/wp\/v2\/posts\/12646\/revisions"}],"wp:featuredmedia":[{"embeddable":true,"href":"https:\/\/newsinfoco.com.br\/inicio\/wp-json\/wp\/v2\/media\/12650"}],"wp:attachment":[{"href":"https:\/\/newsinfoco.com.br\/inicio\/wp-json\/wp\/v2\/media?parent=12646"}],"wp:term":[{"taxonomy":"category","embeddable":true,"href":"https:\/\/newsinfoco.com.br\/inicio\/wp-json\/wp\/v2\/categories?post=12646"},{"taxonomy":"post_tag","embeddable":true,"href":"https:\/\/newsinfoco.com.br\/inicio\/wp-json\/wp\/v2\/tags?post=12646"}],"curies":[{"name":"wp","href":"https:\/\/api.w.org\/{rel}","templated":true}]}}