{"id":12652,"date":"2019-01-10T16:20:02","date_gmt":"2019-01-10T18:20:02","guid":{"rendered":"http:\/\/newsinfoco.com.br\/?p=12652"},"modified":"2019-01-10T16:24:42","modified_gmt":"2019-01-10T18:24:42","slug":"treinador-recebe-proposta-de-time-cearense-e-deixa-o-atletico-de-alagoinhas","status":"publish","type":"post","link":"https:\/\/newsinfoco.com.br\/inicio\/treinador-recebe-proposta-de-time-cearense-e-deixa-o-atletico-de-alagoinhas\/","title":{"rendered":"Treinador recebe proposta de time cearense e deixa o Atl\u00e9tico de Alagoinhas"},"content":{"rendered":"<p style=\"text-align: justify;\">[sg_popup id=&#8221;11418&#8243; event=&#8221;inherit&#8221;][\/sg_popup]Arnaldo Lira n\u00e3o \u00e9 mais o t\u00e9cnico do Atl\u00e9tico de Alagoinhas. Segundo informa\u00e7\u00f5es obtidas pelo site News Infoco, o treinador do Carcar\u00e1 recebeu uma \u00f3tima proposta do time do Ferrovi\u00e1rio do Cear\u00e1 e deixar\u00e1 o clube nos pr\u00f3ximos dias.<\/p>\n<p style=\"text-align: justify;\">No inicio da tarde de hoje(10), a diretoria do Carcar\u00e1 se reuniu com o treinador para tentar fazer com que Arnaldo Lira permanecesse no comando da equipe, por\u00e9m de acordo com uma fonte ouvida pelo News Infoco, o treinador j\u00e1 teria dado um sinal positivo para o time do Ferrovi\u00e1rio.<\/p><div class=\"newsi-conteudo_19\" id=\"newsi-1937936893\"><a href=\"https:\/\/www.instagram.com\/prefeituraalagoinhas?igsh=YzgzdDJ1bWR3aWI4\" aria-label=\"SAVE_20251006_221555\"><img loading=\"lazy\" decoding=\"async\" src=\"https:\/\/newsinfoco.com.br\/inicio\/wp-content\/uploads\/2025\/10\/SAVE_20251006_221555-rotated.jpg\" alt=\"\"  srcset=\"https:\/\/newsinfoco.com.br\/inicio\/wp-content\/uploads\/2025\/10\/SAVE_20251006_221555-rotated.jpg 1140w, https:\/\/newsinfoco.com.br\/inicio\/wp-content\/uploads\/2025\/10\/SAVE_20251006_221555-300x52.jpg 300w, https:\/\/newsinfoco.com.br\/inicio\/wp-content\/uploads\/2025\/10\/SAVE_20251006_221555-1024x177.jpg 1024w, https:\/\/newsinfoco.com.br\/inicio\/wp-content\/uploads\/2025\/10\/SAVE_20251006_221555-768x133.jpg 768w, https:\/\/newsinfoco.com.br\/inicio\/wp-content\/uploads\/2025\/10\/SAVE_20251006_221555-600x104.jpg 600w, https:\/\/newsinfoco.com.br\/inicio\/wp-content\/uploads\/2025\/10\/SAVE_20251006_221555-696x120.jpg 696w, https:\/\/newsinfoco.com.br\/inicio\/wp-content\/uploads\/2025\/10\/SAVE_20251006_221555-1068x185.jpg 1068w\" sizes=\"(max-width: 1140px) 100vw, 1140px\" width=\"1140\" height=\"197\"   \/><\/a><\/div>\n<h6 style=\"text-align: right;\">Por Andr\u00e9 Luiz com Caio Pimenta para o News Infoco<\/h6>\n<div class='share-to-whatsapp-wrapper'><div class='share-on-whsp'>Share on: <\/div><a data-text='Treinador recebe proposta de time cearense e deixa o Atl\u00e9tico de Alagoinhas' data-link='https:\/\/newsinfoco.com.br\/inicio\/treinador-recebe-proposta-de-time-cearense-e-deixa-o-atletico-de-alagoinhas\/' class='whatsapp-button whatsapp-share'>WhatsApp<\/a><div class='clear '><\/div><\/div>","protected":false},"excerpt":{"rendered":"<p>[sg_popup id=&#8221;11418&#8243; event=&#8221;inherit&#8221;][\/sg_popup]Arnaldo Lira n\u00e3o \u00e9 mais o t\u00e9cnico do Atl\u00e9tico de Alagoinhas. Segundo informa\u00e7\u00f5es obtidas pelo site News Infoco, o treinador do Carcar\u00e1 recebeu uma \u00f3tima proposta do time do Ferrovi\u00e1rio do Cear\u00e1 e deixar\u00e1 o clube nos pr\u00f3ximos dias. No inicio da tarde de hoje(10), a diretoria do Carcar\u00e1 se reuniu com o [&hellip;]<\/p>\n","protected":false},"author":1,"featured_media":1576,"comment_status":"open","ping_status":"open","sticky":false,"template":"","format":"standard","meta":{"om_disable_all_campaigns":false,"_exactmetrics_skip_tracking":false,"_exactmetrics_sitenote_active":false,"_exactmetrics_sitenote_note":"","_exactmetrics_sitenote_category":0,"footnotes":""},"categories":[30,36],"tags":[],"class_list":["post-12652","post","type-post","status-publish","format-standard","has-post-thumbnail","hentry","category-destaque","category-esporte"],"aioseo_notices":[],"_links":{"self":[{"href":"https:\/\/newsinfoco.com.br\/inicio\/wp-json\/wp\/v2\/posts\/12652","targetHints":{"allow":["GET"]}}],"collection":[{"href":"https:\/\/newsinfoco.com.br\/inicio\/wp-json\/wp\/v2\/posts"}],"about":[{"href":"https:\/\/newsinfoco.com.br\/inicio\/wp-json\/wp\/v2\/types\/post"}],"author":[{"embeddable":true,"href":"https:\/\/newsinfoco.com.br\/inicio\/wp-json\/wp\/v2\/users\/1"}],"replies":[{"embeddable":true,"href":"https:\/\/newsinfoco.com.br\/inicio\/wp-json\/wp\/v2\/comments?post=12652"}],"version-history":[{"count":0,"href":"https:\/\/newsinfoco.com.br\/inicio\/wp-json\/wp\/v2\/posts\/12652\/revisions"}],"wp:featuredmedia":[{"embeddable":true,"href":"https:\/\/newsinfoco.com.br\/inicio\/wp-json\/wp\/v2\/media\/1576"}],"wp:attachment":[{"href":"https:\/\/newsinfoco.com.br\/inicio\/wp-json\/wp\/v2\/media?parent=12652"}],"wp:term":[{"taxonomy":"category","embeddable":true,"href":"https:\/\/newsinfoco.com.br\/inicio\/wp-json\/wp\/v2\/categories?post=12652"},{"taxonomy":"post_tag","embeddable":true,"href":"https:\/\/newsinfoco.com.br\/inicio\/wp-json\/wp\/v2\/tags?post=12652"}],"curies":[{"name":"wp","href":"https:\/\/api.w.org\/{rel}","templated":true}]}}