{"id":12658,"date":"2019-01-10T18:00:51","date_gmt":"2019-01-10T20:00:51","guid":{"rendered":"http:\/\/newsinfoco.com.br\/?p=12658"},"modified":"2019-01-10T18:07:06","modified_gmt":"2019-01-10T20:07:06","slug":"prefeito-joaquim-neto-diz-que-custeara-nova-maternidade-municipal-com-recursos-destinados-ao-pagamento-dos-precatorios-jose-da-silva-azi","status":"publish","type":"post","link":"https:\/\/newsinfoco.com.br\/inicio\/prefeito-joaquim-neto-diz-que-custeara-nova-maternidade-municipal-com-recursos-destinados-ao-pagamento-dos-precatorios-jose-da-silva-azi\/","title":{"rendered":"Prefeito Joaquim Neto diz que custear\u00e1 nova maternidade municipal com recursos destinados ao pagamento dos precat\u00f3rios Jos\u00e9 da Silva Azi"},"content":{"rendered":"<p style=\"text-align: justify;\">[sg_popup id=&#8221;11418&#8243; event=&#8221;inherit&#8221;][\/sg_popup]Hoje(10) o prefeito de Alagoinhas Joaquim Neto, durante entrevista ao programa Primeira M\u00e3o, da r\u00e1dio 95,7 FM, falou sobre a constru\u00e7\u00e3o da nova maternidade municipal. Ele se queixou das cr\u00edticas feitas a essa iniciativa por setores da imprensa e parte da popula\u00e7\u00e3o e afirmou que a constru\u00e7\u00e3o da nova maternidade \u00e9 necess\u00e1rio para atender com dec\u00eancias \u00e0s parturientes de Alagoinhas.<\/p>\n<p style=\"text-align: justify;\">Questionado sobre como conseguiria recursos para manter a nova maternidade, o prefeito afirmou que custearia com os recursos que hoje s\u00e3o destinados ao pagamento dos precat\u00f3rios Jos\u00e9 da Silva Azi. Ap\u00f3s a entrevista, em contato com o site News Infoco, o prefeito afirmou que mensalmente s\u00e3o gastos cerca de 317 mil reais com o pagamento desses precat\u00f3rios, que ser\u00e1 totalmente quitado no decorrer de 2019.<\/p><div class=\"newsi-conteudo_19\" id=\"newsi-279455771\"><a href=\"https:\/\/www.instagram.com\/prefeituraalagoinhas?igsh=YzgzdDJ1bWR3aWI4\" aria-label=\"SAVE_20251006_221555\"><img loading=\"lazy\" decoding=\"async\" src=\"https:\/\/newsinfoco.com.br\/inicio\/wp-content\/uploads\/2025\/10\/SAVE_20251006_221555-rotated.jpg\" alt=\"\"  srcset=\"https:\/\/newsinfoco.com.br\/inicio\/wp-content\/uploads\/2025\/10\/SAVE_20251006_221555-rotated.jpg 1140w, https:\/\/newsinfoco.com.br\/inicio\/wp-content\/uploads\/2025\/10\/SAVE_20251006_221555-300x52.jpg 300w, https:\/\/newsinfoco.com.br\/inicio\/wp-content\/uploads\/2025\/10\/SAVE_20251006_221555-1024x177.jpg 1024w, https:\/\/newsinfoco.com.br\/inicio\/wp-content\/uploads\/2025\/10\/SAVE_20251006_221555-768x133.jpg 768w, https:\/\/newsinfoco.com.br\/inicio\/wp-content\/uploads\/2025\/10\/SAVE_20251006_221555-600x104.jpg 600w, https:\/\/newsinfoco.com.br\/inicio\/wp-content\/uploads\/2025\/10\/SAVE_20251006_221555-696x120.jpg 696w, https:\/\/newsinfoco.com.br\/inicio\/wp-content\/uploads\/2025\/10\/SAVE_20251006_221555-1068x185.jpg 1068w\" sizes=\"(max-width: 1140px) 100vw, 1140px\" width=\"1140\" height=\"197\"   \/><\/a><\/div>\n<p style=\"text-align: justify;\">Esse pagamento feito pelo governo municipal \u00e9 correspondente a desapropria\u00e7\u00e3o de um terreno de aproximadamente 40.000 m\u00b2 localizado no centro da cidade, antes pertencente a Jos\u00e9 da Silva Azi, ex-prefeito de Alagoinhas j\u00e1 falecido, feito no passado pela prefeitura. O terreno, que compreende entre outras coisas o terminal de coletivos, est\u00e1 localizada em uma \u00e1rea central, onde estimasse que cada metro quadrado esteja avaliado em 3.000 reais.<\/p>\n<p style=\"text-align: right;\"><span style=\"color: #999999;\">Por Caio Pimenta para o News Infoco<\/span><\/p>\n<div class='share-to-whatsapp-wrapper'><div class='share-on-whsp'>Share on: <\/div><a data-text='Prefeito Joaquim Neto diz que custear\u00e1 nova maternidade municipal com recursos destinados ao pagamento dos precat\u00f3rios Jos\u00e9 da Silva Azi' data-link='https:\/\/newsinfoco.com.br\/inicio\/prefeito-joaquim-neto-diz-que-custeara-nova-maternidade-municipal-com-recursos-destinados-ao-pagamento-dos-precatorios-jose-da-silva-azi\/' class='whatsapp-button whatsapp-share'>WhatsApp<\/a><div class='clear '><\/div><\/div>","protected":false},"excerpt":{"rendered":"<p>[sg_popup id=&#8221;11418&#8243; event=&#8221;inherit&#8221;][\/sg_popup]Hoje(10) o prefeito de Alagoinhas Joaquim Neto, durante entrevista ao programa Primeira M\u00e3o, da r\u00e1dio 95,7 FM, falou sobre a constru\u00e7\u00e3o da nova maternidade municipal. Ele se queixou das cr\u00edticas feitas a essa iniciativa por setores da imprensa e parte da popula\u00e7\u00e3o e afirmou que a constru\u00e7\u00e3o da nova maternidade \u00e9 necess\u00e1rio para [&hellip;]<\/p>\n","protected":false},"author":1,"featured_media":12659,"comment_status":"open","ping_status":"open","sticky":false,"template":"","format":"standard","meta":{"om_disable_all_campaigns":false,"_exactmetrics_skip_tracking":false,"_exactmetrics_sitenote_active":false,"_exactmetrics_sitenote_note":"","_exactmetrics_sitenote_category":0,"footnotes":""},"categories":[38,30],"tags":[],"class_list":["post-12658","post","type-post","status-publish","format-standard","has-post-thumbnail","hentry","category-alagoinhas-e-regiao","category-destaque"],"aioseo_notices":[],"_links":{"self":[{"href":"https:\/\/newsinfoco.com.br\/inicio\/wp-json\/wp\/v2\/posts\/12658","targetHints":{"allow":["GET"]}}],"collection":[{"href":"https:\/\/newsinfoco.com.br\/inicio\/wp-json\/wp\/v2\/posts"}],"about":[{"href":"https:\/\/newsinfoco.com.br\/inicio\/wp-json\/wp\/v2\/types\/post"}],"author":[{"embeddable":true,"href":"https:\/\/newsinfoco.com.br\/inicio\/wp-json\/wp\/v2\/users\/1"}],"replies":[{"embeddable":true,"href":"https:\/\/newsinfoco.com.br\/inicio\/wp-json\/wp\/v2\/comments?post=12658"}],"version-history":[{"count":0,"href":"https:\/\/newsinfoco.com.br\/inicio\/wp-json\/wp\/v2\/posts\/12658\/revisions"}],"wp:featuredmedia":[{"embeddable":true,"href":"https:\/\/newsinfoco.com.br\/inicio\/wp-json\/wp\/v2\/media\/12659"}],"wp:attachment":[{"href":"https:\/\/newsinfoco.com.br\/inicio\/wp-json\/wp\/v2\/media?parent=12658"}],"wp:term":[{"taxonomy":"category","embeddable":true,"href":"https:\/\/newsinfoco.com.br\/inicio\/wp-json\/wp\/v2\/categories?post=12658"},{"taxonomy":"post_tag","embeddable":true,"href":"https:\/\/newsinfoco.com.br\/inicio\/wp-json\/wp\/v2\/tags?post=12658"}],"curies":[{"name":"wp","href":"https:\/\/api.w.org\/{rel}","templated":true}]}}