{"id":12664,"date":"2019-01-10T18:53:10","date_gmt":"2019-01-10T20:53:10","guid":{"rendered":"http:\/\/newsinfoco.com.br\/?p=12664"},"modified":"2019-01-10T18:54:19","modified_gmt":"2019-01-10T20:54:19","slug":"prefeito-joaquim-neto-nega-que-o-aterro-sanitario-de-alagoinhas-tenha-se-transformado-em-um-lixao","status":"publish","type":"post","link":"https:\/\/newsinfoco.com.br\/inicio\/prefeito-joaquim-neto-nega-que-o-aterro-sanitario-de-alagoinhas-tenha-se-transformado-em-um-lixao\/","title":{"rendered":"Prefeito Joaquim Neto nega que o aterro sanit\u00e1rio de Alagoinhas tenha se transformado em um lix\u00e3o"},"content":{"rendered":"<p style=\"text-align: justify;\">[sg_popup id=&#8221;11418&#8243; event=&#8221;inherit&#8221;][\/sg_popup]O prefeito Joaquim Neto negou na manh\u00e3 desta quinta-feira(10), durante entrevista concedida ao programa Primeira M\u00e3o, da r\u00e1dio 95,7 FM, que o aterro sanit\u00e1rio de Alagoinhas tenha se transformado em um lix\u00e3o. A den\u00fancia foi feita no ar pelo \u00e2ncora do programa, Haroldo Azi, citando relatos de funcion\u00e1rios que descarregam o lixo no local, o dono de um posto nas imedia\u00e7\u00f5es e de uma visita que ele pr\u00f3prio fez ao aterro onde, segundo ele, p\u00f4de atestar a presen\u00e7a de um verdadeiro lix\u00e3o. Al\u00e9m disso, foi levantado o atraso de pagamento da prefeitura \u00e0 antiga empresa que operava o aterro sanit\u00e1rio. Tudo foi negado pelo prefeito,<\/p>\n<p style=\"text-align: justify;\">Por telefone o representante da antiga empresa fez uma interven\u00e7\u00e3o no programa endossando as palavras do prefeito. Disse que o aterro sanit\u00e1rio passou por uma requalifica\u00e7\u00e3o e que todos os res\u00edduos que estavam alocadas na c\u00e9lula do aterro desde a antiga gest\u00e3o foi retirado. Ainda segundo o representante, uma nova empresa opera o aterro.<\/p><div class=\"newsi-conteudo_19\" id=\"newsi-657497892\"><a href=\"https:\/\/www.instagram.com\/prefeituraalagoinhas?igsh=YzgzdDJ1bWR3aWI4\" aria-label=\"SAVE_20251006_221555\"><img loading=\"lazy\" decoding=\"async\" src=\"https:\/\/newsinfoco.com.br\/inicio\/wp-content\/uploads\/2025\/10\/SAVE_20251006_221555-rotated.jpg\" alt=\"\"  srcset=\"https:\/\/newsinfoco.com.br\/inicio\/wp-content\/uploads\/2025\/10\/SAVE_20251006_221555-rotated.jpg 1140w, https:\/\/newsinfoco.com.br\/inicio\/wp-content\/uploads\/2025\/10\/SAVE_20251006_221555-300x52.jpg 300w, https:\/\/newsinfoco.com.br\/inicio\/wp-content\/uploads\/2025\/10\/SAVE_20251006_221555-1024x177.jpg 1024w, https:\/\/newsinfoco.com.br\/inicio\/wp-content\/uploads\/2025\/10\/SAVE_20251006_221555-768x133.jpg 768w, https:\/\/newsinfoco.com.br\/inicio\/wp-content\/uploads\/2025\/10\/SAVE_20251006_221555-600x104.jpg 600w, https:\/\/newsinfoco.com.br\/inicio\/wp-content\/uploads\/2025\/10\/SAVE_20251006_221555-696x120.jpg 696w, https:\/\/newsinfoco.com.br\/inicio\/wp-content\/uploads\/2025\/10\/SAVE_20251006_221555-1068x185.jpg 1068w\" sizes=\"(max-width: 1140px) 100vw, 1140px\" width=\"1140\" height=\"197\"   \/><\/a><\/div>\n<p style=\"text-align: justify;\">Hoje pela manh\u00e3 o vereador Thor de Ninha(PT), presidente da comiss\u00e3o de meio ambiente da C\u00e2mara Municipal de Alagoinhas, visitou o local onde est\u00e1 localizado o aterro sanit\u00e1rio. Ele afirmou que o local possui caracter\u00edsticas que o distancia do termo &#8220;aterro sanit\u00e1rio&#8221; e o aproxima de um lix\u00e3o. Ele cita a exposi\u00e7\u00e3o de material a c\u00e9u aberto no local e a presen\u00e7a de badameiros a revirar o lixo em busca de sobreviv\u00eancia, caracter\u00edsticas t\u00edpicas de um lix\u00e3o.<\/p>\n<p style=\"text-align: right;\"><span style=\"color: #999999;\">Por Caio Pimenta para o News Infoco<\/span><\/p>\n<div class='share-to-whatsapp-wrapper'><div class='share-on-whsp'>Share on: <\/div><a data-text='Prefeito Joaquim Neto nega que o aterro sanit\u00e1rio de Alagoinhas tenha se transformado em um lix\u00e3o' data-link='https:\/\/newsinfoco.com.br\/inicio\/prefeito-joaquim-neto-nega-que-o-aterro-sanitario-de-alagoinhas-tenha-se-transformado-em-um-lixao\/' class='whatsapp-button whatsapp-share'>WhatsApp<\/a><div class='clear '><\/div><\/div>","protected":false},"excerpt":{"rendered":"<p>[sg_popup id=&#8221;11418&#8243; event=&#8221;inherit&#8221;][\/sg_popup]O prefeito Joaquim Neto negou na manh\u00e3 desta quinta-feira(10), durante entrevista concedida ao programa Primeira M\u00e3o, da r\u00e1dio 95,7 FM, que o aterro sanit\u00e1rio de Alagoinhas tenha se transformado em um lix\u00e3o. A den\u00fancia foi feita no ar pelo \u00e2ncora do programa, Haroldo Azi, citando relatos de funcion\u00e1rios que descarregam o lixo no [&hellip;]<\/p>\n","protected":false},"author":1,"featured_media":12666,"comment_status":"open","ping_status":"open","sticky":false,"template":"","format":"standard","meta":{"om_disable_all_campaigns":false,"_exactmetrics_skip_tracking":false,"_exactmetrics_sitenote_active":false,"_exactmetrics_sitenote_note":"","_exactmetrics_sitenote_category":0,"footnotes":""},"categories":[38,30],"tags":[],"class_list":["post-12664","post","type-post","status-publish","format-standard","has-post-thumbnail","hentry","category-alagoinhas-e-regiao","category-destaque"],"aioseo_notices":[],"_links":{"self":[{"href":"https:\/\/newsinfoco.com.br\/inicio\/wp-json\/wp\/v2\/posts\/12664","targetHints":{"allow":["GET"]}}],"collection":[{"href":"https:\/\/newsinfoco.com.br\/inicio\/wp-json\/wp\/v2\/posts"}],"about":[{"href":"https:\/\/newsinfoco.com.br\/inicio\/wp-json\/wp\/v2\/types\/post"}],"author":[{"embeddable":true,"href":"https:\/\/newsinfoco.com.br\/inicio\/wp-json\/wp\/v2\/users\/1"}],"replies":[{"embeddable":true,"href":"https:\/\/newsinfoco.com.br\/inicio\/wp-json\/wp\/v2\/comments?post=12664"}],"version-history":[{"count":0,"href":"https:\/\/newsinfoco.com.br\/inicio\/wp-json\/wp\/v2\/posts\/12664\/revisions"}],"wp:featuredmedia":[{"embeddable":true,"href":"https:\/\/newsinfoco.com.br\/inicio\/wp-json\/wp\/v2\/media\/12666"}],"wp:attachment":[{"href":"https:\/\/newsinfoco.com.br\/inicio\/wp-json\/wp\/v2\/media?parent=12664"}],"wp:term":[{"taxonomy":"category","embeddable":true,"href":"https:\/\/newsinfoco.com.br\/inicio\/wp-json\/wp\/v2\/categories?post=12664"},{"taxonomy":"post_tag","embeddable":true,"href":"https:\/\/newsinfoco.com.br\/inicio\/wp-json\/wp\/v2\/tags?post=12664"}],"curies":[{"name":"wp","href":"https:\/\/api.w.org\/{rel}","templated":true}]}}