{"id":12673,"date":"2019-01-10T22:41:24","date_gmt":"2019-01-11T00:41:24","guid":{"rendered":"http:\/\/newsinfoco.com.br\/?p=12673"},"modified":"2019-01-10T22:49:50","modified_gmt":"2019-01-11T00:49:50","slug":"filho-de-jaldice-nunes-e-exonerado-pelo-prefeito-joaquim-neto","status":"publish","type":"post","link":"https:\/\/newsinfoco.com.br\/inicio\/filho-de-jaldice-nunes-e-exonerado-pelo-prefeito-joaquim-neto\/","title":{"rendered":"Filho de Jaldice Nunes \u00e9 exonerado pelo prefeito Joaquim Neto"},"content":{"rendered":"<p style=\"text-align: justify;\">[sg_popup id=&#8221;11418&#8243; event=&#8221;inherit&#8221;][\/sg_popup]O filho da ex-subsecretaria da Secretaria Municipal de Desenvolvimento Econ\u00f4mico e Meio Ambiente de Alagoinhas(SEDEA) Jaldice Nunes, Luan Nunes, foi exonerado ontem(09) pelo prefeito de Alagoinhas, Joaquim Neto da coordenadoria de transporte escolar da SEDUC. Apesar da exonera\u00e7\u00e3o de sua m\u00e3e, Jaldice Nunes, e do rompimento politico entre o prefeito Joaquim Neto e o deputado Paulo Azi que culminou na sa\u00edda do secret\u00e1rio de educa\u00e7\u00e3o Frabricio Faro, Luan Nunes, que tamb\u00e9m \u00e9 presidente do DEM Jovem de Alagoinhas, preferiu continuar no governo Joaquim Neto.<\/p>\n<p style=\"text-align: justify;\">Luan Nunes \u00e9 mais um detentor de cargo, a priori indicado por Paulo Azi, que \u00e9 exonerado pelo prefeito Joaquim Neto em meio a reforma administrativa que promove em seu governo.<\/p><div class=\"newsi-conteudo_19\" id=\"newsi-3705238378\"><a href=\"https:\/\/www.instagram.com\/prefeituraalagoinhas?igsh=YzgzdDJ1bWR3aWI4\" aria-label=\"SAVE_20251006_221555\"><img loading=\"lazy\" decoding=\"async\" src=\"https:\/\/newsinfoco.com.br\/inicio\/wp-content\/uploads\/2025\/10\/SAVE_20251006_221555-rotated.jpg\" alt=\"\"  srcset=\"https:\/\/newsinfoco.com.br\/inicio\/wp-content\/uploads\/2025\/10\/SAVE_20251006_221555-rotated.jpg 1140w, https:\/\/newsinfoco.com.br\/inicio\/wp-content\/uploads\/2025\/10\/SAVE_20251006_221555-300x52.jpg 300w, https:\/\/newsinfoco.com.br\/inicio\/wp-content\/uploads\/2025\/10\/SAVE_20251006_221555-1024x177.jpg 1024w, https:\/\/newsinfoco.com.br\/inicio\/wp-content\/uploads\/2025\/10\/SAVE_20251006_221555-768x133.jpg 768w, https:\/\/newsinfoco.com.br\/inicio\/wp-content\/uploads\/2025\/10\/SAVE_20251006_221555-600x104.jpg 600w, https:\/\/newsinfoco.com.br\/inicio\/wp-content\/uploads\/2025\/10\/SAVE_20251006_221555-696x120.jpg 696w, https:\/\/newsinfoco.com.br\/inicio\/wp-content\/uploads\/2025\/10\/SAVE_20251006_221555-1068x185.jpg 1068w\" sizes=\"(max-width: 1140px) 100vw, 1140px\" width=\"1140\" height=\"197\"   \/><\/a><\/div>\n<h6 style=\"text-align: right;\">Por Caio Pimenta para o News Infoco<\/h6>\n<p>&nbsp;<\/p>\n<div class='share-to-whatsapp-wrapper'><div class='share-on-whsp'>Share on: <\/div><a data-text='Filho de Jaldice Nunes \u00e9 exonerado pelo prefeito Joaquim Neto' data-link='https:\/\/newsinfoco.com.br\/inicio\/filho-de-jaldice-nunes-e-exonerado-pelo-prefeito-joaquim-neto\/' class='whatsapp-button whatsapp-share'>WhatsApp<\/a><div class='clear '><\/div><\/div>","protected":false},"excerpt":{"rendered":"<p>[sg_popup id=&#8221;11418&#8243; event=&#8221;inherit&#8221;][\/sg_popup]O filho da ex-subsecretaria da Secretaria Municipal de Desenvolvimento Econ\u00f4mico e Meio Ambiente de Alagoinhas(SEDEA) Jaldice Nunes, Luan Nunes, foi exonerado ontem(09) pelo prefeito de Alagoinhas, Joaquim Neto da coordenadoria de transporte escolar da SEDUC. Apesar da exonera\u00e7\u00e3o de sua m\u00e3e, Jaldice Nunes, e do rompimento politico entre o prefeito Joaquim Neto e [&hellip;]<\/p>\n","protected":false},"author":1,"featured_media":12674,"comment_status":"open","ping_status":"open","sticky":false,"template":"","format":"standard","meta":{"om_disable_all_campaigns":false,"_exactmetrics_skip_tracking":false,"_exactmetrics_sitenote_active":false,"_exactmetrics_sitenote_note":"","_exactmetrics_sitenote_category":0,"footnotes":""},"categories":[38,30],"tags":[],"class_list":["post-12673","post","type-post","status-publish","format-standard","has-post-thumbnail","hentry","category-alagoinhas-e-regiao","category-destaque"],"aioseo_notices":[],"_links":{"self":[{"href":"https:\/\/newsinfoco.com.br\/inicio\/wp-json\/wp\/v2\/posts\/12673","targetHints":{"allow":["GET"]}}],"collection":[{"href":"https:\/\/newsinfoco.com.br\/inicio\/wp-json\/wp\/v2\/posts"}],"about":[{"href":"https:\/\/newsinfoco.com.br\/inicio\/wp-json\/wp\/v2\/types\/post"}],"author":[{"embeddable":true,"href":"https:\/\/newsinfoco.com.br\/inicio\/wp-json\/wp\/v2\/users\/1"}],"replies":[{"embeddable":true,"href":"https:\/\/newsinfoco.com.br\/inicio\/wp-json\/wp\/v2\/comments?post=12673"}],"version-history":[{"count":0,"href":"https:\/\/newsinfoco.com.br\/inicio\/wp-json\/wp\/v2\/posts\/12673\/revisions"}],"wp:featuredmedia":[{"embeddable":true,"href":"https:\/\/newsinfoco.com.br\/inicio\/wp-json\/wp\/v2\/media\/12674"}],"wp:attachment":[{"href":"https:\/\/newsinfoco.com.br\/inicio\/wp-json\/wp\/v2\/media?parent=12673"}],"wp:term":[{"taxonomy":"category","embeddable":true,"href":"https:\/\/newsinfoco.com.br\/inicio\/wp-json\/wp\/v2\/categories?post=12673"},{"taxonomy":"post_tag","embeddable":true,"href":"https:\/\/newsinfoco.com.br\/inicio\/wp-json\/wp\/v2\/tags?post=12673"}],"curies":[{"name":"wp","href":"https:\/\/api.w.org\/{rel}","templated":true}]}}