{"id":12677,"date":"2019-01-11T10:42:32","date_gmt":"2019-01-11T12:42:32","guid":{"rendered":"http:\/\/newsinfoco.com.br\/?p=12677"},"modified":"2019-01-11T11:30:26","modified_gmt":"2019-01-11T13:30:26","slug":"arnaldo-lira-entra-em-acordo-com-a-diretoria-do-atletico-de-alagoinhas-e-permanecera-no-comando-da-equipe","status":"publish","type":"post","link":"https:\/\/newsinfoco.com.br\/inicio\/arnaldo-lira-entra-em-acordo-com-a-diretoria-do-atletico-de-alagoinhas-e-permanecera-no-comando-da-equipe\/","title":{"rendered":"Arnaldo Lira entra em acordo com a diretoria do Atl\u00e9tico de Alagoinhas e permanecer\u00e1 no comando da equipe"},"content":{"rendered":"<p style=\"text-align: justify;\">[sg_popup id=&#8221;11418&#8243; event=&#8221;inherit&#8221;][\/sg_popup]Depois de muitas idas e vindas, sai e fica, o treinador Arnaldo Lira confirmou de forma oficial que ele continua no comando t\u00e9cnico do Atl\u00e9tico de Alagoinhas. A informa\u00e7\u00e3o foi divulgada ap\u00f3s uma reuni\u00e3o entre o treinador e a diretoria do clube. O treinador, inclusive, j\u00e1 est\u00e1 comandando o treinamento da equipe carcar\u00e1 no estadio Carneir\u00e3o.<\/p>\n<p style=\"text-align: justify;\">Em rela\u00e7\u00e3o a contrata\u00e7\u00f5es, a diretoria atleticana deve estar confirmando o nome de mais alguns refor\u00e7os nos pr\u00f3ximos dias. J\u00e1 no tocante a amistosos, \u00e9 bem prov\u00e1vel que o time n\u00e3o realize mais nenhum amistoso at\u00e9 o dia da estreia no Baian\u00e3o 2019, que ocorrer\u00e1 no dia 20 de Janeiro, contra a Juazeirense.<\/p><div class=\"newsi-conteudo_19\" id=\"newsi-3021141699\"><a href=\"https:\/\/www.instagram.com\/prefeituraalagoinhas?igsh=YzgzdDJ1bWR3aWI4\" aria-label=\"SAVE_20251006_221555\"><img loading=\"lazy\" decoding=\"async\" src=\"https:\/\/newsinfoco.com.br\/inicio\/wp-content\/uploads\/2025\/10\/SAVE_20251006_221555-rotated.jpg\" alt=\"\"  srcset=\"https:\/\/newsinfoco.com.br\/inicio\/wp-content\/uploads\/2025\/10\/SAVE_20251006_221555-rotated.jpg 1140w, https:\/\/newsinfoco.com.br\/inicio\/wp-content\/uploads\/2025\/10\/SAVE_20251006_221555-300x52.jpg 300w, https:\/\/newsinfoco.com.br\/inicio\/wp-content\/uploads\/2025\/10\/SAVE_20251006_221555-1024x177.jpg 1024w, https:\/\/newsinfoco.com.br\/inicio\/wp-content\/uploads\/2025\/10\/SAVE_20251006_221555-768x133.jpg 768w, https:\/\/newsinfoco.com.br\/inicio\/wp-content\/uploads\/2025\/10\/SAVE_20251006_221555-600x104.jpg 600w, https:\/\/newsinfoco.com.br\/inicio\/wp-content\/uploads\/2025\/10\/SAVE_20251006_221555-696x120.jpg 696w, https:\/\/newsinfoco.com.br\/inicio\/wp-content\/uploads\/2025\/10\/SAVE_20251006_221555-1068x185.jpg 1068w\" sizes=\"(max-width: 1140px) 100vw, 1140px\" width=\"1140\" height=\"197\"   \/><\/a><\/div>\n<h6 style=\"text-align: right;\">Por Andr\u00e9 Luiz para o News Infoco<\/h6>\n<p>&nbsp;<\/p>\n<div class='share-to-whatsapp-wrapper'><div class='share-on-whsp'>Share on: <\/div><a data-text='Arnaldo Lira entra em acordo com a diretoria do Atl\u00e9tico de Alagoinhas e permanecer\u00e1 no comando da equipe' data-link='https:\/\/newsinfoco.com.br\/inicio\/arnaldo-lira-entra-em-acordo-com-a-diretoria-do-atletico-de-alagoinhas-e-permanecera-no-comando-da-equipe\/' class='whatsapp-button whatsapp-share'>WhatsApp<\/a><div class='clear '><\/div><\/div>","protected":false},"excerpt":{"rendered":"<p>[sg_popup id=&#8221;11418&#8243; event=&#8221;inherit&#8221;][\/sg_popup]Depois de muitas idas e vindas, sai e fica, o treinador Arnaldo Lira confirmou de forma oficial que ele continua no comando t\u00e9cnico do Atl\u00e9tico de Alagoinhas. A informa\u00e7\u00e3o foi divulgada ap\u00f3s uma reuni\u00e3o entre o treinador e a diretoria do clube. O treinador, inclusive, j\u00e1 est\u00e1 comandando o treinamento da equipe carcar\u00e1 [&hellip;]<\/p>\n","protected":false},"author":1,"featured_media":12678,"comment_status":"open","ping_status":"open","sticky":false,"template":"","format":"standard","meta":{"om_disable_all_campaigns":false,"_exactmetrics_skip_tracking":false,"_exactmetrics_sitenote_active":false,"_exactmetrics_sitenote_note":"","_exactmetrics_sitenote_category":0,"footnotes":""},"categories":[30,36],"tags":[],"class_list":["post-12677","post","type-post","status-publish","format-standard","has-post-thumbnail","hentry","category-destaque","category-esporte"],"aioseo_notices":[],"_links":{"self":[{"href":"https:\/\/newsinfoco.com.br\/inicio\/wp-json\/wp\/v2\/posts\/12677","targetHints":{"allow":["GET"]}}],"collection":[{"href":"https:\/\/newsinfoco.com.br\/inicio\/wp-json\/wp\/v2\/posts"}],"about":[{"href":"https:\/\/newsinfoco.com.br\/inicio\/wp-json\/wp\/v2\/types\/post"}],"author":[{"embeddable":true,"href":"https:\/\/newsinfoco.com.br\/inicio\/wp-json\/wp\/v2\/users\/1"}],"replies":[{"embeddable":true,"href":"https:\/\/newsinfoco.com.br\/inicio\/wp-json\/wp\/v2\/comments?post=12677"}],"version-history":[{"count":0,"href":"https:\/\/newsinfoco.com.br\/inicio\/wp-json\/wp\/v2\/posts\/12677\/revisions"}],"wp:featuredmedia":[{"embeddable":true,"href":"https:\/\/newsinfoco.com.br\/inicio\/wp-json\/wp\/v2\/media\/12678"}],"wp:attachment":[{"href":"https:\/\/newsinfoco.com.br\/inicio\/wp-json\/wp\/v2\/media?parent=12677"}],"wp:term":[{"taxonomy":"category","embeddable":true,"href":"https:\/\/newsinfoco.com.br\/inicio\/wp-json\/wp\/v2\/categories?post=12677"},{"taxonomy":"post_tag","embeddable":true,"href":"https:\/\/newsinfoco.com.br\/inicio\/wp-json\/wp\/v2\/tags?post=12677"}],"curies":[{"name":"wp","href":"https:\/\/api.w.org\/{rel}","templated":true}]}}