{"id":12720,"date":"2019-01-12T13:27:18","date_gmt":"2019-01-12T15:27:18","guid":{"rendered":"http:\/\/newsinfoco.com.br\/?p=12720"},"modified":"2019-01-12T13:27:18","modified_gmt":"2019-01-12T15:27:18","slug":"confira-lista-dos-24-mil-sorteados-para-vagas-na-creche-e-escolas-da-pm","status":"publish","type":"post","link":"https:\/\/newsinfoco.com.br\/inicio\/confira-lista-dos-24-mil-sorteados-para-vagas-na-creche-e-escolas-da-pm\/","title":{"rendered":"Confira lista dos 2,4 mil sorteados para vagas na creche e escolas da PM"},"content":{"rendered":"<p style=\"text-align: justify;\">[sg_popup id=&#8221;11418&#8243; event=&#8221;inherit&#8221;][\/sg_popup]A Pol\u00edcia Militar da Bahia divulgou, na tarde na sexta-feira (11), as primeiras listas de sorteados no processo seletivo para os col\u00e9gios e a creche da institui\u00e7\u00e3o. Os nomes dos contemplados est\u00e3o dispon\u00edveis no <a href=\"http:\/\/www.pm.ba.gov.br\/homepmbacpmsorteio.html\">site da PM<\/a>. As matr\u00edculas devem ser feitas nos dias 14, 15, 16 e 21 de janeiro, das 8h \u00e0s 17h. A lista de documentos necess\u00e1rios tamb\u00e9m est\u00e1 no site da institui\u00e7\u00e3o. Os respons\u00e1veis pelos candidatos que n\u00e3o foram conteplados na primeira lista devem ficar atentos \u00e0s outras chamadas, que devem ser divulgadas no decorrer dos pr\u00f3ximos dias. Segundo a PM, 50.422 candidatos inscritos concorreram a uma das 2.381 vagas dispon\u00edveis para os 15 col\u00e9gios da capital e interior (361 para o Ensino M\u00e9dio e 2.020 para o Ensino Fundamental) e 7.568 disputaram as 33 vagas para a creche Nossa Senhora das Gra\u00e7as, que fica na capital;<\/p>\n<p style=\"text-align: justify;\">Al\u00e9m dos cinco col\u00e9gios na capital (Dendezeiros, Luiz Tarqu\u00ednio, Ribeira, Lobato e Cajazeiras), os CPM est\u00e3o distribu\u00eddos nas cidades de Teixeira de Freitas, Alagoinhas, Ilh\u00e9us, Itabuna, Feira de Santana, Vit\u00f3ria da Conquista, Candeias, Juazeiro, Jequi\u00e9 e Barreiras. O sorteio das vagas foi realizado \u00e0s 9h desta sexta-feira, no Instituto An\u00edsio Teixeira (IAT), no bairro de S\u00e3o Marcos, em Salvador, e teve a participa\u00e7\u00e3o de respons\u00e1veis de candidatos inscritos, representantes do Tribunal de Justi\u00e7a, Assembleia Legislativa, Minist\u00e9rio P\u00fablico Estadual, Procuradoria Geral do Estado, Defensoria P\u00fablica e associa\u00e7\u00f5es de classe. Segundo a PM, 70% das vagas na capital s\u00e3o destinadas para filhos de policiais militares e funcion\u00e1rios civis da institui\u00e7\u00e3o, e 30% para o p\u00fablico externo. No interior do estado, por sua vez, 50% das vagas s\u00e3o destinadas para filhos de policiais militares e funcion\u00e1rios civis, e os outros 50% para o p\u00fablico externo.<\/p><div class=\"newsi-conteudo_19\" id=\"newsi-2711058624\"><a href=\"https:\/\/www.instagram.com\/prefeituraalagoinhas?igsh=YzgzdDJ1bWR3aWI4\" aria-label=\"SAVE_20251006_221555\"><img loading=\"lazy\" decoding=\"async\" src=\"https:\/\/newsinfoco.com.br\/inicio\/wp-content\/uploads\/2025\/10\/SAVE_20251006_221555-rotated.jpg\" alt=\"\"  srcset=\"https:\/\/newsinfoco.com.br\/inicio\/wp-content\/uploads\/2025\/10\/SAVE_20251006_221555-rotated.jpg 1140w, https:\/\/newsinfoco.com.br\/inicio\/wp-content\/uploads\/2025\/10\/SAVE_20251006_221555-300x52.jpg 300w, https:\/\/newsinfoco.com.br\/inicio\/wp-content\/uploads\/2025\/10\/SAVE_20251006_221555-1024x177.jpg 1024w, https:\/\/newsinfoco.com.br\/inicio\/wp-content\/uploads\/2025\/10\/SAVE_20251006_221555-768x133.jpg 768w, https:\/\/newsinfoco.com.br\/inicio\/wp-content\/uploads\/2025\/10\/SAVE_20251006_221555-600x104.jpg 600w, https:\/\/newsinfoco.com.br\/inicio\/wp-content\/uploads\/2025\/10\/SAVE_20251006_221555-696x120.jpg 696w, https:\/\/newsinfoco.com.br\/inicio\/wp-content\/uploads\/2025\/10\/SAVE_20251006_221555-1068x185.jpg 1068w\" sizes=\"(max-width: 1140px) 100vw, 1140px\" width=\"1140\" height=\"197\"   \/><\/a><\/div>\n<div class='share-to-whatsapp-wrapper'><div class='share-on-whsp'>Share on: <\/div><a data-text='Confira lista dos 2,4 mil sorteados para vagas na creche e escolas da PM' data-link='https:\/\/newsinfoco.com.br\/inicio\/confira-lista-dos-24-mil-sorteados-para-vagas-na-creche-e-escolas-da-pm\/' class='whatsapp-button whatsapp-share'>WhatsApp<\/a><div class='clear '><\/div><\/div>","protected":false},"excerpt":{"rendered":"<p>[sg_popup id=&#8221;11418&#8243; event=&#8221;inherit&#8221;][\/sg_popup]A Pol\u00edcia Militar da Bahia divulgou, na tarde na sexta-feira (11), as primeiras listas de sorteados no processo seletivo para os col\u00e9gios e a creche da institui\u00e7\u00e3o. Os nomes dos contemplados est\u00e3o dispon\u00edveis no site da PM. As matr\u00edculas devem ser feitas nos dias 14, 15, 16 e 21 de janeiro, das 8h [&hellip;]<\/p>\n","protected":false},"author":1,"featured_media":12721,"comment_status":"open","ping_status":"open","sticky":false,"template":"","format":"standard","meta":{"om_disable_all_campaigns":false,"_exactmetrics_skip_tracking":false,"_exactmetrics_sitenote_active":false,"_exactmetrics_sitenote_note":"","_exactmetrics_sitenote_category":0,"footnotes":""},"categories":[19],"tags":[],"class_list":["post-12720","post","type-post","status-publish","format-standard","has-post-thumbnail","hentry","category-bahia"],"aioseo_notices":[],"_links":{"self":[{"href":"https:\/\/newsinfoco.com.br\/inicio\/wp-json\/wp\/v2\/posts\/12720","targetHints":{"allow":["GET"]}}],"collection":[{"href":"https:\/\/newsinfoco.com.br\/inicio\/wp-json\/wp\/v2\/posts"}],"about":[{"href":"https:\/\/newsinfoco.com.br\/inicio\/wp-json\/wp\/v2\/types\/post"}],"author":[{"embeddable":true,"href":"https:\/\/newsinfoco.com.br\/inicio\/wp-json\/wp\/v2\/users\/1"}],"replies":[{"embeddable":true,"href":"https:\/\/newsinfoco.com.br\/inicio\/wp-json\/wp\/v2\/comments?post=12720"}],"version-history":[{"count":0,"href":"https:\/\/newsinfoco.com.br\/inicio\/wp-json\/wp\/v2\/posts\/12720\/revisions"}],"wp:featuredmedia":[{"embeddable":true,"href":"https:\/\/newsinfoco.com.br\/inicio\/wp-json\/wp\/v2\/media\/12721"}],"wp:attachment":[{"href":"https:\/\/newsinfoco.com.br\/inicio\/wp-json\/wp\/v2\/media?parent=12720"}],"wp:term":[{"taxonomy":"category","embeddable":true,"href":"https:\/\/newsinfoco.com.br\/inicio\/wp-json\/wp\/v2\/categories?post=12720"},{"taxonomy":"post_tag","embeddable":true,"href":"https:\/\/newsinfoco.com.br\/inicio\/wp-json\/wp\/v2\/tags?post=12720"}],"curies":[{"name":"wp","href":"https:\/\/api.w.org\/{rel}","templated":true}]}}