{"id":12730,"date":"2019-01-12T13:40:59","date_gmt":"2019-01-12T15:40:59","guid":{"rendered":"http:\/\/newsinfoco.com.br\/?p=12730"},"modified":"2019-01-12T13:40:59","modified_gmt":"2019-01-12T15:40:59","slug":"empresa-de-calcados-planeja-ampliar-fabrica-em-alagoinhas","status":"publish","type":"post","link":"https:\/\/newsinfoco.com.br\/inicio\/empresa-de-calcados-planeja-ampliar-fabrica-em-alagoinhas\/","title":{"rendered":"Empresa de cal\u00e7ados planeja ampliar f\u00e1brica em Alagoinhas"},"content":{"rendered":"<p style=\"text-align: justify;\">[sg_popup id=&#8221;11418&#8243; event=&#8221;inherit&#8221;][\/sg_popup]A Malu Cal\u00e7ados, que fica no munic\u00edpio de Alagoinhas, planeja ampliar unidade fabril. A not\u00edcia foi anunciada pelo CEO do grupo, Vitor Reichelt, em audi\u00eancia com o governador Rui Costa e a secret\u00e1ria de Desenvolvimento Econ\u00f4mico, Luiza Maia, na quinta-feira (10). A inten\u00e7\u00e3o \u00e9 aumentar a produ\u00e7\u00e3o de cal\u00e7ados em 30% e est\u00e1 previsto gerar 250 novos empregos diretos. O governador orientou a empresa a apresentar um plano de neg\u00f3cios \u00e0 SDE e Desenbahia, para um futuro financiamento do projeto de amplia\u00e7\u00e3o. Em paralelo, a empresa vai apresentar \u00e0 secretaria projeto solicitando a dila\u00e7\u00e3o de prazo dos benef\u00edcios fiscais, em fun\u00e7\u00e3o da amplia\u00e7\u00e3o.<\/p>\n<p style=\"text-align: justify;\">De acordo com o gerente da unidade baiana, Josemar Ody, a capacidade de produ\u00e7\u00e3o atual da empresa \u00e9 de 10 mil pares di\u00e1rios. Com a amplia\u00e7\u00e3o, subir\u00e1 para 13 mil por dia. Metade da produ\u00e7\u00e3o \u00e9 exportada e 50% restante vai para o mercado interno. \u201cVimos uma janela de oportunidades nas exporta\u00e7\u00f5es e temos espa\u00e7o no mercado para crescer 30%. A amplia\u00e7\u00e3o \u00e9 fundamental para que consigamos alcan\u00e7ar essa meta\u201d, explica. Luiza Maia comemorou o que chamou de segunda boa not\u00edcia do setor cal\u00e7adista nesta semana. A primeira foi uma nova unidade da Suzana Santos em Itapetinga. \u201cO setor cal\u00e7adista \u00e9 um dos priorit\u00e1rios no Estado. Gera muito emprego, adensa a cadeia produtiva, movimenta a economia das cidades onde o segmento est\u00e1 presente e tem dado resultados positivos ao estado\u201d, afirma a secret\u00e1ria. A Malu Cal\u00e7ados est\u00e1 na Bahia desde 2016 e fabrica cal\u00e7ados femininos. A Europa \u00e9 o principal mercado consumidor da empresa. Estados Unidos e \u00c1sia tamb\u00e9m s\u00e3o clientes da marca. Al\u00e9m de fabricarem produto pr\u00f3prio, fazem terceiriza\u00e7\u00e3o para marcas como Arezzo, Mr. Cat, Sonho dos P\u00e9s, Renner, entre outras.<\/p><div class=\"newsi-conteudo_19\" id=\"newsi-3708311901\"><a href=\"https:\/\/www.instagram.com\/prefeituraalagoinhas?igsh=YzgzdDJ1bWR3aWI4\" aria-label=\"SAVE_20251006_221555\"><img loading=\"lazy\" decoding=\"async\" src=\"https:\/\/newsinfoco.com.br\/inicio\/wp-content\/uploads\/2025\/10\/SAVE_20251006_221555-rotated.jpg\" alt=\"\"  srcset=\"https:\/\/newsinfoco.com.br\/inicio\/wp-content\/uploads\/2025\/10\/SAVE_20251006_221555-rotated.jpg 1140w, https:\/\/newsinfoco.com.br\/inicio\/wp-content\/uploads\/2025\/10\/SAVE_20251006_221555-300x52.jpg 300w, https:\/\/newsinfoco.com.br\/inicio\/wp-content\/uploads\/2025\/10\/SAVE_20251006_221555-1024x177.jpg 1024w, https:\/\/newsinfoco.com.br\/inicio\/wp-content\/uploads\/2025\/10\/SAVE_20251006_221555-768x133.jpg 768w, https:\/\/newsinfoco.com.br\/inicio\/wp-content\/uploads\/2025\/10\/SAVE_20251006_221555-600x104.jpg 600w, https:\/\/newsinfoco.com.br\/inicio\/wp-content\/uploads\/2025\/10\/SAVE_20251006_221555-696x120.jpg 696w, https:\/\/newsinfoco.com.br\/inicio\/wp-content\/uploads\/2025\/10\/SAVE_20251006_221555-1068x185.jpg 1068w\" sizes=\"(max-width: 1140px) 100vw, 1140px\" width=\"1140\" height=\"197\"   \/><\/a><\/div>\n<div class='share-to-whatsapp-wrapper'><div class='share-on-whsp'>Share on: <\/div><a data-text='Empresa de cal\u00e7ados planeja ampliar f\u00e1brica em Alagoinhas' data-link='https:\/\/newsinfoco.com.br\/inicio\/empresa-de-calcados-planeja-ampliar-fabrica-em-alagoinhas\/' class='whatsapp-button whatsapp-share'>WhatsApp<\/a><div class='clear '><\/div><\/div>","protected":false},"excerpt":{"rendered":"<p>[sg_popup id=&#8221;11418&#8243; event=&#8221;inherit&#8221;][\/sg_popup]A Malu Cal\u00e7ados, que fica no munic\u00edpio de Alagoinhas, planeja ampliar unidade fabril. A not\u00edcia foi anunciada pelo CEO do grupo, Vitor Reichelt, em audi\u00eancia com o governador Rui Costa e a secret\u00e1ria de Desenvolvimento Econ\u00f4mico, Luiza Maia, na quinta-feira (10). A inten\u00e7\u00e3o \u00e9 aumentar a produ\u00e7\u00e3o de cal\u00e7ados em 30% e est\u00e1 [&hellip;]<\/p>\n","protected":false},"author":1,"featured_media":12731,"comment_status":"open","ping_status":"open","sticky":false,"template":"","format":"standard","meta":{"om_disable_all_campaigns":false,"_exactmetrics_skip_tracking":false,"_exactmetrics_sitenote_active":false,"_exactmetrics_sitenote_note":"","_exactmetrics_sitenote_category":0,"footnotes":""},"categories":[19],"tags":[],"class_list":["post-12730","post","type-post","status-publish","format-standard","has-post-thumbnail","hentry","category-bahia"],"aioseo_notices":[],"_links":{"self":[{"href":"https:\/\/newsinfoco.com.br\/inicio\/wp-json\/wp\/v2\/posts\/12730","targetHints":{"allow":["GET"]}}],"collection":[{"href":"https:\/\/newsinfoco.com.br\/inicio\/wp-json\/wp\/v2\/posts"}],"about":[{"href":"https:\/\/newsinfoco.com.br\/inicio\/wp-json\/wp\/v2\/types\/post"}],"author":[{"embeddable":true,"href":"https:\/\/newsinfoco.com.br\/inicio\/wp-json\/wp\/v2\/users\/1"}],"replies":[{"embeddable":true,"href":"https:\/\/newsinfoco.com.br\/inicio\/wp-json\/wp\/v2\/comments?post=12730"}],"version-history":[{"count":0,"href":"https:\/\/newsinfoco.com.br\/inicio\/wp-json\/wp\/v2\/posts\/12730\/revisions"}],"wp:featuredmedia":[{"embeddable":true,"href":"https:\/\/newsinfoco.com.br\/inicio\/wp-json\/wp\/v2\/media\/12731"}],"wp:attachment":[{"href":"https:\/\/newsinfoco.com.br\/inicio\/wp-json\/wp\/v2\/media?parent=12730"}],"wp:term":[{"taxonomy":"category","embeddable":true,"href":"https:\/\/newsinfoco.com.br\/inicio\/wp-json\/wp\/v2\/categories?post=12730"},{"taxonomy":"post_tag","embeddable":true,"href":"https:\/\/newsinfoco.com.br\/inicio\/wp-json\/wp\/v2\/tags?post=12730"}],"curies":[{"name":"wp","href":"https:\/\/api.w.org\/{rel}","templated":true}]}}