{"id":12739,"date":"2019-01-12T13:52:32","date_gmt":"2019-01-12T15:52:32","guid":{"rendered":"http:\/\/newsinfoco.com.br\/?p=12739"},"modified":"2019-01-12T13:52:32","modified_gmt":"2019-01-12T15:52:32","slug":"decreto-pro-arma-podera-abranger-3-4-da-populacao","status":"publish","type":"post","link":"https:\/\/newsinfoco.com.br\/inicio\/decreto-pro-arma-podera-abranger-3-4-da-populacao\/","title":{"rendered":"Decreto pr\u00f3-arma poder\u00e1 abranger 3\/4 da popula\u00e7\u00e3o"},"content":{"rendered":"<p style=\"text-align: justify;\">[sg_popup id=&#8221;11418&#8243; event=&#8221;inherit&#8221;][\/sg_popup]Tr\u00eas em cada quatro brasileiros poder\u00e3o ser inclu\u00eddos no decreto que o governo Jair Bolsonaro est\u00e1 preparando para facilitar a posse de arma de fogo. O presidente estuda associar a libera\u00e7\u00e3o simplificada para quem mora em cidades onde a taxa de homic\u00eddios por 100 mil habitantes \u00e9 maior que 10. Levantamento do Estado com base em dados do Minist\u00e9rio da Sa\u00fade mostra que, nesse caso, a medida atingiria 3.485 das 5.570 cidades, ou 62% dos munic\u00edpios do Pa\u00eds, onde vivem 159,8 milh\u00f5es de pessoas (76% da popula\u00e7\u00e3o brasileira). A Pol\u00edcia Federal, al\u00e9m de documentos e exames psicol\u00f3gicos e de capacidade t\u00e9cnica, exige hoje que o cidad\u00e3o apresente justificativa de \u201cefetiva necessidade\u201d para a posse de arma \u2013 o que permite ter o equipamento dentro de casa ou de estabelecimento comercial. O decreto de Bolsonaro dever\u00e1 dizer o que objetivamente seria uma justificativa aceit\u00e1vel. Uma das ideias em estudo, segundo revelou o pr\u00f3prio presidente, seria afrouxar essa \u201cefetiva necessidade\u201d nessas cidades violentas. Assim, o cidad\u00e3o que requerer na PF a arma nesses lugares, em tese, veria o processo andar mais r\u00e1pido. Maior parte dos Estados do Norte e Nordeste, por exemplo, veria uma grande parcela das suas cidades serem afetadas. Em Pernambuco, por exemplo, 95,7% dos 185 munic\u00edpios poder\u00e3o ter acesso facilitado a armas. No Acre (95,4%), Alagoas (92%), Par\u00e1 (90%), Sergipe (89%), Cear\u00e1 (88,5%) e Amap\u00e1 (87,5%), o porcentual tamb\u00e9m \u00e9 elevado. As cidades que poder\u00e3o ter as regras alteradas, al\u00e9m de compreender parcela significativa da popula\u00e7\u00e3o, concentram 94% dos homic\u00eddios.<\/p>\n<p style=\"text-align: justify;\">Na outra ponta, S\u00e3o Paulo (36,1%), Piau\u00ed (39,2%) e Santa Catarina (40%) t\u00eam a menor propor\u00e7\u00e3o de cidades violentas. A cidade de S\u00e3o Paulo seria a \u00fanica capital a n\u00e3o ser englobada pela medida. O Estado analisou dados preliminares referentes a 2017 registrados pelo Sistema de Informa\u00e7\u00f5es sobre Mortalidade (SIM), do Minist\u00e9rio da Sa\u00fade. Esse registro engloba v\u00e1rias causas de mortes intencionais, como arma de fogo, arma branca (faca) e agress\u00f5es corpo a corpo. O dado, por\u00e9m, n\u00e3o inclui mortes causadas em a\u00e7\u00f5es policiais, que em alguns Estados, como S\u00e3o Paulo e Rio, podem ser significativas ante o total de homic\u00eddios. Como o Minist\u00e9rio da Justi\u00e7a n\u00e3o produz dado atualizado e completo sobre viol\u00eancia, a expectativa \u00e9 de que Bolsonaro se baseie nos dados do Minist\u00e9rio da Sa\u00fade. Com eles, o Instituto Nacional de Pesquisa Econ\u00f4mica Aplicada (Ipea) produz o Atlas da Viol\u00eancia, que tamb\u00e9m poder\u00e1 ser usado. Ao Estado, o coordenador do Atlas, o economista Daniel Cerqueira, criticou nesta sexta-feira, 11, a eventual escolha do m\u00e9todo. Segundo ele, pode haver distor\u00e7\u00f5es. \u201cO governo tem de explicar a escolha desse par\u00e2metro (taxa acima de 10 por 100 mil). O que vai ser dito para a cidade que tem 9 homic\u00eddios por 100 mil? E as cidades pequenas que tiveram dois assassinatos e, mesmo assim, t\u00eam taxa acima de 10?\u201d, disse. \u201cAl\u00e9m disso, pode haver distor\u00e7\u00f5es, j\u00e1 que h\u00e1 uma quantidade consider\u00e1vel de mortes por causas indeterminadas\u201d. O pesquisador critica tamb\u00e9m o aspecto geral da medida. \u201cSe o Estado est\u00e1 interessado em reduzir a viol\u00eancia, deveria olhar para as evid\u00eancias cient\u00edficas e n\u00e3o passar por cima dos estudos. Armar a popula\u00e7\u00e3o vai jogar mais lenha na fogueira dos homic\u00eddios e agravar a mis\u00e9ria da seguran\u00e7a p\u00fablica atual\u201d. A medida, defende Bolsonaro, garante o direito da popula\u00e7\u00e3o em ter uma arma para leg\u00edtima defesa. Poder\u00e1, segundo o presidente, fazer frente \u00e0 viol\u00eancia crescente nas cidades.<\/p><div class=\"newsi-conteudo_19\" id=\"newsi-1481379365\"><a href=\"https:\/\/www.instagram.com\/prefeituraalagoinhas?igsh=YzgzdDJ1bWR3aWI4\" aria-label=\"SAVE_20251006_221555\"><img loading=\"lazy\" decoding=\"async\" src=\"https:\/\/newsinfoco.com.br\/inicio\/wp-content\/uploads\/2025\/10\/SAVE_20251006_221555-rotated.jpg\" alt=\"\"  srcset=\"https:\/\/newsinfoco.com.br\/inicio\/wp-content\/uploads\/2025\/10\/SAVE_20251006_221555-rotated.jpg 1140w, https:\/\/newsinfoco.com.br\/inicio\/wp-content\/uploads\/2025\/10\/SAVE_20251006_221555-300x52.jpg 300w, https:\/\/newsinfoco.com.br\/inicio\/wp-content\/uploads\/2025\/10\/SAVE_20251006_221555-1024x177.jpg 1024w, https:\/\/newsinfoco.com.br\/inicio\/wp-content\/uploads\/2025\/10\/SAVE_20251006_221555-768x133.jpg 768w, https:\/\/newsinfoco.com.br\/inicio\/wp-content\/uploads\/2025\/10\/SAVE_20251006_221555-600x104.jpg 600w, https:\/\/newsinfoco.com.br\/inicio\/wp-content\/uploads\/2025\/10\/SAVE_20251006_221555-696x120.jpg 696w, https:\/\/newsinfoco.com.br\/inicio\/wp-content\/uploads\/2025\/10\/SAVE_20251006_221555-1068x185.jpg 1068w\" sizes=\"(max-width: 1140px) 100vw, 1140px\" width=\"1140\" height=\"197\"   \/><\/a><\/div>\n<h6 style=\"text-align: right;\">Estadao<\/h6>\n<div class='share-to-whatsapp-wrapper'><div class='share-on-whsp'>Share on: <\/div><a data-text='Decreto pr\u00f3-arma poder\u00e1 abranger 3\/4 da popula\u00e7\u00e3o' data-link='https:\/\/newsinfoco.com.br\/inicio\/decreto-pro-arma-podera-abranger-3-4-da-populacao\/' class='whatsapp-button whatsapp-share'>WhatsApp<\/a><div class='clear '><\/div><\/div>","protected":false},"excerpt":{"rendered":"<p>[sg_popup id=&#8221;11418&#8243; event=&#8221;inherit&#8221;][\/sg_popup]Tr\u00eas em cada quatro brasileiros poder\u00e3o ser inclu\u00eddos no decreto que o governo Jair Bolsonaro est\u00e1 preparando para facilitar a posse de arma de fogo. O presidente estuda associar a libera\u00e7\u00e3o simplificada para quem mora em cidades onde a taxa de homic\u00eddios por 100 mil habitantes \u00e9 maior que 10. Levantamento do Estado [&hellip;]<\/p>\n","protected":false},"author":1,"featured_media":12740,"comment_status":"open","ping_status":"open","sticky":false,"template":"","format":"standard","meta":{"om_disable_all_campaigns":false,"_exactmetrics_skip_tracking":false,"_exactmetrics_sitenote_active":false,"_exactmetrics_sitenote_note":"","_exactmetrics_sitenote_category":0,"footnotes":""},"categories":[21],"tags":[],"class_list":["post-12739","post","type-post","status-publish","format-standard","has-post-thumbnail","hentry","category-brasil"],"aioseo_notices":[],"_links":{"self":[{"href":"https:\/\/newsinfoco.com.br\/inicio\/wp-json\/wp\/v2\/posts\/12739","targetHints":{"allow":["GET"]}}],"collection":[{"href":"https:\/\/newsinfoco.com.br\/inicio\/wp-json\/wp\/v2\/posts"}],"about":[{"href":"https:\/\/newsinfoco.com.br\/inicio\/wp-json\/wp\/v2\/types\/post"}],"author":[{"embeddable":true,"href":"https:\/\/newsinfoco.com.br\/inicio\/wp-json\/wp\/v2\/users\/1"}],"replies":[{"embeddable":true,"href":"https:\/\/newsinfoco.com.br\/inicio\/wp-json\/wp\/v2\/comments?post=12739"}],"version-history":[{"count":0,"href":"https:\/\/newsinfoco.com.br\/inicio\/wp-json\/wp\/v2\/posts\/12739\/revisions"}],"wp:featuredmedia":[{"embeddable":true,"href":"https:\/\/newsinfoco.com.br\/inicio\/wp-json\/wp\/v2\/media\/12740"}],"wp:attachment":[{"href":"https:\/\/newsinfoco.com.br\/inicio\/wp-json\/wp\/v2\/media?parent=12739"}],"wp:term":[{"taxonomy":"category","embeddable":true,"href":"https:\/\/newsinfoco.com.br\/inicio\/wp-json\/wp\/v2\/categories?post=12739"},{"taxonomy":"post_tag","embeddable":true,"href":"https:\/\/newsinfoco.com.br\/inicio\/wp-json\/wp\/v2\/tags?post=12739"}],"curies":[{"name":"wp","href":"https:\/\/api.w.org\/{rel}","templated":true}]}}