{"id":12752,"date":"2019-01-14T19:34:14","date_gmt":"2019-01-14T21:34:14","guid":{"rendered":"http:\/\/newsinfoco.com.br\/?p=12752"},"modified":"2019-01-14T19:34:14","modified_gmt":"2019-01-14T21:34:14","slug":"prefeitura-de-alagoinhas-inicia-fase-educativa-da-zona-azul","status":"publish","type":"post","link":"https:\/\/newsinfoco.com.br\/inicio\/prefeitura-de-alagoinhas-inicia-fase-educativa-da-zona-azul\/","title":{"rendered":"Prefeitura de Alagoinhas inicia fase educativa da Zona Azul"},"content":{"rendered":"<p style=\"text-align: justify;\">[sg_popup id=&#8221;11418&#8243; event=&#8221;inherit&#8221;][\/sg_popup]A prefeitura de Alagoinhas iniciou nesta segunda-feira (14) as a\u00e7\u00f5es educativas de orienta\u00e7\u00e3o sobre a Zona Azul, sistema que estabelece a rotatividade de ve\u00edculos em estacionamento de vias e espa\u00e7os p\u00fablicos em \u00e1reas comerciais e de grande fluxo, com o objetivo de promover o uso igualit\u00e1rio das vagas.<\/p>\n<p style=\"text-align: justify;\">O trabalho educativo sobre o funcionamento da Zona Azul est\u00e1 sendo realizado por meio de panfletagem e conversa com os condutores para explicar, na pr\u00e1tica, como fazer uso do sistema.<\/p><div class=\"newsi-conteudo_19\" id=\"newsi-404781223\"><a href=\"https:\/\/www.instagram.com\/prefeituraalagoinhas?igsh=YzgzdDJ1bWR3aWI4\" aria-label=\"SAVE_20251006_221555\"><img loading=\"lazy\" decoding=\"async\" src=\"https:\/\/newsinfoco.com.br\/inicio\/wp-content\/uploads\/2025\/10\/SAVE_20251006_221555-rotated.jpg\" alt=\"\"  srcset=\"https:\/\/newsinfoco.com.br\/inicio\/wp-content\/uploads\/2025\/10\/SAVE_20251006_221555-rotated.jpg 1140w, https:\/\/newsinfoco.com.br\/inicio\/wp-content\/uploads\/2025\/10\/SAVE_20251006_221555-300x52.jpg 300w, https:\/\/newsinfoco.com.br\/inicio\/wp-content\/uploads\/2025\/10\/SAVE_20251006_221555-1024x177.jpg 1024w, https:\/\/newsinfoco.com.br\/inicio\/wp-content\/uploads\/2025\/10\/SAVE_20251006_221555-768x133.jpg 768w, https:\/\/newsinfoco.com.br\/inicio\/wp-content\/uploads\/2025\/10\/SAVE_20251006_221555-600x104.jpg 600w, https:\/\/newsinfoco.com.br\/inicio\/wp-content\/uploads\/2025\/10\/SAVE_20251006_221555-696x120.jpg 696w, https:\/\/newsinfoco.com.br\/inicio\/wp-content\/uploads\/2025\/10\/SAVE_20251006_221555-1068x185.jpg 1068w\" sizes=\"(max-width: 1140px) 100vw, 1140px\" width=\"1140\" height=\"197\"   \/><\/a><\/div>\n<p style=\"text-align: justify;\">De acordo com a Superintend\u00eancia Municipal de Transportes e Tr\u00e2nsito (SMTT), toda a viabilidade t\u00e9cnica para o funcionamento da Zona Azul j\u00e1 est\u00e1 sendo finalizada. \u201c\u00c9 tudo muito novo, um sistema rotativo de primeiro mundo, e precisamos orientar os condutores ao m\u00e1ximo. Para isso, teremos operadores nas ruas para tirar todas as d\u00favidas e todas as \u00e1reas est\u00e3o sendo devidamente sinalizadas\u201d, comunicou o superintendente da SMTT, Raimundo Nonato.<\/p>\n<p style=\"text-align: justify;\">A Zona Azul come\u00e7a a operar em car\u00e1ter definitivo a partir do dia 13 de fevereiro. Nas 25 \u00e1reas inclu\u00eddas, o sistema funcionar\u00e1 de segunda \u00e0 sexta, das 8h \u00e0s 18h e aos s\u00e1bados, das 8h \u00e0s 13h. O prazo m\u00e1ximo de estacionamento na mesma vaga ser\u00e1 de 2 horas, podendo ser prorrogada, no m\u00e1ximo, por mais 2 horas, n\u00e3o excedendo o prazo permitido de 4 horas em uma mesma vaga. Ser\u00e3o disponibilizadas na primeira fase, 970 vagas de carros e 395 vagas de motos.<\/p>\n<p style=\"text-align: justify;\">O valor a ser cobrado para carros ser\u00e1 de R$2,50, para as primeiras 2h, sendo que ap\u00f3s esse tempo, ser\u00e1 cobrado R$2,50 a cada 60 min, respeitando o per\u00edodo m\u00e1ximo de 4h. \u00c0s motocicletas ser\u00e1 cobrada uma tarifa de R$ 0,80 para as primeiras 2 horas, e uma taxa R$ 0,80, a cada 60 min, respeitando per\u00edodo permitido de perman\u00eancia. O sistema n\u00e3o funcionar\u00e1 aos domingos e feriados.<\/p>\n<p style=\"text-align: right;\">Secom Alagoinhas<\/p>\n<p>&nbsp;<\/p>\n<div class='share-to-whatsapp-wrapper'><div class='share-on-whsp'>Share on: <\/div><a data-text='Prefeitura de Alagoinhas inicia fase educativa da Zona Azul' data-link='https:\/\/newsinfoco.com.br\/inicio\/prefeitura-de-alagoinhas-inicia-fase-educativa-da-zona-azul\/' class='whatsapp-button whatsapp-share'>WhatsApp<\/a><div class='clear '><\/div><\/div>","protected":false},"excerpt":{"rendered":"<p>[sg_popup id=&#8221;11418&#8243; event=&#8221;inherit&#8221;][\/sg_popup]A prefeitura de Alagoinhas iniciou nesta segunda-feira (14) as a\u00e7\u00f5es educativas de orienta\u00e7\u00e3o sobre a Zona Azul, sistema que estabelece a rotatividade de ve\u00edculos em estacionamento de vias e espa\u00e7os p\u00fablicos em \u00e1reas comerciais e de grande fluxo, com o objetivo de promover o uso igualit\u00e1rio das vagas. O trabalho educativo sobre o [&hellip;]<\/p>\n","protected":false},"author":1,"featured_media":12753,"comment_status":"open","ping_status":"open","sticky":false,"template":"","format":"standard","meta":{"om_disable_all_campaigns":false,"_exactmetrics_skip_tracking":false,"_exactmetrics_sitenote_active":false,"_exactmetrics_sitenote_note":"","_exactmetrics_sitenote_category":0,"footnotes":""},"categories":[38,30],"tags":[],"class_list":["post-12752","post","type-post","status-publish","format-standard","has-post-thumbnail","hentry","category-alagoinhas-e-regiao","category-destaque"],"aioseo_notices":[],"_links":{"self":[{"href":"https:\/\/newsinfoco.com.br\/inicio\/wp-json\/wp\/v2\/posts\/12752","targetHints":{"allow":["GET"]}}],"collection":[{"href":"https:\/\/newsinfoco.com.br\/inicio\/wp-json\/wp\/v2\/posts"}],"about":[{"href":"https:\/\/newsinfoco.com.br\/inicio\/wp-json\/wp\/v2\/types\/post"}],"author":[{"embeddable":true,"href":"https:\/\/newsinfoco.com.br\/inicio\/wp-json\/wp\/v2\/users\/1"}],"replies":[{"embeddable":true,"href":"https:\/\/newsinfoco.com.br\/inicio\/wp-json\/wp\/v2\/comments?post=12752"}],"version-history":[{"count":0,"href":"https:\/\/newsinfoco.com.br\/inicio\/wp-json\/wp\/v2\/posts\/12752\/revisions"}],"wp:featuredmedia":[{"embeddable":true,"href":"https:\/\/newsinfoco.com.br\/inicio\/wp-json\/wp\/v2\/media\/12753"}],"wp:attachment":[{"href":"https:\/\/newsinfoco.com.br\/inicio\/wp-json\/wp\/v2\/media?parent=12752"}],"wp:term":[{"taxonomy":"category","embeddable":true,"href":"https:\/\/newsinfoco.com.br\/inicio\/wp-json\/wp\/v2\/categories?post=12752"},{"taxonomy":"post_tag","embeddable":true,"href":"https:\/\/newsinfoco.com.br\/inicio\/wp-json\/wp\/v2\/tags?post=12752"}],"curies":[{"name":"wp","href":"https:\/\/api.w.org\/{rel}","templated":true}]}}