{"id":12755,"date":"2019-01-14T19:38:55","date_gmt":"2019-01-14T21:38:55","guid":{"rendered":"http:\/\/newsinfoco.com.br\/?p=12755"},"modified":"2019-01-14T19:38:55","modified_gmt":"2019-01-14T21:38:55","slug":"transferencias-escolares-da-rede-municipal-de-ensino-comecaram-hoje14-em-alagoinhas","status":"publish","type":"post","link":"https:\/\/newsinfoco.com.br\/inicio\/transferencias-escolares-da-rede-municipal-de-ensino-comecaram-hoje14-em-alagoinhas\/","title":{"rendered":"Transfer\u00eancias escolares da rede municipal de ensino come\u00e7aram hoje(14) em Alagoinhas"},"content":{"rendered":"<p style=\"text-align: justify;\">[sg_popup id=&#8221;11418&#8243; event=&#8221;inherit&#8221;][\/sg_popup]As transfer\u00eancias de alunos da rede municipal de ensino que desejam mudar de escola come\u00e7aram hoje (14) e seguem at\u00e9 a pr\u00f3xima segunda-feira (21). Para fazer mudan\u00e7a, os estudantes devem protocolar o pedido na unidade escolar para a qual desejam a transfer\u00eancia, por meio dos pais ou respons\u00e1veis legais.<\/p>\n<p style=\"text-align: justify;\">O processo de rematr\u00edcula para o ano letivo de 2019 come\u00e7ou no dia 3 de janeiro, a alunos da zona urbana e da zona rural regularmente inscritos no munic\u00edpio e aprovados por m\u00e9dia que continuar\u00e3o na mesma unidade escolar. Para aqueles que desejam garantir uma nova vaga no per\u00edodo letivo, as matr\u00edculas se iniciam no dia 22 e ser\u00e3o encerradas em 25 de janeiro. Neste caso, as crian\u00e7as, adolescentes, jovens e adultos que ainda n\u00e3o possuem cadastro na rede devem apresentar documento de identidade ou certid\u00e3o de registro civil, hist\u00f3rico escolar, cart\u00e3o SUS, 3 fotos 3\u00d74 recentes, cart\u00e3o de vacina\u00e7\u00e3o e comprovante de resid\u00eancia para efetivar a matr\u00edcula.<\/p><div class=\"newsi-conteudo_19\" id=\"newsi-1084485523\"><a href=\"https:\/\/www.instagram.com\/prefeituraalagoinhas?igsh=YzgzdDJ1bWR3aWI4\" aria-label=\"SAVE_20251006_221555\"><img loading=\"lazy\" decoding=\"async\" src=\"https:\/\/newsinfoco.com.br\/inicio\/wp-content\/uploads\/2025\/10\/SAVE_20251006_221555-rotated.jpg\" alt=\"\"  srcset=\"https:\/\/newsinfoco.com.br\/inicio\/wp-content\/uploads\/2025\/10\/SAVE_20251006_221555-rotated.jpg 1140w, https:\/\/newsinfoco.com.br\/inicio\/wp-content\/uploads\/2025\/10\/SAVE_20251006_221555-300x52.jpg 300w, https:\/\/newsinfoco.com.br\/inicio\/wp-content\/uploads\/2025\/10\/SAVE_20251006_221555-1024x177.jpg 1024w, https:\/\/newsinfoco.com.br\/inicio\/wp-content\/uploads\/2025\/10\/SAVE_20251006_221555-768x133.jpg 768w, https:\/\/newsinfoco.com.br\/inicio\/wp-content\/uploads\/2025\/10\/SAVE_20251006_221555-600x104.jpg 600w, https:\/\/newsinfoco.com.br\/inicio\/wp-content\/uploads\/2025\/10\/SAVE_20251006_221555-696x120.jpg 696w, https:\/\/newsinfoco.com.br\/inicio\/wp-content\/uploads\/2025\/10\/SAVE_20251006_221555-1068x185.jpg 1068w\" sizes=\"(max-width: 1140px) 100vw, 1140px\" width=\"1140\" height=\"197\"   \/><\/a><\/div>\n<p style=\"text-align: justify;\">A Secretaria Municipal de Educa\u00e7\u00e3o (SEDUC) informou que intensificou o trabalho das equipes de matr\u00edcula para atender a popula\u00e7\u00e3o e dar celeridade ao processo. \u201cA equipe da SEDUC est\u00e1 indo acompanhar presencialmente as matr\u00edculas nas escolas que est\u00e3o com alta demanda. Existe uma limita\u00e7\u00e3o de vagas e as matr\u00edculas s\u00e3o feitas de acordo com essas vagas. Caso n\u00e3o haja disponibilidade na unidade desejada, recomendamos procurar a escola mais pr\u00f3xima para garantir a matr\u00edcula. Para saber qual \u00e9 a unidade mais pr\u00f3xima, o cidad\u00e3o pode se dirigir a uma das escolas municipais ou procurar diretamente a Secretaria de Educa\u00e7\u00e3o, que far\u00e1 os encaminhamentos necess\u00e1rios para garantir que todos os alunos tenham acesso ao ensino\u201d, afirmou T\u00e1cio Lobo, gestor da pasta. Atualmente, a rede municipal de ensino atende a aproximadamente 13 mil alunos de pr\u00e9-escola e ensino fundamental, com 79 unidades escolares.<\/p>\n<p style=\"text-align: justify;\">O in\u00edcio das aulas est\u00e1 previsto para 11 de fevereiro.<\/p>\n<p style=\"text-align: justify;\">Confira os prazos:<br \/>\nDe 14 a 21 de janeiro: Matr\u00edcula de alunos que mudar\u00e3o de unidade escolar<br \/>\nDe 22 a 25 de janeiro: Matr\u00edcula de alunos novos<br \/>\nLocal: Secretaria da Unidade Escolar<\/p>\n<h6 style=\"text-align: right;\"><span style=\"color: #999999;\">Secom Alagoinhas<\/span><\/h6>\n<div class='share-to-whatsapp-wrapper'><div class='share-on-whsp'>Share on: <\/div><a data-text='Transfer\u00eancias escolares da rede municipal de ensino come\u00e7aram hoje(14) em Alagoinhas' data-link='https:\/\/newsinfoco.com.br\/inicio\/transferencias-escolares-da-rede-municipal-de-ensino-comecaram-hoje14-em-alagoinhas\/' class='whatsapp-button whatsapp-share'>WhatsApp<\/a><div class='clear '><\/div><\/div>","protected":false},"excerpt":{"rendered":"<p>[sg_popup id=&#8221;11418&#8243; event=&#8221;inherit&#8221;][\/sg_popup]As transfer\u00eancias de alunos da rede municipal de ensino que desejam mudar de escola come\u00e7aram hoje (14) e seguem at\u00e9 a pr\u00f3xima segunda-feira (21). Para fazer mudan\u00e7a, os estudantes devem protocolar o pedido na unidade escolar para a qual desejam a transfer\u00eancia, por meio dos pais ou respons\u00e1veis legais. O processo de rematr\u00edcula [&hellip;]<\/p>\n","protected":false},"author":1,"featured_media":12756,"comment_status":"open","ping_status":"open","sticky":false,"template":"","format":"standard","meta":{"om_disable_all_campaigns":false,"_exactmetrics_skip_tracking":false,"_exactmetrics_sitenote_active":false,"_exactmetrics_sitenote_note":"","_exactmetrics_sitenote_category":0,"footnotes":""},"categories":[38,30],"tags":[],"class_list":["post-12755","post","type-post","status-publish","format-standard","has-post-thumbnail","hentry","category-alagoinhas-e-regiao","category-destaque"],"aioseo_notices":[],"_links":{"self":[{"href":"https:\/\/newsinfoco.com.br\/inicio\/wp-json\/wp\/v2\/posts\/12755","targetHints":{"allow":["GET"]}}],"collection":[{"href":"https:\/\/newsinfoco.com.br\/inicio\/wp-json\/wp\/v2\/posts"}],"about":[{"href":"https:\/\/newsinfoco.com.br\/inicio\/wp-json\/wp\/v2\/types\/post"}],"author":[{"embeddable":true,"href":"https:\/\/newsinfoco.com.br\/inicio\/wp-json\/wp\/v2\/users\/1"}],"replies":[{"embeddable":true,"href":"https:\/\/newsinfoco.com.br\/inicio\/wp-json\/wp\/v2\/comments?post=12755"}],"version-history":[{"count":0,"href":"https:\/\/newsinfoco.com.br\/inicio\/wp-json\/wp\/v2\/posts\/12755\/revisions"}],"wp:featuredmedia":[{"embeddable":true,"href":"https:\/\/newsinfoco.com.br\/inicio\/wp-json\/wp\/v2\/media\/12756"}],"wp:attachment":[{"href":"https:\/\/newsinfoco.com.br\/inicio\/wp-json\/wp\/v2\/media?parent=12755"}],"wp:term":[{"taxonomy":"category","embeddable":true,"href":"https:\/\/newsinfoco.com.br\/inicio\/wp-json\/wp\/v2\/categories?post=12755"},{"taxonomy":"post_tag","embeddable":true,"href":"https:\/\/newsinfoco.com.br\/inicio\/wp-json\/wp\/v2\/tags?post=12755"}],"curies":[{"name":"wp","href":"https:\/\/api.w.org\/{rel}","templated":true}]}}