{"id":12758,"date":"2019-01-14T19:55:50","date_gmt":"2019-01-14T21:55:50","guid":{"rendered":"http:\/\/newsinfoco.com.br\/?p=12758"},"modified":"2019-01-14T19:56:15","modified_gmt":"2019-01-14T21:56:15","slug":"prefeito-joaquim-neto-da-posse-a-quatro-novos-secretarios","status":"publish","type":"post","link":"https:\/\/newsinfoco.com.br\/inicio\/prefeito-joaquim-neto-da-posse-a-quatro-novos-secretarios\/","title":{"rendered":"Prefeito Joaquim Neto d\u00e1 posse a quatro novos secret\u00e1rios"},"content":{"rendered":"<p style=\"text-align: justify;\">[sg_popup id=&#8221;11418&#8243; event=&#8221;inherit&#8221;][\/sg_popup]Em solenidade realizada nesta segunda-feira(14), o prefeito Joaquim Neto deu posse aos novos secret\u00e1rios das pastas de Governo, Administra\u00e7\u00e3o, Controladoria Geral e Servi\u00e7os P\u00fablicos. A cerim\u00f4nia aconteceu no Gabinete do prefeito e contou com as presen\u00e7as do Presidente da C\u00e2mara de Vereadores, Roberto Torres, da Vice-prefeita e Secret\u00e1ria de Cultura, Esporte e Turismo, Iraci Gama, demais secret\u00e1rios, vereadores, servidores e imprensa.<\/p>\n<p style=\"text-align: justify;\">Leila Carla Vila Flor Souza assumiu a titularidade da Secretaria Municipal de Administra\u00e7\u00e3o (SEMAD), cargo que estava exercendo interinamente. Contadora concursada e ex -controladora-geral, a nova comandante da SEMAD garantiu a continuidade do trabalho s\u00e9rio feito at\u00e9 agora. \u201cSou muito grata ao prefeito por ter me dado a oportunidade de realizar o meu sonho de ser controladora do munic\u00edpio. Encerrada esta miss\u00e3o, na qual tivemos muitas conquistas, entre elas a prova\u00e7\u00e3o das contas deste primeiro ano de mandato, reitero o meu compromisso com a gest\u00e3o para que possamos conquistar ainda mais avan\u00e7os\u201d, disse. Tamb\u00e9m servidora efetiva e concursada como Auditora Cont\u00e1bil, Roseane Santos da Concei\u00e7\u00e3o, que comandava a Secretaria de Planejamento (SEPLA) foi nomeada para a Controladoria do Munic\u00edpio. \u201cTemos muito trabalho a fazer e se cada um fizer a sua parte, \u00e9 poss\u00edvel termos uma cidade muito melhor\u201d, afirmou Roseane.<\/p><div class=\"newsi-conteudo_19\" id=\"newsi-483618093\"><a href=\"https:\/\/www.instagram.com\/prefeituraalagoinhas?igsh=YzgzdDJ1bWR3aWI4\" aria-label=\"SAVE_20251006_221555\"><img loading=\"lazy\" decoding=\"async\" src=\"https:\/\/newsinfoco.com.br\/inicio\/wp-content\/uploads\/2025\/10\/SAVE_20251006_221555-rotated.jpg\" alt=\"\"  srcset=\"https:\/\/newsinfoco.com.br\/inicio\/wp-content\/uploads\/2025\/10\/SAVE_20251006_221555-rotated.jpg 1140w, https:\/\/newsinfoco.com.br\/inicio\/wp-content\/uploads\/2025\/10\/SAVE_20251006_221555-300x52.jpg 300w, https:\/\/newsinfoco.com.br\/inicio\/wp-content\/uploads\/2025\/10\/SAVE_20251006_221555-1024x177.jpg 1024w, https:\/\/newsinfoco.com.br\/inicio\/wp-content\/uploads\/2025\/10\/SAVE_20251006_221555-768x133.jpg 768w, https:\/\/newsinfoco.com.br\/inicio\/wp-content\/uploads\/2025\/10\/SAVE_20251006_221555-600x104.jpg 600w, https:\/\/newsinfoco.com.br\/inicio\/wp-content\/uploads\/2025\/10\/SAVE_20251006_221555-696x120.jpg 696w, https:\/\/newsinfoco.com.br\/inicio\/wp-content\/uploads\/2025\/10\/SAVE_20251006_221555-1068x185.jpg 1068w\" sizes=\"(max-width: 1140px) 100vw, 1140px\" width=\"1140\" height=\"197\"   \/><\/a><\/div>\n<p style=\"text-align: justify;\">Edmilson Figueredo Silva, administrador de empresas e p\u00f3s-graduado em Gest\u00e3o P\u00fablica, que era diretor administrativo da C\u00e2mara Municipal de Alagoinhas, assumiu a Secretaria de Servi\u00e7os P\u00fablicos(SESEP). Com vasta experi\u00eancia em gest\u00e3o p\u00fablica, que inclui ger\u00eancia no Baneb por 15 anos e passagens pela prefeitura de Alagoinhas, Edmilson agradeceu a confian\u00e7a do prefeito Joaquim Neto e destacou a import\u00e2ncia de deixar uma cidade melhor para as pr\u00f3ximas gera\u00e7\u00f5es.<\/p>\n<p style=\"text-align: justify;\">O ex-vereador e secret\u00e1rio interino de Comunica\u00e7\u00e3o, Gustavo Carmo, tomou posse na Secretaria Municipal de Governo (SEGOV) e fez quest\u00e3o de enaltecer as novas escolhas. \u201cO sucesso de uma administra\u00e7\u00e3o se deve ao bom desempenho por cada um dos membros que passaram pelo governo, e essa nova equipe vir\u00e1 para contribuir ainda mais com o desenvolvimento de Alagoinhas\u201d, afirmou.<\/p>\n<p style=\"text-align: justify;\">As mudan\u00e7as fazem parte da din\u00e2mica natural da gest\u00e3o, com objetivo de cumprir o planejamento de a\u00e7\u00f5es da prefeitura, e para a escolha dos nomes, o prefeito Joaquim Neto disse que levou em conta uma s\u00e9rie de fatores. \u201cA nossa reforma administrativa come\u00e7ou com uma reforma f\u00edsica em v\u00e1rios setores do Centro Administrativo e estas pessoas est\u00e3o s\u00f3 tomando posse hoje porque atendem a todos os crit\u00e9rios de preparo t\u00e9cnico, a experi\u00eancia e a paix\u00e3o por servir \u00e0 nossa cidade\u201d, afirmou o prefeito, que na oportunidade, anunciou a nomea\u00e7\u00e3o dos novos secret\u00e1rios de Infraestrutura e Sa\u00fade j\u00e1 na pr\u00f3xima semana.<\/p>\n<p style=\"text-align: right;\"><span style=\"color: #999999;\">Secom Alagoinhas<\/span><\/p>\n<div class='share-to-whatsapp-wrapper'><div class='share-on-whsp'>Share on: <\/div><a data-text='Prefeito Joaquim Neto d\u00e1 posse a quatro novos secret\u00e1rios' data-link='https:\/\/newsinfoco.com.br\/inicio\/prefeito-joaquim-neto-da-posse-a-quatro-novos-secretarios\/' class='whatsapp-button whatsapp-share'>WhatsApp<\/a><div class='clear '><\/div><\/div>","protected":false},"excerpt":{"rendered":"<p>[sg_popup id=&#8221;11418&#8243; event=&#8221;inherit&#8221;][\/sg_popup]Em solenidade realizada nesta segunda-feira(14), o prefeito Joaquim Neto deu posse aos novos secret\u00e1rios das pastas de Governo, Administra\u00e7\u00e3o, Controladoria Geral e Servi\u00e7os P\u00fablicos. A cerim\u00f4nia aconteceu no Gabinete do prefeito e contou com as presen\u00e7as do Presidente da C\u00e2mara de Vereadores, Roberto Torres, da Vice-prefeita e Secret\u00e1ria de Cultura, Esporte e Turismo, [&hellip;]<\/p>\n","protected":false},"author":1,"featured_media":12759,"comment_status":"open","ping_status":"open","sticky":false,"template":"","format":"standard","meta":{"om_disable_all_campaigns":false,"_exactmetrics_skip_tracking":false,"_exactmetrics_sitenote_active":false,"_exactmetrics_sitenote_note":"","_exactmetrics_sitenote_category":0,"footnotes":""},"categories":[38,30],"tags":[],"class_list":["post-12758","post","type-post","status-publish","format-standard","has-post-thumbnail","hentry","category-alagoinhas-e-regiao","category-destaque"],"aioseo_notices":[],"_links":{"self":[{"href":"https:\/\/newsinfoco.com.br\/inicio\/wp-json\/wp\/v2\/posts\/12758","targetHints":{"allow":["GET"]}}],"collection":[{"href":"https:\/\/newsinfoco.com.br\/inicio\/wp-json\/wp\/v2\/posts"}],"about":[{"href":"https:\/\/newsinfoco.com.br\/inicio\/wp-json\/wp\/v2\/types\/post"}],"author":[{"embeddable":true,"href":"https:\/\/newsinfoco.com.br\/inicio\/wp-json\/wp\/v2\/users\/1"}],"replies":[{"embeddable":true,"href":"https:\/\/newsinfoco.com.br\/inicio\/wp-json\/wp\/v2\/comments?post=12758"}],"version-history":[{"count":0,"href":"https:\/\/newsinfoco.com.br\/inicio\/wp-json\/wp\/v2\/posts\/12758\/revisions"}],"wp:featuredmedia":[{"embeddable":true,"href":"https:\/\/newsinfoco.com.br\/inicio\/wp-json\/wp\/v2\/media\/12759"}],"wp:attachment":[{"href":"https:\/\/newsinfoco.com.br\/inicio\/wp-json\/wp\/v2\/media?parent=12758"}],"wp:term":[{"taxonomy":"category","embeddable":true,"href":"https:\/\/newsinfoco.com.br\/inicio\/wp-json\/wp\/v2\/categories?post=12758"},{"taxonomy":"post_tag","embeddable":true,"href":"https:\/\/newsinfoco.com.br\/inicio\/wp-json\/wp\/v2\/tags?post=12758"}],"curies":[{"name":"wp","href":"https:\/\/api.w.org\/{rel}","templated":true}]}}