{"id":12765,"date":"2019-01-15T15:58:49","date_gmt":"2019-01-15T17:58:49","guid":{"rendered":"http:\/\/newsinfoco.com.br\/?p=12765"},"modified":"2019-01-15T15:58:49","modified_gmt":"2019-01-15T17:58:49","slug":"um-ser-possuido-diz-renan-sobre-coordenador-da-lava-jato","status":"publish","type":"post","link":"https:\/\/newsinfoco.com.br\/inicio\/um-ser-possuido-diz-renan-sobre-coordenador-da-lava-jato\/","title":{"rendered":"\u2018Um ser possu\u00eddo\u2019, diz Renan sobre coordenador da Lava Jato"},"content":{"rendered":"<p style=\"text-align: justify;\">[sg_popup id=&#8221;11418&#8243; event=&#8221;inherit&#8221;][\/sg_popup]O senador Renan Calheiros (MDB), candidato \u00e0 Presid\u00eancia da Casa, afirmou, em seu Twitter, nesta ter\u00e7a-feira, 15, que o coordenador da for\u00e7a-tarefa da Opera\u00e7\u00e3o Lava Jato, Deltan Dallagnol, \u2018continua a proferir palavras d\u00e9beis, vazias, e com interesse pol\u00edtico, como um ser possu\u00eddo\u2019. Investigado na Opera\u00e7\u00e3o Lava Jato, o emedebista tenta voltar ao comando do Senado. O voto sigiloso no pleito foi alvo de questionamentos no Supremo Tribunal Federal.<\/p>\n<p style=\"text-align: justify;\">O presidente da Corte, Dias Toffoli, rejeitou recurso para divulgar a escolha dos senadores ao cargo na \u00faltima quinta-feira, 10. Por meio das redes sociais, nesta segunda, 14, o chefe da for\u00e7a-tarefa compartilhou uma not\u00edcia do Correio Braziliense que mostra a vota\u00e7\u00e3o secreta como um \u2018trunfo\u2019 do senador na disputa ao cargo. Ao lado da not\u00edcia, Deltan exp\u00f5e sua opini\u00e3o, pedindo que seus seguidores assinem um abaixo-assinado: \u201cEm menos de tr\u00eas dias, 430 mil brasileiros j\u00e1 mandaram o recado: querem VOTA\u00c7\u00c3O ABERTA para as elei\u00e7\u00f5es dos presidentes do Congresso\u201d. \u201cMais de 500 MIL PESSOAS est\u00e3o pedindo o #votoaberto. \u00c9 um grito da sociedade pelo direito de acompanhar a posi\u00e7\u00e3o de seus representantes nessa escolha que pode ser t\u00e3o importante quanto a elei\u00e7\u00e3o de um Presidente da Rep\u00fablica\u201d, afirmou Deltan, em outra publica\u00e7\u00e3o.<\/p><div class=\"newsi-conteudo_19\" id=\"newsi-4179012098\"><a href=\"https:\/\/www.instagram.com\/prefeituraalagoinhas?igsh=YzgzdDJ1bWR3aWI4\" aria-label=\"SAVE_20251006_221555\"><img loading=\"lazy\" decoding=\"async\" src=\"https:\/\/newsinfoco.com.br\/inicio\/wp-content\/uploads\/2025\/10\/SAVE_20251006_221555-rotated.jpg\" alt=\"\"  srcset=\"https:\/\/newsinfoco.com.br\/inicio\/wp-content\/uploads\/2025\/10\/SAVE_20251006_221555-rotated.jpg 1140w, https:\/\/newsinfoco.com.br\/inicio\/wp-content\/uploads\/2025\/10\/SAVE_20251006_221555-300x52.jpg 300w, https:\/\/newsinfoco.com.br\/inicio\/wp-content\/uploads\/2025\/10\/SAVE_20251006_221555-1024x177.jpg 1024w, https:\/\/newsinfoco.com.br\/inicio\/wp-content\/uploads\/2025\/10\/SAVE_20251006_221555-768x133.jpg 768w, https:\/\/newsinfoco.com.br\/inicio\/wp-content\/uploads\/2025\/10\/SAVE_20251006_221555-600x104.jpg 600w, https:\/\/newsinfoco.com.br\/inicio\/wp-content\/uploads\/2025\/10\/SAVE_20251006_221555-696x120.jpg 696w, https:\/\/newsinfoco.com.br\/inicio\/wp-content\/uploads\/2025\/10\/SAVE_20251006_221555-1068x185.jpg 1068w\" sizes=\"(max-width: 1140px) 100vw, 1140px\" width=\"1140\" height=\"197\"   \/><\/a><\/div>\n<p style=\"text-align: right;\">Estadao<\/p>\n<div class='share-to-whatsapp-wrapper'><div class='share-on-whsp'>Share on: <\/div><a data-text='\u2018Um ser possu\u00eddo\u2019, diz Renan sobre coordenador da Lava Jato' data-link='https:\/\/newsinfoco.com.br\/inicio\/um-ser-possuido-diz-renan-sobre-coordenador-da-lava-jato\/' class='whatsapp-button whatsapp-share'>WhatsApp<\/a><div class='clear '><\/div><\/div>","protected":false},"excerpt":{"rendered":"<p>[sg_popup id=&#8221;11418&#8243; event=&#8221;inherit&#8221;][\/sg_popup]O senador Renan Calheiros (MDB), candidato \u00e0 Presid\u00eancia da Casa, afirmou, em seu Twitter, nesta ter\u00e7a-feira, 15, que o coordenador da for\u00e7a-tarefa da Opera\u00e7\u00e3o Lava Jato, Deltan Dallagnol, \u2018continua a proferir palavras d\u00e9beis, vazias, e com interesse pol\u00edtico, como um ser possu\u00eddo\u2019. Investigado na Opera\u00e7\u00e3o Lava Jato, o emedebista tenta voltar ao comando [&hellip;]<\/p>\n","protected":false},"author":1,"featured_media":12766,"comment_status":"open","ping_status":"open","sticky":false,"template":"","format":"standard","meta":{"om_disable_all_campaigns":false,"_exactmetrics_skip_tracking":false,"_exactmetrics_sitenote_active":false,"_exactmetrics_sitenote_note":"","_exactmetrics_sitenote_category":0,"footnotes":""},"categories":[21],"tags":[],"class_list":["post-12765","post","type-post","status-publish","format-standard","has-post-thumbnail","hentry","category-brasil"],"aioseo_notices":[],"_links":{"self":[{"href":"https:\/\/newsinfoco.com.br\/inicio\/wp-json\/wp\/v2\/posts\/12765","targetHints":{"allow":["GET"]}}],"collection":[{"href":"https:\/\/newsinfoco.com.br\/inicio\/wp-json\/wp\/v2\/posts"}],"about":[{"href":"https:\/\/newsinfoco.com.br\/inicio\/wp-json\/wp\/v2\/types\/post"}],"author":[{"embeddable":true,"href":"https:\/\/newsinfoco.com.br\/inicio\/wp-json\/wp\/v2\/users\/1"}],"replies":[{"embeddable":true,"href":"https:\/\/newsinfoco.com.br\/inicio\/wp-json\/wp\/v2\/comments?post=12765"}],"version-history":[{"count":0,"href":"https:\/\/newsinfoco.com.br\/inicio\/wp-json\/wp\/v2\/posts\/12765\/revisions"}],"wp:featuredmedia":[{"embeddable":true,"href":"https:\/\/newsinfoco.com.br\/inicio\/wp-json\/wp\/v2\/media\/12766"}],"wp:attachment":[{"href":"https:\/\/newsinfoco.com.br\/inicio\/wp-json\/wp\/v2\/media?parent=12765"}],"wp:term":[{"taxonomy":"category","embeddable":true,"href":"https:\/\/newsinfoco.com.br\/inicio\/wp-json\/wp\/v2\/categories?post=12765"},{"taxonomy":"post_tag","embeddable":true,"href":"https:\/\/newsinfoco.com.br\/inicio\/wp-json\/wp\/v2\/tags?post=12765"}],"curies":[{"name":"wp","href":"https:\/\/api.w.org\/{rel}","templated":true}]}}