{"id":12768,"date":"2019-01-15T16:01:04","date_gmt":"2019-01-15T18:01:04","guid":{"rendered":"http:\/\/newsinfoco.com.br\/?p=12768"},"modified":"2019-01-15T16:01:04","modified_gmt":"2019-01-15T18:01:04","slug":"mp-de-goias-apresenta-segunda-denuncia-contra-joao-de-deus","status":"publish","type":"post","link":"https:\/\/newsinfoco.com.br\/inicio\/mp-de-goias-apresenta-segunda-denuncia-contra-joao-de-deus\/","title":{"rendered":"MP de Goi\u00e1s apresenta segunda den\u00fancia contra Jo\u00e3o de Deus"},"content":{"rendered":"<p style=\"text-align: justify;\">[sg_popup id=&#8221;11418&#8243; event=&#8221;inherit&#8221;][\/sg_popup]O Minist\u00e9rio P\u00fablico de Goi\u00e1s (MP-GO) apresentou hoje (15) \u00e0 Justi\u00e7a estadual a segunda den\u00fancia contra o m\u00e9dium goiano Jo\u00e3o Teixeira de Faria, o Jo\u00e3o de Deus. Preso em car\u00e1ter preventivo desde 16 de dezembro, Jo\u00e3o de Deus \u00e9 acusado de cometer crimes de estupro de vulner\u00e1vel e viola\u00e7\u00e3o sexual mediante fraude. Ele nega ter abusado de frequentadoras do centro esp\u00edrita Casa Dom In\u00e1cio de Loyola, em Abadi\u00e2nia (GO). A primeira den\u00fancia contra o m\u00e9dium foi apresentada pelos promotores que integram a for\u00e7a-tarefa do MP-GO no dia 28 de dezembro e aceita pela Justi\u00e7a estadual em 9 de janeiro. Hoje, al\u00e9m da segunda den\u00fancia, os promotores apresentaram \u00e0 Justi\u00e7a um novo pedido de pris\u00e3o em nome do m\u00e9dium. Jo\u00e3o de Deus est\u00e1 detido no Centro de Cust\u00f3dia do Complexo Prisional de Aparecida de Goi\u00e2nia, na regi\u00e3o metropolitana da capital do estado.<\/p>\n<p style=\"text-align: justify;\">\u201cO trabalho do Minist\u00e9rio P\u00fablico n\u00e3o se encerra aqui. H\u00e1 ainda uma s\u00e9rie de relatos que v\u00e3o ser instru\u00eddos. Vamos continuar ouvindo eventuais v\u00edtimas e, embora possa se tratar de um certo n\u00famero de v\u00edtimas, este n\u00famero n\u00e3o representa o total de v\u00edtimas abusadas, que pode ser muito maior\u201d, disse o promotor Luciano Meireles. Segundo a promotora Gabriella de Queiroz, a nova den\u00fancia est\u00e1 embasada na apura\u00e7\u00e3o de 13 supostos casos, dos quais oito j\u00e1 prescreveram, ou seja, j\u00e1 n\u00e3o podem mais ser levados a julgamento. Entre as mulheres que se apresentam como v\u00edtimas do m\u00e9dium, algumas afirmam ter sofrido abusos sexuais quando eram crian\u00e7as ou adolescentes. Al\u00e9m de levar adiante a den\u00fancia de cinco das supostas v\u00edtimas cujos casos n\u00e3o est\u00e3o prescritos, os promotores indicar\u00e3o as outras oito supostas v\u00edtimas como testemunhas, anexado seus depoimentos ao processo.<\/p><div class=\"newsi-conteudo_19\" id=\"newsi-4068406441\"><a href=\"https:\/\/www.instagram.com\/prefeituraalagoinhas?igsh=YzgzdDJ1bWR3aWI4\" aria-label=\"SAVE_20251006_221555\"><img loading=\"lazy\" decoding=\"async\" src=\"https:\/\/newsinfoco.com.br\/inicio\/wp-content\/uploads\/2025\/10\/SAVE_20251006_221555-rotated.jpg\" alt=\"\"  srcset=\"https:\/\/newsinfoco.com.br\/inicio\/wp-content\/uploads\/2025\/10\/SAVE_20251006_221555-rotated.jpg 1140w, https:\/\/newsinfoco.com.br\/inicio\/wp-content\/uploads\/2025\/10\/SAVE_20251006_221555-300x52.jpg 300w, https:\/\/newsinfoco.com.br\/inicio\/wp-content\/uploads\/2025\/10\/SAVE_20251006_221555-1024x177.jpg 1024w, https:\/\/newsinfoco.com.br\/inicio\/wp-content\/uploads\/2025\/10\/SAVE_20251006_221555-768x133.jpg 768w, https:\/\/newsinfoco.com.br\/inicio\/wp-content\/uploads\/2025\/10\/SAVE_20251006_221555-600x104.jpg 600w, https:\/\/newsinfoco.com.br\/inicio\/wp-content\/uploads\/2025\/10\/SAVE_20251006_221555-696x120.jpg 696w, https:\/\/newsinfoco.com.br\/inicio\/wp-content\/uploads\/2025\/10\/SAVE_20251006_221555-1068x185.jpg 1068w\" sizes=\"(max-width: 1140px) 100vw, 1140px\" width=\"1140\" height=\"197\"   \/><\/a><\/div>\n<h6 style=\"text-align: right;\">Agencia Brasil<\/h6>\n<div class='share-to-whatsapp-wrapper'><div class='share-on-whsp'>Share on: <\/div><a data-text='MP de Goi\u00e1s apresenta segunda den\u00fancia contra Jo\u00e3o de Deus' data-link='https:\/\/newsinfoco.com.br\/inicio\/mp-de-goias-apresenta-segunda-denuncia-contra-joao-de-deus\/' class='whatsapp-button whatsapp-share'>WhatsApp<\/a><div class='clear '><\/div><\/div>","protected":false},"excerpt":{"rendered":"<p>[sg_popup id=&#8221;11418&#8243; event=&#8221;inherit&#8221;][\/sg_popup]O Minist\u00e9rio P\u00fablico de Goi\u00e1s (MP-GO) apresentou hoje (15) \u00e0 Justi\u00e7a estadual a segunda den\u00fancia contra o m\u00e9dium goiano Jo\u00e3o Teixeira de Faria, o Jo\u00e3o de Deus. Preso em car\u00e1ter preventivo desde 16 de dezembro, Jo\u00e3o de Deus \u00e9 acusado de cometer crimes de estupro de vulner\u00e1vel e viola\u00e7\u00e3o sexual mediante fraude. Ele [&hellip;]<\/p>\n","protected":false},"author":1,"featured_media":12197,"comment_status":"open","ping_status":"open","sticky":false,"template":"","format":"standard","meta":{"om_disable_all_campaigns":false,"_exactmetrics_skip_tracking":false,"_exactmetrics_sitenote_active":false,"_exactmetrics_sitenote_note":"","_exactmetrics_sitenote_category":0,"footnotes":""},"categories":[21],"tags":[],"class_list":["post-12768","post","type-post","status-publish","format-standard","has-post-thumbnail","hentry","category-brasil"],"aioseo_notices":[],"_links":{"self":[{"href":"https:\/\/newsinfoco.com.br\/inicio\/wp-json\/wp\/v2\/posts\/12768","targetHints":{"allow":["GET"]}}],"collection":[{"href":"https:\/\/newsinfoco.com.br\/inicio\/wp-json\/wp\/v2\/posts"}],"about":[{"href":"https:\/\/newsinfoco.com.br\/inicio\/wp-json\/wp\/v2\/types\/post"}],"author":[{"embeddable":true,"href":"https:\/\/newsinfoco.com.br\/inicio\/wp-json\/wp\/v2\/users\/1"}],"replies":[{"embeddable":true,"href":"https:\/\/newsinfoco.com.br\/inicio\/wp-json\/wp\/v2\/comments?post=12768"}],"version-history":[{"count":0,"href":"https:\/\/newsinfoco.com.br\/inicio\/wp-json\/wp\/v2\/posts\/12768\/revisions"}],"wp:featuredmedia":[{"embeddable":true,"href":"https:\/\/newsinfoco.com.br\/inicio\/wp-json\/wp\/v2\/media\/12197"}],"wp:attachment":[{"href":"https:\/\/newsinfoco.com.br\/inicio\/wp-json\/wp\/v2\/media?parent=12768"}],"wp:term":[{"taxonomy":"category","embeddable":true,"href":"https:\/\/newsinfoco.com.br\/inicio\/wp-json\/wp\/v2\/categories?post=12768"},{"taxonomy":"post_tag","embeddable":true,"href":"https:\/\/newsinfoco.com.br\/inicio\/wp-json\/wp\/v2\/tags?post=12768"}],"curies":[{"name":"wp","href":"https:\/\/api.w.org\/{rel}","templated":true}]}}