{"id":12770,"date":"2019-01-15T16:04:30","date_gmt":"2019-01-15T18:04:30","guid":{"rendered":"http:\/\/newsinfoco.com.br\/?p=12770"},"modified":"2019-01-15T16:04:30","modified_gmt":"2019-01-15T18:04:30","slug":"fhc-ve-impacto-na-imagem-do-brasil-com-inicio-de-governo-bolsonaro","status":"publish","type":"post","link":"https:\/\/newsinfoco.com.br\/inicio\/fhc-ve-impacto-na-imagem-do-brasil-com-inicio-de-governo-bolsonaro\/","title":{"rendered":"FHC v\u00ea impacto na imagem do Brasil com in\u00edcio de governo Bolsonaro"},"content":{"rendered":"<p style=\"text-align: justify;\">[sg_popup id=&#8221;11418&#8243; event=&#8221;inherit&#8221;][\/sg_popup]O ex-presidente Fernando Henrique Cardoso disse que a percep\u00e7\u00e3o do mundo em rela\u00e7\u00e3o ao Brasil foi afetada negativamente ap\u00f3s a elei\u00e7\u00e3o de Jair Bolsonaro para a Presid\u00eancia. Em entrevista \u00e0 Radio France Internationale (RFI), FHC disse tamb\u00e9m ser oposi\u00e7\u00e3o ao novo governo, mas que torce para a atual gest\u00e3o \u201cn\u00e3o erre\u201d pelo bem do Brasil.<\/p>\n<p style=\"text-align: justify;\">Segundo o tucano, que participou de um evento em Paris, \u201co governo come\u00e7ou complicado\u201d, com a\u00e7\u00f5es recentes nos primeiros dias do governo Bolsonaro que s\u00e3o \u201cdif\u00edceis de imaginar que o mundo aceite com aplausos\u201d. \u201cA percep\u00e7\u00e3o do resto do mundo e particularmente na Fran\u00e7a \u00e9 negativa\u201d, comentou, citando como exemplos a recusa em participar do pacto de imigra\u00e7\u00e3o da ONU e a inten\u00e7\u00e3o de deixar a conven\u00e7\u00e3o sobre o Clima. Na segunda, o ministro do Meio Ambiente, Ricardo Salles, disse que o presidente concordou em manter o Brasil no Acordo de Paris. FHC afirmou ainda que seria oposi\u00e7\u00e3o \u201cde qualquer maneira\u201d porque n\u00e3o votou em Bolsonaro e que v\u00ea no governo elementos de extrema-direita. Por outro lado, n\u00e3o declarou voto em Fernando Haddad porque nunca esteve de acordo com as posi\u00e7\u00f5es do PT.<\/p><div class=\"newsi-conteudo_19\" id=\"newsi-1973456663\"><a href=\"https:\/\/www.instagram.com\/prefeituraalagoinhas?igsh=YzgzdDJ1bWR3aWI4\" aria-label=\"SAVE_20251006_221555\"><img loading=\"lazy\" decoding=\"async\" src=\"https:\/\/newsinfoco.com.br\/inicio\/wp-content\/uploads\/2025\/10\/SAVE_20251006_221555-rotated.jpg\" alt=\"\"  srcset=\"https:\/\/newsinfoco.com.br\/inicio\/wp-content\/uploads\/2025\/10\/SAVE_20251006_221555-rotated.jpg 1140w, https:\/\/newsinfoco.com.br\/inicio\/wp-content\/uploads\/2025\/10\/SAVE_20251006_221555-300x52.jpg 300w, https:\/\/newsinfoco.com.br\/inicio\/wp-content\/uploads\/2025\/10\/SAVE_20251006_221555-1024x177.jpg 1024w, https:\/\/newsinfoco.com.br\/inicio\/wp-content\/uploads\/2025\/10\/SAVE_20251006_221555-768x133.jpg 768w, https:\/\/newsinfoco.com.br\/inicio\/wp-content\/uploads\/2025\/10\/SAVE_20251006_221555-600x104.jpg 600w, https:\/\/newsinfoco.com.br\/inicio\/wp-content\/uploads\/2025\/10\/SAVE_20251006_221555-696x120.jpg 696w, https:\/\/newsinfoco.com.br\/inicio\/wp-content\/uploads\/2025\/10\/SAVE_20251006_221555-1068x185.jpg 1068w\" sizes=\"(max-width: 1140px) 100vw, 1140px\" width=\"1140\" height=\"197\"   \/><\/a><\/div>\n<h6 style=\"text-align: right;\">Estadao<\/h6>\n<div class='share-to-whatsapp-wrapper'><div class='share-on-whsp'>Share on: <\/div><a data-text='FHC v\u00ea impacto na imagem do Brasil com in\u00edcio de governo Bolsonaro' data-link='https:\/\/newsinfoco.com.br\/inicio\/fhc-ve-impacto-na-imagem-do-brasil-com-inicio-de-governo-bolsonaro\/' class='whatsapp-button whatsapp-share'>WhatsApp<\/a><div class='clear '><\/div><\/div>","protected":false},"excerpt":{"rendered":"<p>[sg_popup id=&#8221;11418&#8243; event=&#8221;inherit&#8221;][\/sg_popup]O ex-presidente Fernando Henrique Cardoso disse que a percep\u00e7\u00e3o do mundo em rela\u00e7\u00e3o ao Brasil foi afetada negativamente ap\u00f3s a elei\u00e7\u00e3o de Jair Bolsonaro para a Presid\u00eancia. Em entrevista \u00e0 Radio France Internationale (RFI), FHC disse tamb\u00e9m ser oposi\u00e7\u00e3o ao novo governo, mas que torce para a atual gest\u00e3o \u201cn\u00e3o erre\u201d pelo bem [&hellip;]<\/p>\n","protected":false},"author":1,"featured_media":12771,"comment_status":"open","ping_status":"open","sticky":false,"template":"","format":"standard","meta":{"om_disable_all_campaigns":false,"_exactmetrics_skip_tracking":false,"_exactmetrics_sitenote_active":false,"_exactmetrics_sitenote_note":"","_exactmetrics_sitenote_category":0,"footnotes":""},"categories":[21],"tags":[],"class_list":["post-12770","post","type-post","status-publish","format-standard","has-post-thumbnail","hentry","category-brasil"],"aioseo_notices":[],"_links":{"self":[{"href":"https:\/\/newsinfoco.com.br\/inicio\/wp-json\/wp\/v2\/posts\/12770","targetHints":{"allow":["GET"]}}],"collection":[{"href":"https:\/\/newsinfoco.com.br\/inicio\/wp-json\/wp\/v2\/posts"}],"about":[{"href":"https:\/\/newsinfoco.com.br\/inicio\/wp-json\/wp\/v2\/types\/post"}],"author":[{"embeddable":true,"href":"https:\/\/newsinfoco.com.br\/inicio\/wp-json\/wp\/v2\/users\/1"}],"replies":[{"embeddable":true,"href":"https:\/\/newsinfoco.com.br\/inicio\/wp-json\/wp\/v2\/comments?post=12770"}],"version-history":[{"count":0,"href":"https:\/\/newsinfoco.com.br\/inicio\/wp-json\/wp\/v2\/posts\/12770\/revisions"}],"wp:featuredmedia":[{"embeddable":true,"href":"https:\/\/newsinfoco.com.br\/inicio\/wp-json\/wp\/v2\/media\/12771"}],"wp:attachment":[{"href":"https:\/\/newsinfoco.com.br\/inicio\/wp-json\/wp\/v2\/media?parent=12770"}],"wp:term":[{"taxonomy":"category","embeddable":true,"href":"https:\/\/newsinfoco.com.br\/inicio\/wp-json\/wp\/v2\/categories?post=12770"},{"taxonomy":"post_tag","embeddable":true,"href":"https:\/\/newsinfoco.com.br\/inicio\/wp-json\/wp\/v2\/tags?post=12770"}],"curies":[{"name":"wp","href":"https:\/\/api.w.org\/{rel}","templated":true}]}}