{"id":12784,"date":"2019-01-15T16:18:43","date_gmt":"2019-01-15T18:18:43","guid":{"rendered":"http:\/\/newsinfoco.com.br\/?p=12784"},"modified":"2019-01-15T16:18:43","modified_gmt":"2019-01-15T18:18:43","slug":"prefeitura-de-alagoinhas-inicia-obras-de-pavimentacao-asfaltica-no-tupy-caldas","status":"publish","type":"post","link":"https:\/\/newsinfoco.com.br\/inicio\/prefeitura-de-alagoinhas-inicia-obras-de-pavimentacao-asfaltica-no-tupy-caldas\/","title":{"rendered":"Prefeitura de Alagoinhas inicia obras de pavimenta\u00e7\u00e3o asf\u00e1ltica no Tupy Caldas"},"content":{"rendered":"<p style=\"text-align: justify;\">[sg_popup id=&#8221;11418&#8243; event=&#8221;inherit&#8221;][\/sg_popup]A Prefeitura de Alagoinhas iniciou, na \u00faltima sexta-feira (11), as obras de drenagem, cal\u00e7adas com acessibilidade e pavimenta\u00e7\u00e3o asf\u00e1ltica nas ruas Aurora, Eiffel e Aquarela, localizadas na comunidade do Tupy Caldas, bairro de Santa Terezinha. Uma grande conquista na \u00e1rea de pavimenta\u00e7\u00e3o, a obra vai beneficiar, al\u00e9m dos moradores antigos, os futuros que optarem por residir na regi\u00e3o, al\u00e9m dos motoristas que transitam no local, h\u00e1 anos afetado grande quantidade de lama em per\u00edodos de chuva.<\/p>\n<p style=\"text-align: justify;\">Nessa fase inicial, as equipes da prefeitura est\u00e3o realizando os servi\u00e7os preparat\u00f3rios para a execu\u00e7\u00e3o de 200 metros de drenagem pluvial, para, em seguida, fazer a pavimenta\u00e7\u00e3o das ruas.No total, ser\u00e3o 2500 metros quadrados de asfalto novo e de qualidade. A pavimenta\u00e7\u00e3o asf\u00e1ltica do trecho \u00e9 um sonho antigo e a not\u00edcia foi muito comemorada por Maria Leci Batista, moradora da Rua Aquarela h\u00e1 15 anos. \u201cPara n\u00f3s, \u00e9 mais do que uma obra de pavimenta\u00e7\u00e3o, porque vai garantir nosso sossego e de nossos filhos\u201d, afirma Maria. \u201c V\u00e1rias vezes tivemos a casa invadida pela \u00e1gua, mas os nossos pedidos n\u00e3o eram levados \u00e0 s\u00e9rio pelos outros prefeitos que passaram, e a gente s\u00f3 ficava na expectativa\u201d, completa a moradora. De acordo com informa\u00e7\u00f5es da Secretaria de Infraestrutura (SECIN), o prazo para o t\u00e9rmino das benfeitorias \u00e9 de 60 dias. O investimento \u00e9 na ordem de R$ 300 mil.<\/p><div class=\"newsi-conteudo_19\" id=\"newsi-3535551038\"><a href=\"https:\/\/www.instagram.com\/prefeituraalagoinhas?igsh=YzgzdDJ1bWR3aWI4\" aria-label=\"SAVE_20251006_221555\"><img loading=\"lazy\" decoding=\"async\" src=\"https:\/\/newsinfoco.com.br\/inicio\/wp-content\/uploads\/2025\/10\/SAVE_20251006_221555-rotated.jpg\" alt=\"\"  srcset=\"https:\/\/newsinfoco.com.br\/inicio\/wp-content\/uploads\/2025\/10\/SAVE_20251006_221555-rotated.jpg 1140w, https:\/\/newsinfoco.com.br\/inicio\/wp-content\/uploads\/2025\/10\/SAVE_20251006_221555-300x52.jpg 300w, https:\/\/newsinfoco.com.br\/inicio\/wp-content\/uploads\/2025\/10\/SAVE_20251006_221555-1024x177.jpg 1024w, https:\/\/newsinfoco.com.br\/inicio\/wp-content\/uploads\/2025\/10\/SAVE_20251006_221555-768x133.jpg 768w, https:\/\/newsinfoco.com.br\/inicio\/wp-content\/uploads\/2025\/10\/SAVE_20251006_221555-600x104.jpg 600w, https:\/\/newsinfoco.com.br\/inicio\/wp-content\/uploads\/2025\/10\/SAVE_20251006_221555-696x120.jpg 696w, https:\/\/newsinfoco.com.br\/inicio\/wp-content\/uploads\/2025\/10\/SAVE_20251006_221555-1068x185.jpg 1068w\" sizes=\"(max-width: 1140px) 100vw, 1140px\" width=\"1140\" height=\"197\"   \/><\/a><\/div>\n<h6 style=\"text-align: right;\"><span style=\"color: #800080;\"><span style=\"color: #999999;\">Secom Alagoinhas<\/span><\/span><\/h6>\n<div class='share-to-whatsapp-wrapper'><div class='share-on-whsp'>Share on: <\/div><a data-text='Prefeitura de Alagoinhas inicia obras de pavimenta\u00e7\u00e3o asf\u00e1ltica no Tupy Caldas' data-link='https:\/\/newsinfoco.com.br\/inicio\/prefeitura-de-alagoinhas-inicia-obras-de-pavimentacao-asfaltica-no-tupy-caldas\/' class='whatsapp-button whatsapp-share'>WhatsApp<\/a><div class='clear '><\/div><\/div>","protected":false},"excerpt":{"rendered":"<p>[sg_popup id=&#8221;11418&#8243; event=&#8221;inherit&#8221;][\/sg_popup]A Prefeitura de Alagoinhas iniciou, na \u00faltima sexta-feira (11), as obras de drenagem, cal\u00e7adas com acessibilidade e pavimenta\u00e7\u00e3o asf\u00e1ltica nas ruas Aurora, Eiffel e Aquarela, localizadas na comunidade do Tupy Caldas, bairro de Santa Terezinha. Uma grande conquista na \u00e1rea de pavimenta\u00e7\u00e3o, a obra vai beneficiar, al\u00e9m dos moradores antigos, os futuros que [&hellip;]<\/p>\n","protected":false},"author":1,"featured_media":12785,"comment_status":"open","ping_status":"open","sticky":false,"template":"","format":"standard","meta":{"om_disable_all_campaigns":false,"_exactmetrics_skip_tracking":false,"_exactmetrics_sitenote_active":false,"_exactmetrics_sitenote_note":"","_exactmetrics_sitenote_category":0,"footnotes":""},"categories":[38,30],"tags":[],"class_list":["post-12784","post","type-post","status-publish","format-standard","has-post-thumbnail","hentry","category-alagoinhas-e-regiao","category-destaque"],"aioseo_notices":[],"_links":{"self":[{"href":"https:\/\/newsinfoco.com.br\/inicio\/wp-json\/wp\/v2\/posts\/12784","targetHints":{"allow":["GET"]}}],"collection":[{"href":"https:\/\/newsinfoco.com.br\/inicio\/wp-json\/wp\/v2\/posts"}],"about":[{"href":"https:\/\/newsinfoco.com.br\/inicio\/wp-json\/wp\/v2\/types\/post"}],"author":[{"embeddable":true,"href":"https:\/\/newsinfoco.com.br\/inicio\/wp-json\/wp\/v2\/users\/1"}],"replies":[{"embeddable":true,"href":"https:\/\/newsinfoco.com.br\/inicio\/wp-json\/wp\/v2\/comments?post=12784"}],"version-history":[{"count":0,"href":"https:\/\/newsinfoco.com.br\/inicio\/wp-json\/wp\/v2\/posts\/12784\/revisions"}],"wp:featuredmedia":[{"embeddable":true,"href":"https:\/\/newsinfoco.com.br\/inicio\/wp-json\/wp\/v2\/media\/12785"}],"wp:attachment":[{"href":"https:\/\/newsinfoco.com.br\/inicio\/wp-json\/wp\/v2\/media?parent=12784"}],"wp:term":[{"taxonomy":"category","embeddable":true,"href":"https:\/\/newsinfoco.com.br\/inicio\/wp-json\/wp\/v2\/categories?post=12784"},{"taxonomy":"post_tag","embeddable":true,"href":"https:\/\/newsinfoco.com.br\/inicio\/wp-json\/wp\/v2\/tags?post=12784"}],"curies":[{"name":"wp","href":"https:\/\/api.w.org\/{rel}","templated":true}]}}