{"id":12792,"date":"2019-01-15T17:14:13","date_gmt":"2019-01-15T19:14:13","guid":{"rendered":"http:\/\/newsinfoco.com.br\/?p=12792"},"modified":"2019-01-15T17:14:13","modified_gmt":"2019-01-15T19:14:13","slug":"construcao-do-atakarejo-e-legado-de-minha-gestao-na-geracao-de-emprego-e-renda-em-alagoinhas-diz-ex-prefeito-paulo-cezar","status":"publish","type":"post","link":"https:\/\/newsinfoco.com.br\/inicio\/construcao-do-atakarejo-e-legado-de-minha-gestao-na-geracao-de-emprego-e-renda-em-alagoinhas-diz-ex-prefeito-paulo-cezar\/","title":{"rendered":"&#8220;Constru\u00e7\u00e3o do Atakarejo \u00e9 legado de minha gest\u00e3o na gera\u00e7\u00e3o de emprego e renda em Alagoinhas&#8221;, diz ex-prefeito Paulo Cezar"},"content":{"rendered":"<p style=\"text-align: justify;\">[sg_popup id=&#8221;11418&#8243; event=&#8221;inherit&#8221;][\/sg_popup]Anunciado na \u00faltima quinta-feira(10) no programa Primeira M\u00e3o, da r\u00e1dio 95 FM, pelo prefeito Joaquim Neto(DEM), o inicio da constru\u00e7\u00e3o do atacad\u00e3o Atakarejo em Alagoinhas est\u00e1 virando mais uma celeuma entre o atual prefeito e o ex-gestor da cidade, Paulo Cezar. Ap\u00f3s Paulo Cezar afirmar que as obras inauguradas por Joaquim Neto foram realizadas com recursos deixados por ele, agora a bola da vez \u00e9 o Atakarejo, que nas palavras de Paulo Cezar &#8221; \u00e9 mais um legado de sua gest\u00e3o na gera\u00e7\u00e3o de emprego e renda da cidade&#8221;.<\/p>\n<p style=\"text-align: justify;\">Para constru\u00e7\u00e3o do atacad\u00e3o Atakarejo ser\u00e3o investidos cerca de R$ 40 milh\u00f5es, com a previs\u00e3o da gera\u00e7\u00e3o de 400 empregos diretos e 800 indiretos. Durante entrevista concedida ao Programa Primeira M\u00e3o, o prefeito Joaquim Neto prometeu as 400 vagas para &#8220;os filhos de Alagoinhas&#8221;, citando um acordo firmado entre ele e o dono do empreendimento,\u00a0 Teobaldo Luis, onde o mesmo se comprometeu a exigir a condi\u00e7\u00e3o de ter nascido em Alagoinhas para ter direito a vaga.<\/p><div class=\"newsi-conteudo_19\" id=\"newsi-3567254142\"><a href=\"https:\/\/www.instagram.com\/prefeituraalagoinhas?igsh=YzgzdDJ1bWR3aWI4\" aria-label=\"SAVE_20251006_221555\"><img loading=\"lazy\" decoding=\"async\" src=\"https:\/\/newsinfoco.com.br\/inicio\/wp-content\/uploads\/2025\/10\/SAVE_20251006_221555-rotated.jpg\" alt=\"\"  srcset=\"https:\/\/newsinfoco.com.br\/inicio\/wp-content\/uploads\/2025\/10\/SAVE_20251006_221555-rotated.jpg 1140w, https:\/\/newsinfoco.com.br\/inicio\/wp-content\/uploads\/2025\/10\/SAVE_20251006_221555-300x52.jpg 300w, https:\/\/newsinfoco.com.br\/inicio\/wp-content\/uploads\/2025\/10\/SAVE_20251006_221555-1024x177.jpg 1024w, https:\/\/newsinfoco.com.br\/inicio\/wp-content\/uploads\/2025\/10\/SAVE_20251006_221555-768x133.jpg 768w, https:\/\/newsinfoco.com.br\/inicio\/wp-content\/uploads\/2025\/10\/SAVE_20251006_221555-600x104.jpg 600w, https:\/\/newsinfoco.com.br\/inicio\/wp-content\/uploads\/2025\/10\/SAVE_20251006_221555-696x120.jpg 696w, https:\/\/newsinfoco.com.br\/inicio\/wp-content\/uploads\/2025\/10\/SAVE_20251006_221555-1068x185.jpg 1068w\" sizes=\"(max-width: 1140px) 100vw, 1140px\" width=\"1140\" height=\"197\"   \/><\/a><\/div>\n<p style=\"text-align: justify;\">Hoje(15) em texto publicado nas redes sociais, Paulo Cezar lembrou de uma das principais bandeiras de seu governo, a gera\u00e7\u00e3o de empregos.\u00a0\u201cConversei com Teobaldo essa semana e ele me garantiu que as obras come\u00e7am ainda esse m\u00eas. \u00c9 um orgulho saber que durante os oito anos que fui prefeito n\u00f3s conseguimos gerar mais de 15 mil empregos direto e que esse trabalho ainda rende frutos. A constru\u00e7\u00e3o de dois grandes atacados \u00e9 a prova disso\u201d, disse Paulo Cezar.<\/p>\n<h6 style=\"text-align: right;\">Por Caio Pimenta para o News Infoco<\/h6>\n<div class='share-to-whatsapp-wrapper'><div class='share-on-whsp'>Share on: <\/div><a data-text='\"Constru\u00e7\u00e3o do Atakarejo \u00e9 legado de minha gest\u00e3o na gera\u00e7\u00e3o de emprego e renda em Alagoinhas\", diz ex-prefeito Paulo Cezar' data-link='https:\/\/newsinfoco.com.br\/inicio\/construcao-do-atakarejo-e-legado-de-minha-gestao-na-geracao-de-emprego-e-renda-em-alagoinhas-diz-ex-prefeito-paulo-cezar\/' class='whatsapp-button whatsapp-share'>WhatsApp<\/a><div class='clear '><\/div><\/div>","protected":false},"excerpt":{"rendered":"<p>[sg_popup id=&#8221;11418&#8243; event=&#8221;inherit&#8221;][\/sg_popup]Anunciado na \u00faltima quinta-feira(10) no programa Primeira M\u00e3o, da r\u00e1dio 95 FM, pelo prefeito Joaquim Neto(DEM), o inicio da constru\u00e7\u00e3o do atacad\u00e3o Atakarejo em Alagoinhas est\u00e1 virando mais uma celeuma entre o atual prefeito e o ex-gestor da cidade, Paulo Cezar. Ap\u00f3s Paulo Cezar afirmar que as obras inauguradas por Joaquim Neto foram [&hellip;]<\/p>\n","protected":false},"author":1,"featured_media":12793,"comment_status":"open","ping_status":"open","sticky":false,"template":"","format":"standard","meta":{"om_disable_all_campaigns":false,"_exactmetrics_skip_tracking":false,"_exactmetrics_sitenote_active":false,"_exactmetrics_sitenote_note":"","_exactmetrics_sitenote_category":0,"footnotes":""},"categories":[38,30],"tags":[],"class_list":["post-12792","post","type-post","status-publish","format-standard","has-post-thumbnail","hentry","category-alagoinhas-e-regiao","category-destaque"],"aioseo_notices":[],"_links":{"self":[{"href":"https:\/\/newsinfoco.com.br\/inicio\/wp-json\/wp\/v2\/posts\/12792","targetHints":{"allow":["GET"]}}],"collection":[{"href":"https:\/\/newsinfoco.com.br\/inicio\/wp-json\/wp\/v2\/posts"}],"about":[{"href":"https:\/\/newsinfoco.com.br\/inicio\/wp-json\/wp\/v2\/types\/post"}],"author":[{"embeddable":true,"href":"https:\/\/newsinfoco.com.br\/inicio\/wp-json\/wp\/v2\/users\/1"}],"replies":[{"embeddable":true,"href":"https:\/\/newsinfoco.com.br\/inicio\/wp-json\/wp\/v2\/comments?post=12792"}],"version-history":[{"count":0,"href":"https:\/\/newsinfoco.com.br\/inicio\/wp-json\/wp\/v2\/posts\/12792\/revisions"}],"wp:featuredmedia":[{"embeddable":true,"href":"https:\/\/newsinfoco.com.br\/inicio\/wp-json\/wp\/v2\/media\/12793"}],"wp:attachment":[{"href":"https:\/\/newsinfoco.com.br\/inicio\/wp-json\/wp\/v2\/media?parent=12792"}],"wp:term":[{"taxonomy":"category","embeddable":true,"href":"https:\/\/newsinfoco.com.br\/inicio\/wp-json\/wp\/v2\/categories?post=12792"},{"taxonomy":"post_tag","embeddable":true,"href":"https:\/\/newsinfoco.com.br\/inicio\/wp-json\/wp\/v2\/tags?post=12792"}],"curies":[{"name":"wp","href":"https:\/\/api.w.org\/{rel}","templated":true}]}}