{"id":12803,"date":"2019-01-16T17:52:30","date_gmt":"2019-01-16T19:52:30","guid":{"rendered":"http:\/\/newsinfoco.com.br\/?p=12803"},"modified":"2019-01-16T17:52:30","modified_gmt":"2019-01-16T19:52:30","slug":"petrobras-foi-saqueada-num-volume-sem-paralelo-no-governo-lula-afirma-moro","status":"publish","type":"post","link":"https:\/\/newsinfoco.com.br\/inicio\/petrobras-foi-saqueada-num-volume-sem-paralelo-no-governo-lula-afirma-moro\/","title":{"rendered":"\u2018Petrobr\u00e1s foi saqueada num volume sem paralelo no governo Lula\u2019, afirma Moro"},"content":{"rendered":"<p style=\"text-align: justify;\">[sg_popup id=&#8221;11418&#8243; event=&#8221;inherit&#8221;][\/sg_popup]O ministro da Justi\u00e7a e Seguran\u00e7a P\u00fablica, S\u00e9rgio Moro, afirmou, nesta ter\u00e7a-feira, 15, em entrevista \u00e0 GloboNews, que a Petrobr\u00e1s foi saqueada em um volume sem paralelo\u2019 durante o governo do ex-presidente Luiz In\u00e1cio Lula da Silva. A declara\u00e7\u00e3o foi feita em resposta a pergunta sobre argumentos da defesa do petista \u00e0 justi\u00e7a de que Moro foi um juiz parcial e o perseguiu durante processos judiciais.<\/p>\n<p style=\"text-align: justify;\">Moro afirmou que Lula n\u00e3o \u2018faz parte\u2019 de seu \u2018presente\u2019, nem do \u2018futuro\u2019. \u201cO fato \u00e9 que a decis\u00e3o que eu proferi foi confirmada por tr\u00eas desembargadores que permanecem em suas posi\u00e7\u00f5es\u201d. \u201cO que existe \u00e9 um \u00e1libi falso de persegui\u00e7\u00e3o pol\u00edtica. O fato \u00e9 que a Petrobr\u00e1s durante o Governo do ex-presidente foi saqueada num volume as vezes sem paralelo no mundo\u201d, disse. Moro ressaltou que \u2018a pr\u00f3pria Petrobr\u00e1s reconheceu R$ 6 bilh\u00f5es em desvios\u2019. \u201cPra onde foi esse dinheiro? esse dinheiro foi para enriquecer ilicitamente diversos agentes p\u00fablicos daquele governo e parcelas beneficiaram o ex-presidente. Esse \u00e1libi parte do pressuposto de que esse esc\u00e2ndalo de corrup\u00e7\u00e3o n\u00e3o aconteceu\u201d, concluiu.<\/p><div class=\"newsi-conteudo_19\" id=\"newsi-3924666724\"><a href=\"https:\/\/www.instagram.com\/prefeituraalagoinhas?igsh=YzgzdDJ1bWR3aWI4\" aria-label=\"SAVE_20251006_221555\"><img loading=\"lazy\" decoding=\"async\" src=\"https:\/\/newsinfoco.com.br\/inicio\/wp-content\/uploads\/2025\/10\/SAVE_20251006_221555-rotated.jpg\" alt=\"\"  srcset=\"https:\/\/newsinfoco.com.br\/inicio\/wp-content\/uploads\/2025\/10\/SAVE_20251006_221555-rotated.jpg 1140w, https:\/\/newsinfoco.com.br\/inicio\/wp-content\/uploads\/2025\/10\/SAVE_20251006_221555-300x52.jpg 300w, https:\/\/newsinfoco.com.br\/inicio\/wp-content\/uploads\/2025\/10\/SAVE_20251006_221555-1024x177.jpg 1024w, https:\/\/newsinfoco.com.br\/inicio\/wp-content\/uploads\/2025\/10\/SAVE_20251006_221555-768x133.jpg 768w, https:\/\/newsinfoco.com.br\/inicio\/wp-content\/uploads\/2025\/10\/SAVE_20251006_221555-600x104.jpg 600w, https:\/\/newsinfoco.com.br\/inicio\/wp-content\/uploads\/2025\/10\/SAVE_20251006_221555-696x120.jpg 696w, https:\/\/newsinfoco.com.br\/inicio\/wp-content\/uploads\/2025\/10\/SAVE_20251006_221555-1068x185.jpg 1068w\" sizes=\"(max-width: 1140px) 100vw, 1140px\" width=\"1140\" height=\"197\"   \/><\/a><\/div>\n<p style=\"text-align: right;\">Estadao<\/p>\n<div class='share-to-whatsapp-wrapper'><div class='share-on-whsp'>Share on: <\/div><a data-text='\u2018Petrobr\u00e1s foi saqueada num volume sem paralelo no governo Lula\u2019, afirma Moro' data-link='https:\/\/newsinfoco.com.br\/inicio\/petrobras-foi-saqueada-num-volume-sem-paralelo-no-governo-lula-afirma-moro\/' class='whatsapp-button whatsapp-share'>WhatsApp<\/a><div class='clear '><\/div><\/div>","protected":false},"excerpt":{"rendered":"<p>[sg_popup id=&#8221;11418&#8243; event=&#8221;inherit&#8221;][\/sg_popup]O ministro da Justi\u00e7a e Seguran\u00e7a P\u00fablica, S\u00e9rgio Moro, afirmou, nesta ter\u00e7a-feira, 15, em entrevista \u00e0 GloboNews, que a Petrobr\u00e1s foi saqueada em um volume sem paralelo\u2019 durante o governo do ex-presidente Luiz In\u00e1cio Lula da Silva. A declara\u00e7\u00e3o foi feita em resposta a pergunta sobre argumentos da defesa do petista \u00e0 justi\u00e7a [&hellip;]<\/p>\n","protected":false},"author":1,"featured_media":12804,"comment_status":"open","ping_status":"open","sticky":false,"template":"","format":"standard","meta":{"om_disable_all_campaigns":false,"_exactmetrics_skip_tracking":false,"_exactmetrics_sitenote_active":false,"_exactmetrics_sitenote_note":"","_exactmetrics_sitenote_category":0,"footnotes":""},"categories":[21],"tags":[],"class_list":["post-12803","post","type-post","status-publish","format-standard","has-post-thumbnail","hentry","category-brasil"],"aioseo_notices":[],"_links":{"self":[{"href":"https:\/\/newsinfoco.com.br\/inicio\/wp-json\/wp\/v2\/posts\/12803","targetHints":{"allow":["GET"]}}],"collection":[{"href":"https:\/\/newsinfoco.com.br\/inicio\/wp-json\/wp\/v2\/posts"}],"about":[{"href":"https:\/\/newsinfoco.com.br\/inicio\/wp-json\/wp\/v2\/types\/post"}],"author":[{"embeddable":true,"href":"https:\/\/newsinfoco.com.br\/inicio\/wp-json\/wp\/v2\/users\/1"}],"replies":[{"embeddable":true,"href":"https:\/\/newsinfoco.com.br\/inicio\/wp-json\/wp\/v2\/comments?post=12803"}],"version-history":[{"count":0,"href":"https:\/\/newsinfoco.com.br\/inicio\/wp-json\/wp\/v2\/posts\/12803\/revisions"}],"wp:featuredmedia":[{"embeddable":true,"href":"https:\/\/newsinfoco.com.br\/inicio\/wp-json\/wp\/v2\/media\/12804"}],"wp:attachment":[{"href":"https:\/\/newsinfoco.com.br\/inicio\/wp-json\/wp\/v2\/media?parent=12803"}],"wp:term":[{"taxonomy":"category","embeddable":true,"href":"https:\/\/newsinfoco.com.br\/inicio\/wp-json\/wp\/v2\/categories?post=12803"},{"taxonomy":"post_tag","embeddable":true,"href":"https:\/\/newsinfoco.com.br\/inicio\/wp-json\/wp\/v2\/tags?post=12803"}],"curies":[{"name":"wp","href":"https:\/\/api.w.org\/{rel}","templated":true}]}}