{"id":12806,"date":"2019-01-16T17:56:14","date_gmt":"2019-01-16T19:56:14","guid":{"rendered":"http:\/\/newsinfoco.com.br\/?p=12806"},"modified":"2019-01-16T17:56:14","modified_gmt":"2019-01-16T19:56:14","slug":"bolsonaro-defende-mercosul-enxuto-e-com-relevancia","status":"publish","type":"post","link":"https:\/\/newsinfoco.com.br\/inicio\/bolsonaro-defende-mercosul-enxuto-e-com-relevancia\/","title":{"rendered":"Bolsonaro defende Mercosul enxuto e com relev\u00e2ncia"},"content":{"rendered":"<p style=\"text-align: justify;\">[sg_popup id=&#8221;11418&#8243; event=&#8221;inherit&#8221;][\/sg_popup]O presidente Jair Bolsonaro defendeu que o Mercosul, bloco que re\u00fane pa\u00edses sul-americanos, seja mais enxuto para ganhar relev\u00e2ncia na regi\u00e3o. Bolsonaro e o presidente da Argentina, Mauricio Macri, reuniram-se hoje (16) pela manh\u00e3, no Pal\u00e1cio do Planalto, e conversaram sobre o aperfei\u00e7oamento do Mercosul. Macri \u00e9 o atual presidente do bloco. \u201cConcordamos com a import\u00e2ncia de, com os demais parceiros, Paraguai e Uruguai, aperfei\u00e7oar o bloco e propor nova agenda de trabalho, sempre com sentido de urg\u00eancia\u201d, disse Bolsonaro em declara\u00e7\u00e3o ap\u00f3s a reuni\u00e3o ampliada entre os dois l\u00edderes e seus ministros de Estado, no Pal\u00e1cio do Planalto. Para Bolsonaro, no plano interno, o Mercosul precisa valorizar a sua tradi\u00e7\u00e3o original, de abertura comercial, redu\u00e7\u00e3o de barreiras e elimina\u00e7\u00e3o de burocracias. \u201cO prop\u00f3sito \u00e9 construir um Mercosul enxuto que continue a fazer sentido e ter relev\u00e2ncia\u201d, disse.<\/p>\n<p style=\"text-align: justify;\">Na frente externa, os dois l\u00edderes concordaram que \u00e9 preciso \u201cconcluir rapidamente as negocia\u00e7\u00f5es mais promissoras\u201d que est\u00e3o em andamento e iniciar novas negocia\u00e7\u00f5es \u201ccom criatividade e flexibilidade para recuperar o tempo perdido\u201d. \u201cTemos que criar novas oportunidades comerciais e de investimentos, a fim de gerar prosperidade e bem-estar em nossos pa\u00edses\u201d, disse o presidente brasileiro. Entre as parcerias em negocia\u00e7\u00e3o est\u00e1 o acordo do Mercosul com a Uni\u00e3o Europeia. Para o presidente Macri, \u00e9 preciso avan\u00e7ar em um espa\u00e7o de integra\u00e7\u00e3o que se \u201cadapte aos desafios do s\u00e9culo 21 e aproveite as oportunidades que o mundo oferece\u201d. Nesse sentido, o com\u00e9rcio \u00e9 um instrumento que impulsiona esse desenvolvimento. \u201cPor isso, \u00e9 chave agilizar e terminar as negocia\u00e7\u00f5es em curso. A negocia\u00e7\u00e3o com a Uni\u00e3o Europeia requereu muito esfor\u00e7o e avan\u00e7ou como nunca antes. Com sua chegada, temos a oportunidade de renovar o compromisso pol\u00edtico do Mercosul\u201d, disse o argentino.<\/p><div class=\"newsi-conteudo_19\" id=\"newsi-1604782862\"><a href=\"https:\/\/www.instagram.com\/prefeituraalagoinhas?igsh=YzgzdDJ1bWR3aWI4\" aria-label=\"SAVE_20251006_221555\"><img loading=\"lazy\" decoding=\"async\" src=\"https:\/\/newsinfoco.com.br\/inicio\/wp-content\/uploads\/2025\/10\/SAVE_20251006_221555-rotated.jpg\" alt=\"\"  srcset=\"https:\/\/newsinfoco.com.br\/inicio\/wp-content\/uploads\/2025\/10\/SAVE_20251006_221555-rotated.jpg 1140w, https:\/\/newsinfoco.com.br\/inicio\/wp-content\/uploads\/2025\/10\/SAVE_20251006_221555-300x52.jpg 300w, https:\/\/newsinfoco.com.br\/inicio\/wp-content\/uploads\/2025\/10\/SAVE_20251006_221555-1024x177.jpg 1024w, https:\/\/newsinfoco.com.br\/inicio\/wp-content\/uploads\/2025\/10\/SAVE_20251006_221555-768x133.jpg 768w, https:\/\/newsinfoco.com.br\/inicio\/wp-content\/uploads\/2025\/10\/SAVE_20251006_221555-600x104.jpg 600w, https:\/\/newsinfoco.com.br\/inicio\/wp-content\/uploads\/2025\/10\/SAVE_20251006_221555-696x120.jpg 696w, https:\/\/newsinfoco.com.br\/inicio\/wp-content\/uploads\/2025\/10\/SAVE_20251006_221555-1068x185.jpg 1068w\" sizes=\"(max-width: 1140px) 100vw, 1140px\" width=\"1140\" height=\"197\"   \/><\/a><\/div>\n<h6 style=\"text-align: right;\"><span style=\"color: #999999;\">Agencia Brasil<\/span><\/h6>\n<div class='share-to-whatsapp-wrapper'><div class='share-on-whsp'>Share on: <\/div><a data-text='Bolsonaro defende Mercosul enxuto e com relev\u00e2ncia' data-link='https:\/\/newsinfoco.com.br\/inicio\/bolsonaro-defende-mercosul-enxuto-e-com-relevancia\/' class='whatsapp-button whatsapp-share'>WhatsApp<\/a><div class='clear '><\/div><\/div>","protected":false},"excerpt":{"rendered":"<p>[sg_popup id=&#8221;11418&#8243; event=&#8221;inherit&#8221;][\/sg_popup]O presidente Jair Bolsonaro defendeu que o Mercosul, bloco que re\u00fane pa\u00edses sul-americanos, seja mais enxuto para ganhar relev\u00e2ncia na regi\u00e3o. Bolsonaro e o presidente da Argentina, Mauricio Macri, reuniram-se hoje (16) pela manh\u00e3, no Pal\u00e1cio do Planalto, e conversaram sobre o aperfei\u00e7oamento do Mercosul. Macri \u00e9 o atual presidente do bloco. \u201cConcordamos [&hellip;]<\/p>\n","protected":false},"author":1,"featured_media":12807,"comment_status":"open","ping_status":"open","sticky":false,"template":"","format":"standard","meta":{"om_disable_all_campaigns":false,"_exactmetrics_skip_tracking":false,"_exactmetrics_sitenote_active":false,"_exactmetrics_sitenote_note":"","_exactmetrics_sitenote_category":0,"footnotes":""},"categories":[21],"tags":[],"class_list":["post-12806","post","type-post","status-publish","format-standard","has-post-thumbnail","hentry","category-brasil"],"aioseo_notices":[],"_links":{"self":[{"href":"https:\/\/newsinfoco.com.br\/inicio\/wp-json\/wp\/v2\/posts\/12806","targetHints":{"allow":["GET"]}}],"collection":[{"href":"https:\/\/newsinfoco.com.br\/inicio\/wp-json\/wp\/v2\/posts"}],"about":[{"href":"https:\/\/newsinfoco.com.br\/inicio\/wp-json\/wp\/v2\/types\/post"}],"author":[{"embeddable":true,"href":"https:\/\/newsinfoco.com.br\/inicio\/wp-json\/wp\/v2\/users\/1"}],"replies":[{"embeddable":true,"href":"https:\/\/newsinfoco.com.br\/inicio\/wp-json\/wp\/v2\/comments?post=12806"}],"version-history":[{"count":0,"href":"https:\/\/newsinfoco.com.br\/inicio\/wp-json\/wp\/v2\/posts\/12806\/revisions"}],"wp:featuredmedia":[{"embeddable":true,"href":"https:\/\/newsinfoco.com.br\/inicio\/wp-json\/wp\/v2\/media\/12807"}],"wp:attachment":[{"href":"https:\/\/newsinfoco.com.br\/inicio\/wp-json\/wp\/v2\/media?parent=12806"}],"wp:term":[{"taxonomy":"category","embeddable":true,"href":"https:\/\/newsinfoco.com.br\/inicio\/wp-json\/wp\/v2\/categories?post=12806"},{"taxonomy":"post_tag","embeddable":true,"href":"https:\/\/newsinfoco.com.br\/inicio\/wp-json\/wp\/v2\/tags?post=12806"}],"curies":[{"name":"wp","href":"https:\/\/api.w.org\/{rel}","templated":true}]}}