{"id":12811,"date":"2019-01-16T18:12:45","date_gmt":"2019-01-16T20:12:45","guid":{"rendered":"http:\/\/newsinfoco.com.br\/?p=12811"},"modified":"2019-01-16T18:12:45","modified_gmt":"2019-01-16T20:12:45","slug":"rede-estadual-abre-inscricoes-para-10-mil-vagas-da-educacao-profissional","status":"publish","type":"post","link":"https:\/\/newsinfoco.com.br\/inicio\/rede-estadual-abre-inscricoes-para-10-mil-vagas-da-educacao-profissional\/","title":{"rendered":"Rede estadual abre inscri\u00e7\u00f5es para 10 mil vagas da Educa\u00e7\u00e3o Profissional"},"content":{"rendered":"<p style=\"text-align: justify;\">[sg_popup id=&#8221;11418&#8243; event=&#8221;inherit&#8221;][\/sg_popup]A Secretaria da Educa\u00e7\u00e3o do Estado da Bahia (SEC) abriu, nesta quarta-feira (16), as inscri\u00e7\u00f5es do processo seletivo para 10 mil vagas de cursos t\u00e9cnicos de n\u00edvel m\u00e9dio, na forma de articula\u00e7\u00e3o subsequente ao Ensino M\u00e9dio. As vagas s\u00e3o para os Centros Estaduais e Centros Territoriais de Educa\u00e7\u00e3o Profissional, na capital e em mais 82 munic\u00edpios da Bahia. As inscri\u00e7\u00f5es dever\u00e3o ser feitas at\u00e9 o dia 21 de janeiro por meio do <strong><span style=\"color: #0000ff; background-color: #ffffff;\"><a style=\"color: #0000ff; background-color: #ffffff;\" href=\"http:\/\/www.educacao.ba.gov.br\/\">Portal da Educa\u00e7\u00e3o<\/a><\/span><\/strong>. As vagas para 42 cursos t\u00e9cnicos de n\u00edvel m\u00e9dio s\u00e3o direcionadas para quem j\u00e1 concluiu o Ensino M\u00e9dio e suas modalidades, de forma gratuita, seja na rede p\u00fablica de ensino, no \u00e2mbito federal, estadual ou municipal, ou tenha, comprovadamente, cursado em institui\u00e7\u00e3o filantr\u00f3pica ou em institui\u00e7\u00e3o privada na condi\u00e7\u00e3o de bolsista. Entre os cursos ofertados, est\u00e3o os de t\u00e9cnico em Administra\u00e7\u00e3o, Seguran\u00e7a do Trabalho, Log\u00edstica, Meio Ambiente, Agroecologia, Agroneg\u00f3cios e Enfermagem.<\/p>\n<p style=\"text-align: justify;\">No ato da inscri\u00e7\u00e3o, o candidato dever\u00e1 fazer a op\u00e7\u00e3o para um \u00fanico munic\u00edpio, unidade escolar, o curso e o turno. Ao inscrever-se, o candidato informar\u00e1 o n\u00famero do seu Cadastro de Pessoa F\u00edsica (CPF) e criar\u00e1 uma senha, que dar\u00e1 origem a um login para tr\u00e2nsito no sistema, inclusive para modificar as informa\u00e7\u00f5es ou cancelar a sua inscri\u00e7\u00e3o. A divulga\u00e7\u00e3o do resultado est\u00e1 prevista para o dia 23 de janeiro. A matr\u00edcula dos selecionados ser\u00e1 nos dias 30 e 31 de janeiro e 1 de fevereiro na unidade escolar para a qual foi classificado. O in\u00edcio do per\u00edodo letivo ser\u00e1 no dia 11 de fevereiro.<\/p><div class=\"newsi-conteudo_19\" id=\"newsi-1161560403\"><a href=\"https:\/\/www.instagram.com\/prefeituraalagoinhas?igsh=YzgzdDJ1bWR3aWI4\" aria-label=\"SAVE_20251006_221555\"><img loading=\"lazy\" decoding=\"async\" src=\"https:\/\/newsinfoco.com.br\/inicio\/wp-content\/uploads\/2025\/10\/SAVE_20251006_221555-rotated.jpg\" alt=\"\"  srcset=\"https:\/\/newsinfoco.com.br\/inicio\/wp-content\/uploads\/2025\/10\/SAVE_20251006_221555-rotated.jpg 1140w, https:\/\/newsinfoco.com.br\/inicio\/wp-content\/uploads\/2025\/10\/SAVE_20251006_221555-300x52.jpg 300w, https:\/\/newsinfoco.com.br\/inicio\/wp-content\/uploads\/2025\/10\/SAVE_20251006_221555-1024x177.jpg 1024w, https:\/\/newsinfoco.com.br\/inicio\/wp-content\/uploads\/2025\/10\/SAVE_20251006_221555-768x133.jpg 768w, https:\/\/newsinfoco.com.br\/inicio\/wp-content\/uploads\/2025\/10\/SAVE_20251006_221555-600x104.jpg 600w, https:\/\/newsinfoco.com.br\/inicio\/wp-content\/uploads\/2025\/10\/SAVE_20251006_221555-696x120.jpg 696w, https:\/\/newsinfoco.com.br\/inicio\/wp-content\/uploads\/2025\/10\/SAVE_20251006_221555-1068x185.jpg 1068w\" sizes=\"(max-width: 1140px) 100vw, 1140px\" width=\"1140\" height=\"197\"   \/><\/a><\/div>\n<div class='share-to-whatsapp-wrapper'><div class='share-on-whsp'>Share on: <\/div><a data-text='Rede estadual abre inscri\u00e7\u00f5es para 10 mil vagas da Educa\u00e7\u00e3o Profissional' data-link='https:\/\/newsinfoco.com.br\/inicio\/rede-estadual-abre-inscricoes-para-10-mil-vagas-da-educacao-profissional\/' class='whatsapp-button whatsapp-share'>WhatsApp<\/a><div class='clear '><\/div><\/div>","protected":false},"excerpt":{"rendered":"<p>[sg_popup id=&#8221;11418&#8243; event=&#8221;inherit&#8221;][\/sg_popup]A Secretaria da Educa\u00e7\u00e3o do Estado da Bahia (SEC) abriu, nesta quarta-feira (16), as inscri\u00e7\u00f5es do processo seletivo para 10 mil vagas de cursos t\u00e9cnicos de n\u00edvel m\u00e9dio, na forma de articula\u00e7\u00e3o subsequente ao Ensino M\u00e9dio. As vagas s\u00e3o para os Centros Estaduais e Centros Territoriais de Educa\u00e7\u00e3o Profissional, na capital e em [&hellip;]<\/p>\n","protected":false},"author":1,"featured_media":12812,"comment_status":"open","ping_status":"open","sticky":false,"template":"","format":"standard","meta":{"om_disable_all_campaigns":false,"_exactmetrics_skip_tracking":false,"_exactmetrics_sitenote_active":false,"_exactmetrics_sitenote_note":"","_exactmetrics_sitenote_category":0,"footnotes":""},"categories":[19],"tags":[],"class_list":["post-12811","post","type-post","status-publish","format-standard","has-post-thumbnail","hentry","category-bahia"],"aioseo_notices":[],"_links":{"self":[{"href":"https:\/\/newsinfoco.com.br\/inicio\/wp-json\/wp\/v2\/posts\/12811","targetHints":{"allow":["GET"]}}],"collection":[{"href":"https:\/\/newsinfoco.com.br\/inicio\/wp-json\/wp\/v2\/posts"}],"about":[{"href":"https:\/\/newsinfoco.com.br\/inicio\/wp-json\/wp\/v2\/types\/post"}],"author":[{"embeddable":true,"href":"https:\/\/newsinfoco.com.br\/inicio\/wp-json\/wp\/v2\/users\/1"}],"replies":[{"embeddable":true,"href":"https:\/\/newsinfoco.com.br\/inicio\/wp-json\/wp\/v2\/comments?post=12811"}],"version-history":[{"count":0,"href":"https:\/\/newsinfoco.com.br\/inicio\/wp-json\/wp\/v2\/posts\/12811\/revisions"}],"wp:featuredmedia":[{"embeddable":true,"href":"https:\/\/newsinfoco.com.br\/inicio\/wp-json\/wp\/v2\/media\/12812"}],"wp:attachment":[{"href":"https:\/\/newsinfoco.com.br\/inicio\/wp-json\/wp\/v2\/media?parent=12811"}],"wp:term":[{"taxonomy":"category","embeddable":true,"href":"https:\/\/newsinfoco.com.br\/inicio\/wp-json\/wp\/v2\/categories?post=12811"},{"taxonomy":"post_tag","embeddable":true,"href":"https:\/\/newsinfoco.com.br\/inicio\/wp-json\/wp\/v2\/tags?post=12811"}],"curies":[{"name":"wp","href":"https:\/\/api.w.org\/{rel}","templated":true}]}}