{"id":12817,"date":"2019-01-16T18:22:25","date_gmt":"2019-01-16T20:22:25","guid":{"rendered":"http:\/\/newsinfoco.com.br\/?p=12817"},"modified":"2019-01-16T18:22:25","modified_gmt":"2019-01-16T20:22:25","slug":"mp-ba-cria-grupo-para-fiscalizar-preparativos-do-carnaval","status":"publish","type":"post","link":"https:\/\/newsinfoco.com.br\/inicio\/mp-ba-cria-grupo-para-fiscalizar-preparativos-do-carnaval\/","title":{"rendered":"MP-BA cria grupo para fiscalizar preparativos do Carnaval"},"content":{"rendered":"<p style=\"text-align: justify;\">[sg_popup id=&#8221;11418&#8243; event=&#8221;inherit&#8221;][\/sg_popup]O Minist\u00e9rio P\u00fablico da Bahia (MP-BA) formou um grupo de trabalho para acompanhar os preparativos do Carnaval de Salvador. O grupo foi institu\u00eddo nesta ter\u00e7a-feira (15). O prop\u00f3sito do MP-BA \u00e9 implementar medidas e a\u00e7\u00f5es preventivas que visem o planejamento da festa para a garantia da seguran\u00e7a dos cidad\u00e3os durante a folia. O grupo ser\u00e1 coordenado e co-coordenado pelas promotoras de Justi\u00e7a L\u00edvia Santana Vaz e M\u00e1rcia Teixeira, respectivamente.<\/p>\n<p style=\"text-align: justify;\">A atua\u00e7\u00e3o do MP ser\u00e1 \u201cinstitucional integrada e multidisciplinar\u201d e considera \u201ca relev\u00e2ncia e propor\u00e7\u00f5es da festa para o Estado\u201d, explica o ato. O grupo come\u00e7a a atuar na fase de planejamento da folia junto aos \u00f3rg\u00e3os p\u00fablicos e privados. Durante a festa, de 27 de fevereiro a 6 de mar\u00e7o, o trabalho consistir\u00e1 na realiza\u00e7\u00e3o de visitas institucionais e t\u00e9cnicas a postos de sa\u00fade, centros de acolhimento de crian\u00e7as, conselho tutelar, postos policiais integrados, centrais de coleta seletiva de res\u00edduos s\u00f3lidos, dentre outras a\u00e7\u00f5es.<\/p><div class=\"newsi-conteudo_19\" id=\"newsi-3842353187\"><a href=\"https:\/\/www.instagram.com\/prefeituraalagoinhas?igsh=YzgzdDJ1bWR3aWI4\" aria-label=\"SAVE_20251006_221555\"><img loading=\"lazy\" decoding=\"async\" src=\"https:\/\/newsinfoco.com.br\/inicio\/wp-content\/uploads\/2025\/10\/SAVE_20251006_221555-rotated.jpg\" alt=\"\"  srcset=\"https:\/\/newsinfoco.com.br\/inicio\/wp-content\/uploads\/2025\/10\/SAVE_20251006_221555-rotated.jpg 1140w, https:\/\/newsinfoco.com.br\/inicio\/wp-content\/uploads\/2025\/10\/SAVE_20251006_221555-300x52.jpg 300w, https:\/\/newsinfoco.com.br\/inicio\/wp-content\/uploads\/2025\/10\/SAVE_20251006_221555-1024x177.jpg 1024w, https:\/\/newsinfoco.com.br\/inicio\/wp-content\/uploads\/2025\/10\/SAVE_20251006_221555-768x133.jpg 768w, https:\/\/newsinfoco.com.br\/inicio\/wp-content\/uploads\/2025\/10\/SAVE_20251006_221555-600x104.jpg 600w, https:\/\/newsinfoco.com.br\/inicio\/wp-content\/uploads\/2025\/10\/SAVE_20251006_221555-696x120.jpg 696w, https:\/\/newsinfoco.com.br\/inicio\/wp-content\/uploads\/2025\/10\/SAVE_20251006_221555-1068x185.jpg 1068w\" sizes=\"(max-width: 1140px) 100vw, 1140px\" width=\"1140\" height=\"197\"   \/><\/a><\/div>\n<div class='share-to-whatsapp-wrapper'><div class='share-on-whsp'>Share on: <\/div><a data-text='MP-BA cria grupo para fiscalizar preparativos do Carnaval' data-link='https:\/\/newsinfoco.com.br\/inicio\/mp-ba-cria-grupo-para-fiscalizar-preparativos-do-carnaval\/' class='whatsapp-button whatsapp-share'>WhatsApp<\/a><div class='clear '><\/div><\/div>","protected":false},"excerpt":{"rendered":"<p>[sg_popup id=&#8221;11418&#8243; event=&#8221;inherit&#8221;][\/sg_popup]O Minist\u00e9rio P\u00fablico da Bahia (MP-BA) formou um grupo de trabalho para acompanhar os preparativos do Carnaval de Salvador. O grupo foi institu\u00eddo nesta ter\u00e7a-feira (15). O prop\u00f3sito do MP-BA \u00e9 implementar medidas e a\u00e7\u00f5es preventivas que visem o planejamento da festa para a garantia da seguran\u00e7a dos cidad\u00e3os durante a folia. O [&hellip;]<\/p>\n","protected":false},"author":1,"featured_media":12818,"comment_status":"open","ping_status":"open","sticky":false,"template":"","format":"standard","meta":{"om_disable_all_campaigns":false,"_exactmetrics_skip_tracking":false,"_exactmetrics_sitenote_active":false,"_exactmetrics_sitenote_note":"","_exactmetrics_sitenote_category":0,"footnotes":""},"categories":[19],"tags":[],"class_list":["post-12817","post","type-post","status-publish","format-standard","has-post-thumbnail","hentry","category-bahia"],"aioseo_notices":[],"_links":{"self":[{"href":"https:\/\/newsinfoco.com.br\/inicio\/wp-json\/wp\/v2\/posts\/12817","targetHints":{"allow":["GET"]}}],"collection":[{"href":"https:\/\/newsinfoco.com.br\/inicio\/wp-json\/wp\/v2\/posts"}],"about":[{"href":"https:\/\/newsinfoco.com.br\/inicio\/wp-json\/wp\/v2\/types\/post"}],"author":[{"embeddable":true,"href":"https:\/\/newsinfoco.com.br\/inicio\/wp-json\/wp\/v2\/users\/1"}],"replies":[{"embeddable":true,"href":"https:\/\/newsinfoco.com.br\/inicio\/wp-json\/wp\/v2\/comments?post=12817"}],"version-history":[{"count":0,"href":"https:\/\/newsinfoco.com.br\/inicio\/wp-json\/wp\/v2\/posts\/12817\/revisions"}],"wp:featuredmedia":[{"embeddable":true,"href":"https:\/\/newsinfoco.com.br\/inicio\/wp-json\/wp\/v2\/media\/12818"}],"wp:attachment":[{"href":"https:\/\/newsinfoco.com.br\/inicio\/wp-json\/wp\/v2\/media?parent=12817"}],"wp:term":[{"taxonomy":"category","embeddable":true,"href":"https:\/\/newsinfoco.com.br\/inicio\/wp-json\/wp\/v2\/categories?post=12817"},{"taxonomy":"post_tag","embeddable":true,"href":"https:\/\/newsinfoco.com.br\/inicio\/wp-json\/wp\/v2\/tags?post=12817"}],"curies":[{"name":"wp","href":"https:\/\/api.w.org\/{rel}","templated":true}]}}