{"id":12820,"date":"2019-01-16T18:30:52","date_gmt":"2019-01-16T20:30:52","guid":{"rendered":"http:\/\/newsinfoco.com.br\/?p=12820"},"modified":"2019-01-16T18:30:52","modified_gmt":"2019-01-16T20:30:52","slug":"prefeitura-garante-a-instalacao-do-atakarejo-em-alagoinhas-com-geracao-de-400-empregos-diretos-na-cidade","status":"publish","type":"post","link":"https:\/\/newsinfoco.com.br\/inicio\/prefeitura-garante-a-instalacao-do-atakarejo-em-alagoinhas-com-geracao-de-400-empregos-diretos-na-cidade\/","title":{"rendered":"Prefeitura garante a instala\u00e7\u00e3o do Atakarejo em Alagoinhas, com gera\u00e7\u00e3o de 400 empregos diretos na cidade"},"content":{"rendered":"<p style=\"text-align: justify;\">Alagoinhas vai ganhar um novo empreendimento que promete trazer est\u00edmulos positivos e avan\u00e7os no que se refere ao potencial econ\u00f4mico da cidade. \u00c9 que a Prefeitura garantiu, na \u00faltima semana, a instala\u00e7\u00e3o, no munic\u00edpio, de uma das maiores empresas de varejo e atacado do Brasil, que chega com um investimento inicial de aproximadamente R$ 40 milh\u00f5es. \u201cO Atakarejo escolheu Alagoinhas porque, assim como outros grandes atacadistas, tem interesse em cidades polo, que sejam refer\u00eancia na regi\u00e3o. \u00c9 mais um investimento importante que deve gerar emprego e renda para a nossa gente. Isso evidencia que, mesmo diante da instabilidade econ\u00f4mica do pa\u00eds, Alagoinhas sai na frente, com perspectivas de desenvolvimento e quem ganha, claro, \u00e9 o nosso cidad\u00e3o\u201d, enfatizou o prefeito Joaquim Neto. O gestor se reuniu, na \u00faltima quarta-feira (9), com o presidente do grupo Atakarejo, Teobaldo Costa, que garantiu o in\u00edcio imediato das obras.<\/p>\n<p style=\"text-align: justify;\">Segundo a Administra\u00e7\u00e3o Municipal, os tr\u00e2mites legais j\u00e1 est\u00e3o encaminhados e as interven\u00e7\u00f5es ser\u00e3o iniciadas ainda esta semana, na Avenida Paulo Afonso, onde estar\u00e1 localizado o Atakarejo. No total, cerca de 400 empregos diretos ser\u00e3o gerados com a instala\u00e7\u00e3o do empreendimento em Alagoinhas e a previs\u00e3o \u00e9 que de que a obra conclu\u00edda seja entregue ainda no segundo semestre deste ano. O grupo, que se consolidou como um dos principais supermercados da Bahia, ressaltou que, al\u00e9m de contribuir para o desenvolvimento econ\u00f4mico do munic\u00edpio, o Atakarejo oferece servi\u00e7os diversos, com itens variados, lojas modernas e equipadas que devem beneficiar tamb\u00e9m o consumidor final, que busca pre\u00e7o justo e qualidade. A Secretaria Municipal de Desenvolvimento e Meio Ambiente (SEDEA) informou que a chegada do empreendimento \u00e9 um est\u00edmulo e faz parte do compromisso da gest\u00e3o de trazer novas ind\u00fastrias que contribuam para aquecer o mercado local.<\/p><div class=\"newsi-conteudo_19\" id=\"newsi-2280240004\"><a href=\"https:\/\/www.instagram.com\/prefeituraalagoinhas?igsh=YzgzdDJ1bWR3aWI4\" aria-label=\"SAVE_20251006_221555\"><img loading=\"lazy\" decoding=\"async\" src=\"https:\/\/newsinfoco.com.br\/inicio\/wp-content\/uploads\/2025\/10\/SAVE_20251006_221555-rotated.jpg\" alt=\"\"  srcset=\"https:\/\/newsinfoco.com.br\/inicio\/wp-content\/uploads\/2025\/10\/SAVE_20251006_221555-rotated.jpg 1140w, https:\/\/newsinfoco.com.br\/inicio\/wp-content\/uploads\/2025\/10\/SAVE_20251006_221555-300x52.jpg 300w, https:\/\/newsinfoco.com.br\/inicio\/wp-content\/uploads\/2025\/10\/SAVE_20251006_221555-1024x177.jpg 1024w, https:\/\/newsinfoco.com.br\/inicio\/wp-content\/uploads\/2025\/10\/SAVE_20251006_221555-768x133.jpg 768w, https:\/\/newsinfoco.com.br\/inicio\/wp-content\/uploads\/2025\/10\/SAVE_20251006_221555-600x104.jpg 600w, https:\/\/newsinfoco.com.br\/inicio\/wp-content\/uploads\/2025\/10\/SAVE_20251006_221555-696x120.jpg 696w, https:\/\/newsinfoco.com.br\/inicio\/wp-content\/uploads\/2025\/10\/SAVE_20251006_221555-1068x185.jpg 1068w\" sizes=\"(max-width: 1140px) 100vw, 1140px\" width=\"1140\" height=\"197\"   \/><\/a><\/div>\n<p style=\"text-align: justify;\"><strong>Mais investimentos para Alagoinhas<\/strong><\/p>\n<p style=\"text-align: justify;\">N\u00e3o \u00e9 a primeira vez que a gest\u00e3o municipal busca empresas e investimentos que possam fortalecer economicamente o munic\u00edpio, gerando emprego e renda para o cidad\u00e3o alagoinhense.Em dezembro de 2018, ap\u00f3s acompanhar a amplia\u00e7\u00e3o do grupo Petr\u00f3polis e a inaugura\u00e7\u00e3o da 1\u00aa linha de produ\u00e7\u00e3o da cerveja Heineken no Nordeste, com a f\u00e1brica de Alagoinhas, o prefeito Joaquim Neto foi ao Rio Grande do Sul buscar novas parcerias, passou tamb\u00e9m por S\u00e3o Paulo e dialogou com representantes de empresas da Bahia. A inten\u00e7\u00e3o, segundo ele, \u00e9 de que as condi\u00e7\u00f5es da \u00e1gua, a localiza\u00e7\u00e3o geogr\u00e1fica e o potencial de crescimento do munic\u00edpio atraiam neg\u00f3cios diversificados para a cidade, incrementando n\u00e3o apenas o polo de bebidas, mas tamb\u00e9m outros segmentos. Ao que parece, a aposta tem rendido resultados positivos. Al\u00e9m do Atakarejo, o chefe do Executivo Municipal adiantou que a construtora L. Marquezzo tamb\u00e9m come\u00e7ar\u00e1 um empreendimento em Alagoinhas, com um condom\u00ednio residencial que dever\u00e1 gerar mais de 200 empregos diretos durante a fase de constru\u00e7\u00e3o.<\/p>\n<h6 style=\"text-align: right;\">Secom Alagoinhas<\/h6>\n<div class='share-to-whatsapp-wrapper'><div class='share-on-whsp'>Share on: <\/div><a data-text='Prefeitura garante a instala\u00e7\u00e3o do Atakarejo em Alagoinhas, com gera\u00e7\u00e3o de 400 empregos diretos na cidade' data-link='https:\/\/newsinfoco.com.br\/inicio\/prefeitura-garante-a-instalacao-do-atakarejo-em-alagoinhas-com-geracao-de-400-empregos-diretos-na-cidade\/' class='whatsapp-button whatsapp-share'>WhatsApp<\/a><div class='clear '><\/div><\/div>","protected":false},"excerpt":{"rendered":"<p>Alagoinhas vai ganhar um novo empreendimento que promete trazer est\u00edmulos positivos e avan\u00e7os no que se refere ao potencial econ\u00f4mico da cidade. \u00c9 que a Prefeitura garantiu, na \u00faltima semana, a instala\u00e7\u00e3o, no munic\u00edpio, de uma das maiores empresas de varejo e atacado do Brasil, que chega com um investimento inicial de aproximadamente R$ 40 [&hellip;]<\/p>\n","protected":false},"author":1,"featured_media":12821,"comment_status":"open","ping_status":"open","sticky":false,"template":"","format":"standard","meta":{"om_disable_all_campaigns":false,"_exactmetrics_skip_tracking":false,"_exactmetrics_sitenote_active":false,"_exactmetrics_sitenote_note":"","_exactmetrics_sitenote_category":0,"footnotes":""},"categories":[38,30],"tags":[],"class_list":["post-12820","post","type-post","status-publish","format-standard","has-post-thumbnail","hentry","category-alagoinhas-e-regiao","category-destaque"],"aioseo_notices":[],"_links":{"self":[{"href":"https:\/\/newsinfoco.com.br\/inicio\/wp-json\/wp\/v2\/posts\/12820","targetHints":{"allow":["GET"]}}],"collection":[{"href":"https:\/\/newsinfoco.com.br\/inicio\/wp-json\/wp\/v2\/posts"}],"about":[{"href":"https:\/\/newsinfoco.com.br\/inicio\/wp-json\/wp\/v2\/types\/post"}],"author":[{"embeddable":true,"href":"https:\/\/newsinfoco.com.br\/inicio\/wp-json\/wp\/v2\/users\/1"}],"replies":[{"embeddable":true,"href":"https:\/\/newsinfoco.com.br\/inicio\/wp-json\/wp\/v2\/comments?post=12820"}],"version-history":[{"count":0,"href":"https:\/\/newsinfoco.com.br\/inicio\/wp-json\/wp\/v2\/posts\/12820\/revisions"}],"wp:featuredmedia":[{"embeddable":true,"href":"https:\/\/newsinfoco.com.br\/inicio\/wp-json\/wp\/v2\/media\/12821"}],"wp:attachment":[{"href":"https:\/\/newsinfoco.com.br\/inicio\/wp-json\/wp\/v2\/media?parent=12820"}],"wp:term":[{"taxonomy":"category","embeddable":true,"href":"https:\/\/newsinfoco.com.br\/inicio\/wp-json\/wp\/v2\/categories?post=12820"},{"taxonomy":"post_tag","embeddable":true,"href":"https:\/\/newsinfoco.com.br\/inicio\/wp-json\/wp\/v2\/tags?post=12820"}],"curies":[{"name":"wp","href":"https:\/\/api.w.org\/{rel}","templated":true}]}}