{"id":12823,"date":"2019-01-16T18:45:39","date_gmt":"2019-01-16T20:45:39","guid":{"rendered":"http:\/\/newsinfoco.com.br\/?p=12823"},"modified":"2019-01-16T18:45:39","modified_gmt":"2019-01-16T20:45:39","slug":"atletico-de-alagoinhas-anuncia-contratacao-de-atacante","status":"publish","type":"post","link":"https:\/\/newsinfoco.com.br\/inicio\/atletico-de-alagoinhas-anuncia-contratacao-de-atacante\/","title":{"rendered":"Atl\u00e9tico de Alagoinhas anuncia contrata\u00e7\u00e3o de atacante"},"content":{"rendered":"<p style=\"text-align: justify;\">[sg_popup id=&#8221;11418&#8243; event=&#8221;inherit&#8221;][\/sg_popup]Conforme j\u00e1 t\u00ednhamos antecipado no site News Infoco, a diretoria do Carcar\u00e1 no final da tarde dessa ter\u00e7a-feira(15) anunciou a contrata\u00e7\u00e3o do atacante Gabriel Esteves. Gabriel \u00e9 natural da cidade de Poloni, interior Paulista, tem 23 anos, 1,75 de altura e \u00e9 destro. Ele foi revelado pelo Guarani de Campinas, e jogou ano passado no time do Figueirense de Santa Catarina.<\/p>\n<p style=\"text-align: justify;\">Hoje(16), o Atl\u00e9tico treinou em dois per\u00edodos no est\u00e1dio Ant\u00f4nio Carneiro na manh\u00e3 sendo que na parte da tarde houve um coletivo aberto ao p\u00fablico. Uma novidade \u00e9 que a FBF fez uma altera\u00e7\u00e3o em uma das partidas do Atl\u00e9tico no campeonato baiano, a partida contra o Jequi\u00e9 pela segunda rodada, o jogo sai das 20:30 e passa para as 21:30, o local do jogo permanece mantido, est\u00e1dio Ant\u00f4nio Carneiro em Alagoinhas.<\/p><div class=\"newsi-conteudo_19\" id=\"newsi-1634333385\"><a href=\"https:\/\/www.instagram.com\/prefeituraalagoinhas?igsh=YzgzdDJ1bWR3aWI4\" aria-label=\"SAVE_20251006_221555\"><img loading=\"lazy\" decoding=\"async\" src=\"https:\/\/newsinfoco.com.br\/inicio\/wp-content\/uploads\/2025\/10\/SAVE_20251006_221555-rotated.jpg\" alt=\"\"  srcset=\"https:\/\/newsinfoco.com.br\/inicio\/wp-content\/uploads\/2025\/10\/SAVE_20251006_221555-rotated.jpg 1140w, https:\/\/newsinfoco.com.br\/inicio\/wp-content\/uploads\/2025\/10\/SAVE_20251006_221555-300x52.jpg 300w, https:\/\/newsinfoco.com.br\/inicio\/wp-content\/uploads\/2025\/10\/SAVE_20251006_221555-1024x177.jpg 1024w, https:\/\/newsinfoco.com.br\/inicio\/wp-content\/uploads\/2025\/10\/SAVE_20251006_221555-768x133.jpg 768w, https:\/\/newsinfoco.com.br\/inicio\/wp-content\/uploads\/2025\/10\/SAVE_20251006_221555-600x104.jpg 600w, https:\/\/newsinfoco.com.br\/inicio\/wp-content\/uploads\/2025\/10\/SAVE_20251006_221555-696x120.jpg 696w, https:\/\/newsinfoco.com.br\/inicio\/wp-content\/uploads\/2025\/10\/SAVE_20251006_221555-1068x185.jpg 1068w\" sizes=\"(max-width: 1140px) 100vw, 1140px\" width=\"1140\" height=\"197\"   \/><\/a><\/div>\n<h6 style=\"text-align: right;\">Por Andr\u00e9 Luiz para o News Infoco<\/h6>\n<div class='share-to-whatsapp-wrapper'><div class='share-on-whsp'>Share on: <\/div><a data-text='Atl\u00e9tico de Alagoinhas anuncia contrata\u00e7\u00e3o de atacante' data-link='https:\/\/newsinfoco.com.br\/inicio\/atletico-de-alagoinhas-anuncia-contratacao-de-atacante\/' class='whatsapp-button whatsapp-share'>WhatsApp<\/a><div class='clear '><\/div><\/div>","protected":false},"excerpt":{"rendered":"<p>[sg_popup id=&#8221;11418&#8243; event=&#8221;inherit&#8221;][\/sg_popup]Conforme j\u00e1 t\u00ednhamos antecipado no site News Infoco, a diretoria do Carcar\u00e1 no final da tarde dessa ter\u00e7a-feira(15) anunciou a contrata\u00e7\u00e3o do atacante Gabriel Esteves. Gabriel \u00e9 natural da cidade de Poloni, interior Paulista, tem 23 anos, 1,75 de altura e \u00e9 destro. Ele foi revelado pelo Guarani de Campinas, e jogou ano [&hellip;]<\/p>\n","protected":false},"author":1,"featured_media":12824,"comment_status":"open","ping_status":"open","sticky":false,"template":"","format":"standard","meta":{"om_disable_all_campaigns":false,"_exactmetrics_skip_tracking":false,"_exactmetrics_sitenote_active":false,"_exactmetrics_sitenote_note":"","_exactmetrics_sitenote_category":0,"footnotes":""},"categories":[30,36],"tags":[],"class_list":["post-12823","post","type-post","status-publish","format-standard","has-post-thumbnail","hentry","category-destaque","category-esporte"],"aioseo_notices":[],"_links":{"self":[{"href":"https:\/\/newsinfoco.com.br\/inicio\/wp-json\/wp\/v2\/posts\/12823","targetHints":{"allow":["GET"]}}],"collection":[{"href":"https:\/\/newsinfoco.com.br\/inicio\/wp-json\/wp\/v2\/posts"}],"about":[{"href":"https:\/\/newsinfoco.com.br\/inicio\/wp-json\/wp\/v2\/types\/post"}],"author":[{"embeddable":true,"href":"https:\/\/newsinfoco.com.br\/inicio\/wp-json\/wp\/v2\/users\/1"}],"replies":[{"embeddable":true,"href":"https:\/\/newsinfoco.com.br\/inicio\/wp-json\/wp\/v2\/comments?post=12823"}],"version-history":[{"count":0,"href":"https:\/\/newsinfoco.com.br\/inicio\/wp-json\/wp\/v2\/posts\/12823\/revisions"}],"wp:featuredmedia":[{"embeddable":true,"href":"https:\/\/newsinfoco.com.br\/inicio\/wp-json\/wp\/v2\/media\/12824"}],"wp:attachment":[{"href":"https:\/\/newsinfoco.com.br\/inicio\/wp-json\/wp\/v2\/media?parent=12823"}],"wp:term":[{"taxonomy":"category","embeddable":true,"href":"https:\/\/newsinfoco.com.br\/inicio\/wp-json\/wp\/v2\/categories?post=12823"},{"taxonomy":"post_tag","embeddable":true,"href":"https:\/\/newsinfoco.com.br\/inicio\/wp-json\/wp\/v2\/tags?post=12823"}],"curies":[{"name":"wp","href":"https:\/\/api.w.org\/{rel}","templated":true}]}}