{"id":12826,"date":"2019-01-16T19:02:38","date_gmt":"2019-01-16T21:02:38","guid":{"rendered":"http:\/\/newsinfoco.com.br\/?p=12826"},"modified":"2019-01-16T19:02:38","modified_gmt":"2019-01-16T21:02:38","slug":"reinaldo-silva-anuncia-pre-candidatura-a-vereador-de-inhambupe","status":"publish","type":"post","link":"https:\/\/newsinfoco.com.br\/inicio\/reinaldo-silva-anuncia-pre-candidatura-a-vereador-de-inhambupe\/","title":{"rendered":"Reinaldo Silva anuncia pr\u00e9-candidatura a vereador de Inhambupe"},"content":{"rendered":"<p style=\"text-align: justify;\">[sg_popup id=&#8221;11418&#8243; event=&#8221;inherit&#8221;][\/sg_popup]O radialista e assessor de comunica\u00e7\u00e3o da prefeitura de Inhambupe, Reinaldo Silva, em contato com o site News Infoco, anunciou sua pr\u00e9-candidatura a vereador de Inhambupe nas pr\u00f3ximas elei\u00e7\u00f5es. Apesar do pr\u00f3ximo pleito eleitoral ocorrer apenas no segundo semestre de 2020, Reinaldo afirmou que est\u00e1 convicto e confiante no novo desafio.<\/p>\n<p style=\"text-align: justify;\">Ele elencou o fato de j\u00e1 ter 25 anos de conviv\u00eancia direta com a popula\u00e7\u00e3o inhambupense, denunciando os problemas da cidade e vendo de perto as necessidades reais dos mun\u00edcipes como motivadores de sua decis\u00e3o. Reinaldo tamb\u00e9m falou que contar\u00e1 com o apoio do prefeito Nena, o que segundo ele, fortalecer\u00e1 sua candidatura. O partido por qual pretende concorrer as pr\u00f3ximas elei\u00e7\u00f5es n\u00e3o foi revelado.<\/p><div class=\"newsi-conteudo_19\" id=\"newsi-1409163908\"><a href=\"https:\/\/www.instagram.com\/prefeituraalagoinhas?igsh=YzgzdDJ1bWR3aWI4\" aria-label=\"SAVE_20251006_221555\"><img loading=\"lazy\" decoding=\"async\" src=\"https:\/\/newsinfoco.com.br\/inicio\/wp-content\/uploads\/2025\/10\/SAVE_20251006_221555-rotated.jpg\" alt=\"\"  srcset=\"https:\/\/newsinfoco.com.br\/inicio\/wp-content\/uploads\/2025\/10\/SAVE_20251006_221555-rotated.jpg 1140w, https:\/\/newsinfoco.com.br\/inicio\/wp-content\/uploads\/2025\/10\/SAVE_20251006_221555-300x52.jpg 300w, https:\/\/newsinfoco.com.br\/inicio\/wp-content\/uploads\/2025\/10\/SAVE_20251006_221555-1024x177.jpg 1024w, https:\/\/newsinfoco.com.br\/inicio\/wp-content\/uploads\/2025\/10\/SAVE_20251006_221555-768x133.jpg 768w, https:\/\/newsinfoco.com.br\/inicio\/wp-content\/uploads\/2025\/10\/SAVE_20251006_221555-600x104.jpg 600w, https:\/\/newsinfoco.com.br\/inicio\/wp-content\/uploads\/2025\/10\/SAVE_20251006_221555-696x120.jpg 696w, https:\/\/newsinfoco.com.br\/inicio\/wp-content\/uploads\/2025\/10\/SAVE_20251006_221555-1068x185.jpg 1068w\" sizes=\"(max-width: 1140px) 100vw, 1140px\" width=\"1140\" height=\"197\"   \/><\/a><\/div>\n<h6 style=\"text-align: right;\">Por Caio Pimenta para o News Infoco<\/h6>\n<div class='share-to-whatsapp-wrapper'><div class='share-on-whsp'>Share on: <\/div><a data-text='Reinaldo Silva anuncia pr\u00e9-candidatura a vereador de Inhambupe' data-link='https:\/\/newsinfoco.com.br\/inicio\/reinaldo-silva-anuncia-pre-candidatura-a-vereador-de-inhambupe\/' class='whatsapp-button whatsapp-share'>WhatsApp<\/a><div class='clear '><\/div><\/div>","protected":false},"excerpt":{"rendered":"<p>[sg_popup id=&#8221;11418&#8243; event=&#8221;inherit&#8221;][\/sg_popup]O radialista e assessor de comunica\u00e7\u00e3o da prefeitura de Inhambupe, Reinaldo Silva, em contato com o site News Infoco, anunciou sua pr\u00e9-candidatura a vereador de Inhambupe nas pr\u00f3ximas elei\u00e7\u00f5es. Apesar do pr\u00f3ximo pleito eleitoral ocorrer apenas no segundo semestre de 2020, Reinaldo afirmou que est\u00e1 convicto e confiante no novo desafio. Ele elencou [&hellip;]<\/p>\n","protected":false},"author":1,"featured_media":12827,"comment_status":"open","ping_status":"open","sticky":false,"template":"","format":"standard","meta":{"om_disable_all_campaigns":false,"_exactmetrics_skip_tracking":false,"_exactmetrics_sitenote_active":false,"_exactmetrics_sitenote_note":"","_exactmetrics_sitenote_category":0,"footnotes":""},"categories":[38,30],"tags":[],"class_list":["post-12826","post","type-post","status-publish","format-standard","has-post-thumbnail","hentry","category-alagoinhas-e-regiao","category-destaque"],"aioseo_notices":[],"_links":{"self":[{"href":"https:\/\/newsinfoco.com.br\/inicio\/wp-json\/wp\/v2\/posts\/12826","targetHints":{"allow":["GET"]}}],"collection":[{"href":"https:\/\/newsinfoco.com.br\/inicio\/wp-json\/wp\/v2\/posts"}],"about":[{"href":"https:\/\/newsinfoco.com.br\/inicio\/wp-json\/wp\/v2\/types\/post"}],"author":[{"embeddable":true,"href":"https:\/\/newsinfoco.com.br\/inicio\/wp-json\/wp\/v2\/users\/1"}],"replies":[{"embeddable":true,"href":"https:\/\/newsinfoco.com.br\/inicio\/wp-json\/wp\/v2\/comments?post=12826"}],"version-history":[{"count":0,"href":"https:\/\/newsinfoco.com.br\/inicio\/wp-json\/wp\/v2\/posts\/12826\/revisions"}],"wp:featuredmedia":[{"embeddable":true,"href":"https:\/\/newsinfoco.com.br\/inicio\/wp-json\/wp\/v2\/media\/12827"}],"wp:attachment":[{"href":"https:\/\/newsinfoco.com.br\/inicio\/wp-json\/wp\/v2\/media?parent=12826"}],"wp:term":[{"taxonomy":"category","embeddable":true,"href":"https:\/\/newsinfoco.com.br\/inicio\/wp-json\/wp\/v2\/categories?post=12826"},{"taxonomy":"post_tag","embeddable":true,"href":"https:\/\/newsinfoco.com.br\/inicio\/wp-json\/wp\/v2\/tags?post=12826"}],"curies":[{"name":"wp","href":"https:\/\/api.w.org\/{rel}","templated":true}]}}