{"id":13103,"date":"2019-02-01T14:09:43","date_gmt":"2019-02-01T16:09:43","guid":{"rendered":"http:\/\/newsinfoco.com.br\/?p=13103"},"modified":"2019-02-01T14:09:43","modified_gmt":"2019-02-01T16:09:43","slug":"ex-presidente-da-secccional-baiana-da-oab-luiz-viana-e-o-novo-vice-presidente-nacional-da-oab","status":"publish","type":"post","link":"https:\/\/newsinfoco.com.br\/inicio\/ex-presidente-da-secccional-baiana-da-oab-luiz-viana-e-o-novo-vice-presidente-nacional-da-oab\/","title":{"rendered":"Ex-presidente da secccional baiana da OAB, Luiz Viana, \u00e9 o novo vice-presidente nacional da OAB"},"content":{"rendered":"<p style=\"text-align: justify;\">[sg_popup id=&#8221;11418&#8243; event=&#8221;inherit&#8221;][\/sg_popup]O ex-presidente da secccional baiana da Ordem dos Advogados do Brasil, Luiz Viana Queiroz, foi eleito vice-presidente do Conselho Federal da OAB para o tri\u00eanio 2019\/2021 na noite desta quinta-feira (31\/01), em Bras\u00edlia. O novo presidente nacional da OAB \u00e9 o ex-presidente da seccional do Rio de Janeiro, Felipe Santa Cruz. A chapa &#8220;OAB Forte e Unida&#8221;, \u00fanica a registrar candidatura, conta ainda com Jos\u00e9 Alberto Ribeiro Simonetti Cabral como secret\u00e1rio-geral, Ary Raghiant Neto como secret\u00e1rio-adjunto e Jos\u00e9 Augusto Ara\u00fajo de Noronha, ex-presidente da OAB do Paran\u00e1, como tesoureiro. A posse da diretoria eleita e dos novos conselheiros federais acontece nesta sexta-feira (01\/02), \u00e0s 11h. O presidente da OAB da Bahia, Fabr\u00edcio Castro, est\u00e1 na capital federal para acompanhar a elei\u00e7\u00e3o e a posse de Luiz Viana.<\/p>\n<p style=\"text-align: justify;\">Ex-presidente da OAB da Bahia por dois mandatos, 2013\/2015 e 2016\/2018, eleito conselheiro federal da OAB no \u00faltimo dia 21 de novembro, na chapa do seu sucessor no estado, Luiz Viana tem 56 anos \u00e9 o primeiro advogado baiano a ocupar a vice-presid\u00eancia da OAB Nacional. Antes dele, o advogado trabalhista Gilberto Gomes, falecido em 2006, exerceu o cargo de secret\u00e1rio-geral da OAB durante a gest\u00e3o de Rubens Approbato Machado (2001\/2004).<\/p>\n<p style=\"text-align: justify;\">&#8220;Chego \u00e0 vice-presid\u00eancia do Conselho Federal da OAB para servir \u00e0 advocacia, honrado de estar ao lado de grandes nomes nacionais, Beto Simoneti, Ary Raghiant e Jos\u00e9 Augusto Noronha, sob a lideran\u00e7a do battonier Felipe Santa Cruz. Ser\u00e1 um grande desafio para os pr\u00f3ximos 3 anos&#8221;, declarou Luiz Viana. &#8220;Espero ser digno da confian\u00e7a em mim depositada pelos conselheiros e conselheiras federais. Agrade\u00e7o o apoio do ex-presidente Cl\u00e1udio Lamachia e do presidente Fabr\u00edcio Castro, e, em especial, do presidente Felipe Santa Cruz&#8221;, completou.<\/p>\n<p style=\"text-align: justify;\">Em Bras\u00edlia, o presidente da OAB da Bahia, Fabr\u00edcio Castro, definiu a elei\u00e7\u00e3o como &#8220;momento especial da advocacia baiana&#8221;. &#8220;Contar com Luiz Viana na vice-presid\u00eancia do Conselho Federal da OAB \u00e9 o reconhecimento de sua lideran\u00e7a, de sua capacidade. A OAB da Bahia estar\u00e1 mais forte para fazer as lutas que precisa fazer, para a defesa da advocacia. Por conhecermos de perto Luiz, temos certeza que ele far\u00e1 um trabalho diferenciado, de forma a tornar a OAB uma entidade ainda mais forte e representativa&#8221;.<\/p>\n<p style=\"text-align: justify;\">Com mais de 30 anos de advocacia, Luiz Viana Queiroz \u00e9 procurador do Estado da Bahia, formado em Direito pela Universidade Federal da Bahia (UFBA), exerce a advocacia privada na Bahia e, doravante, tamb\u00e9m em Bras\u00edlia. Mestre em Direito P\u00fablico pela UFPE, p\u00f3s-graduado em Direito Eleitoral pela UFBA, p\u00f3s-graduado em Did\u00e1tica e Metodologia do Ensino Superior pela UFMG, Viana \u00e9 professor de Direito da Universidade Cat\u00f3lica do Salvador (licenciado).<\/p>\n<p style=\"text-align: justify;\">Na Ordem dos Advogados do Brasil ocupou cargos no Conselho Seccional da Bahia, no Conselho Federal e, por duas oportunidades, presidiu a OAB-BA. Luiz Viana foi presidente do Fundo de Integra\u00e7\u00e3o e Desenvolvimento Assistencial dos Advogados (Fida), gest\u00e3o 2016-2018. \u00c9 membro do Instituto dos Advogados Brasileiros (IAB) e vice-presidente da Associa\u00e7\u00e3o Brasileira de Constitucionalistas Democratas &#8211; ABCD. Luiz Viana costuma dizer que \u00e9 baiano nascido no Rio e filho de uma fam\u00edlia que lhe deu um p\u00e9 no sert\u00e3o e um p\u00e9 na beira do mar, o que o faz conhecer bem a alma brasileira.<\/p>\n<h6 style=\"text-align: right;\">Ascom OAB-Ba<\/h6>\n<div class='share-to-whatsapp-wrapper'><div class='share-on-whsp'>Share on: <\/div><a data-text='Ex-presidente da secccional baiana da OAB, Luiz Viana, \u00e9 o novo vice-presidente nacional da OAB' data-link='https:\/\/newsinfoco.com.br\/inicio\/ex-presidente-da-secccional-baiana-da-oab-luiz-viana-e-o-novo-vice-presidente-nacional-da-oab\/' class='whatsapp-button whatsapp-share'>WhatsApp<\/a><div class='clear '><\/div><\/div>","protected":false},"excerpt":{"rendered":"<p>[sg_popup id=&#8221;11418&#8243; event=&#8221;inherit&#8221;][\/sg_popup]O ex-presidente da secccional baiana da Ordem dos Advogados do Brasil, Luiz Viana Queiroz, foi eleito vice-presidente do Conselho Federal da OAB para o tri\u00eanio 2019\/2021 na noite desta quinta-feira (31\/01), em Bras\u00edlia. O novo presidente nacional da OAB \u00e9 o ex-presidente da seccional do Rio de Janeiro, Felipe Santa Cruz. A chapa [&hellip;]<\/p>\n","protected":false},"author":1,"featured_media":13104,"comment_status":"open","ping_status":"open","sticky":false,"template":"","format":"standard","meta":{"om_disable_all_campaigns":false,"rop_custom_images_group":[],"rop_custom_messages_group":[],"rop_publish_now":"initial","rop_publish_now_accounts":[],"rop_publish_now_history":[],"rop_publish_now_status":"pending","_exactmetrics_skip_tracking":false,"footnotes":""},"categories":[19],"tags":[],"class_list":["post-13103","post","type-post","status-publish","format-standard","has-post-thumbnail","hentry","category-bahia"],"aioseo_notices":[],"aioseo_head":"\n\t\t<!-- All in One SEO 4.9.10 - aioseo.com -->\n\t<meta name=\"description\" content=\"[sg_popup id=&quot;11418&quot; event=&quot;inherit&quot;][\/sg_popup]O ex-presidente da secccional baiana da Ordem dos Advogados do Brasil, Luiz Viana Queiroz, foi eleito vice-presidente do Conselho Federal da OAB para o tri\u00eanio 2019\/2021 na noite desta quinta-feira (31\/01), em Bras\u00edlia. O novo presidente nacional da OAB \u00e9 o ex-presidente da seccional do Rio de Janeiro, Felipe Santa Cruz. A chapa\" \/>\n\t<meta name=\"robots\" content=\"max-image-preview:large\" \/>\n\t<meta name=\"author\" content=\"administrador\"\/>\n\t<link rel=\"canonical\" href=\"https:\/\/newsinfoco.com.br\/inicio\/ex-presidente-da-secccional-baiana-da-oab-luiz-viana-e-o-novo-vice-presidente-nacional-da-oab\/\" \/>\n\t<meta name=\"generator\" content=\"All in One SEO (AIOSEO) 4.9.10\" \/>\n\t\t<meta property=\"og:locale\" content=\"pt_BR\" \/>\n\t\t<meta property=\"og:site_name\" content=\"News In Foco - Editado por Caio Pimenta - O principal site de noticias de Alagoinhas e regi\u00e3o\" \/>\n\t\t<meta property=\"og:type\" content=\"article\" \/>\n\t\t<meta property=\"og:title\" content=\"Ex-presidente da secccional baiana da OAB, Luiz Viana, \u00e9 o novo vice-presidente nacional da OAB - News In Foco - Editado por Caio Pimenta\" \/>\n\t\t<meta property=\"og:description\" content=\"[sg_popup id=&quot;11418&quot; event=&quot;inherit&quot;][\/sg_popup]O ex-presidente da secccional baiana da Ordem dos Advogados do Brasil, Luiz Viana Queiroz, foi eleito vice-presidente do Conselho Federal da OAB para o tri\u00eanio 2019\/2021 na noite desta quinta-feira (31\/01), em Bras\u00edlia. O novo presidente nacional da OAB \u00e9 o ex-presidente da seccional do Rio de Janeiro, Felipe Santa Cruz. A chapa\" \/>\n\t\t<meta property=\"og:url\" content=\"https:\/\/newsinfoco.com.br\/inicio\/ex-presidente-da-secccional-baiana-da-oab-luiz-viana-e-o-novo-vice-presidente-nacional-da-oab\/\" \/>\n\t\t<meta property=\"article:published_time\" content=\"2019-02-01T16:09:43+00:00\" \/>\n\t\t<meta property=\"article:modified_time\" content=\"2019-02-01T16:09:43+00:00\" \/>\n\t\t<meta name=\"twitter:card\" content=\"summary_large_image\" \/>\n\t\t<meta name=\"twitter:title\" content=\"Ex-presidente da secccional baiana da OAB, Luiz Viana, \u00e9 o novo vice-presidente nacional da OAB - News In Foco - Editado por Caio Pimenta\" \/>\n\t\t<meta name=\"twitter:description\" content=\"[sg_popup id=&quot;11418&quot; event=&quot;inherit&quot;][\/sg_popup]O ex-presidente da secccional baiana da Ordem dos Advogados do Brasil, Luiz Viana Queiroz, foi eleito vice-presidente do Conselho Federal da OAB para o tri\u00eanio 2019\/2021 na noite desta quinta-feira (31\/01), em Bras\u00edlia. O novo presidente nacional da OAB \u00e9 o ex-presidente da seccional do Rio de Janeiro, Felipe Santa Cruz. A chapa\" \/>\n\t\t<script type=\"application\/ld+json\" class=\"aioseo-schema\">\n\t\t\t{\"@context\":\"https:\\\/\\\/schema.org\",\"@graph\":[{\"@type\":\"BlogPosting\",\"@id\":\"https:\\\/\\\/newsinfoco.com.br\\\/inicio\\\/ex-presidente-da-secccional-baiana-da-oab-luiz-viana-e-o-novo-vice-presidente-nacional-da-oab\\\/#blogposting\",\"name\":\"Ex-presidente da secccional baiana da OAB, Luiz Viana, \\u00e9 o novo vice-presidente nacional da OAB - News In Foco - Editado por Caio Pimenta\",\"headline\":\"Ex-presidente da secccional baiana da OAB, Luiz Viana, \\u00e9 o novo vice-presidente nacional da OAB\",\"author\":{\"@id\":\"https:\\\/\\\/newsinfoco.com.br\\\/inicio\\\/author\\\/administrador\\\/#author\"},\"publisher\":{\"@id\":\"https:\\\/\\\/newsinfoco.com.br\\\/inicio\\\/#organization\"},\"image\":{\"@type\":\"ImageObject\",\"url\":\"https:\\\/\\\/newsinfoco.com.br\\\/inicio\\\/wp-content\\\/uploads\\\/2019\\\/02\\\/Luiz-Viana_Foto-Angelino-de-Jesus.jpg\",\"width\":640,\"height\":480},\"datePublished\":\"2019-02-01T14:09:43-02:00\",\"dateModified\":\"2019-02-01T14:09:43-02:00\",\"inLanguage\":\"pt-BR\",\"mainEntityOfPage\":{\"@id\":\"https:\\\/\\\/newsinfoco.com.br\\\/inicio\\\/ex-presidente-da-secccional-baiana-da-oab-luiz-viana-e-o-novo-vice-presidente-nacional-da-oab\\\/#webpage\"},\"isPartOf\":{\"@id\":\"https:\\\/\\\/newsinfoco.com.br\\\/inicio\\\/ex-presidente-da-secccional-baiana-da-oab-luiz-viana-e-o-novo-vice-presidente-nacional-da-oab\\\/#webpage\"},\"articleSection\":\"Bahia\"},{\"@type\":\"BreadcrumbList\",\"@id\":\"https:\\\/\\\/newsinfoco.com.br\\\/inicio\\\/ex-presidente-da-secccional-baiana-da-oab-luiz-viana-e-o-novo-vice-presidente-nacional-da-oab\\\/#breadcrumblist\",\"itemListElement\":[{\"@type\":\"ListItem\",\"@id\":\"https:\\\/\\\/newsinfoco.com.br\\\/inicio#listItem\",\"position\":1,\"name\":\"In\\u00edcio\",\"item\":\"https:\\\/\\\/newsinfoco.com.br\\\/inicio\",\"nextItem\":{\"@type\":\"ListItem\",\"@id\":\"https:\\\/\\\/newsinfoco.com.br\\\/inicio\\\/category\\\/bahia\\\/#listItem\",\"name\":\"Bahia\"}},{\"@type\":\"ListItem\",\"@id\":\"https:\\\/\\\/newsinfoco.com.br\\\/inicio\\\/category\\\/bahia\\\/#listItem\",\"position\":2,\"name\":\"Bahia\",\"item\":\"https:\\\/\\\/newsinfoco.com.br\\\/inicio\\\/category\\\/bahia\\\/\",\"nextItem\":{\"@type\":\"ListItem\",\"@id\":\"https:\\\/\\\/newsinfoco.com.br\\\/inicio\\\/ex-presidente-da-secccional-baiana-da-oab-luiz-viana-e-o-novo-vice-presidente-nacional-da-oab\\\/#listItem\",\"name\":\"Ex-presidente da secccional baiana da OAB, Luiz Viana, \\u00e9 o novo vice-presidente nacional da OAB\"},\"previousItem\":{\"@type\":\"ListItem\",\"@id\":\"https:\\\/\\\/newsinfoco.com.br\\\/inicio#listItem\",\"name\":\"In\\u00edcio\"}},{\"@type\":\"ListItem\",\"@id\":\"https:\\\/\\\/newsinfoco.com.br\\\/inicio\\\/ex-presidente-da-secccional-baiana-da-oab-luiz-viana-e-o-novo-vice-presidente-nacional-da-oab\\\/#listItem\",\"position\":3,\"name\":\"Ex-presidente da secccional baiana da OAB, Luiz Viana, \\u00e9 o novo vice-presidente nacional da OAB\",\"previousItem\":{\"@type\":\"ListItem\",\"@id\":\"https:\\\/\\\/newsinfoco.com.br\\\/inicio\\\/category\\\/bahia\\\/#listItem\",\"name\":\"Bahia\"}}]},{\"@type\":\"Organization\",\"@id\":\"https:\\\/\\\/newsinfoco.com.br\\\/inicio\\\/#organization\",\"name\":\"News In Foco - Editado por Caio Pimenta\",\"description\":\"O principal site de noticias de Alagoinhas e regi\\u00e3o\",\"url\":\"https:\\\/\\\/newsinfoco.com.br\\\/inicio\\\/\"},{\"@type\":\"Person\",\"@id\":\"https:\\\/\\\/newsinfoco.com.br\\\/inicio\\\/author\\\/administrador\\\/#author\",\"url\":\"https:\\\/\\\/newsinfoco.com.br\\\/inicio\\\/author\\\/administrador\\\/\",\"name\":\"administrador\",\"image\":{\"@type\":\"ImageObject\",\"@id\":\"https:\\\/\\\/newsinfoco.com.br\\\/inicio\\\/ex-presidente-da-secccional-baiana-da-oab-luiz-viana-e-o-novo-vice-presidente-nacional-da-oab\\\/#authorImage\",\"url\":\"https:\\\/\\\/secure.gravatar.com\\\/avatar\\\/c17a617433de8c1dc9584bb79aab7563b46f5bb7e1728c9b17d9cc3ce6a08e49?s=96&d=mm&r=g\",\"width\":96,\"height\":96,\"caption\":\"administrador\"}},{\"@type\":\"WebPage\",\"@id\":\"https:\\\/\\\/newsinfoco.com.br\\\/inicio\\\/ex-presidente-da-secccional-baiana-da-oab-luiz-viana-e-o-novo-vice-presidente-nacional-da-oab\\\/#webpage\",\"url\":\"https:\\\/\\\/newsinfoco.com.br\\\/inicio\\\/ex-presidente-da-secccional-baiana-da-oab-luiz-viana-e-o-novo-vice-presidente-nacional-da-oab\\\/\",\"name\":\"Ex-presidente da secccional baiana da OAB, Luiz Viana, \\u00e9 o novo vice-presidente nacional da OAB - News In Foco - Editado por Caio Pimenta\",\"description\":\"[sg_popup id=\\\"11418\\\" event=\\\"inherit\\\"][\\\/sg_popup]O ex-presidente da secccional baiana da Ordem dos Advogados do Brasil, Luiz Viana Queiroz, foi eleito vice-presidente do Conselho Federal da OAB para o tri\\u00eanio 2019\\\/2021 na noite desta quinta-feira (31\\\/01), em Bras\\u00edlia. O novo presidente nacional da OAB \\u00e9 o ex-presidente da seccional do Rio de Janeiro, Felipe Santa Cruz. A chapa\",\"inLanguage\":\"pt-BR\",\"isPartOf\":{\"@id\":\"https:\\\/\\\/newsinfoco.com.br\\\/inicio\\\/#website\"},\"breadcrumb\":{\"@id\":\"https:\\\/\\\/newsinfoco.com.br\\\/inicio\\\/ex-presidente-da-secccional-baiana-da-oab-luiz-viana-e-o-novo-vice-presidente-nacional-da-oab\\\/#breadcrumblist\"},\"author\":{\"@id\":\"https:\\\/\\\/newsinfoco.com.br\\\/inicio\\\/author\\\/administrador\\\/#author\"},\"creator\":{\"@id\":\"https:\\\/\\\/newsinfoco.com.br\\\/inicio\\\/author\\\/administrador\\\/#author\"},\"image\":{\"@type\":\"ImageObject\",\"url\":\"https:\\\/\\\/newsinfoco.com.br\\\/inicio\\\/wp-content\\\/uploads\\\/2019\\\/02\\\/Luiz-Viana_Foto-Angelino-de-Jesus.jpg\",\"@id\":\"https:\\\/\\\/newsinfoco.com.br\\\/inicio\\\/ex-presidente-da-secccional-baiana-da-oab-luiz-viana-e-o-novo-vice-presidente-nacional-da-oab\\\/#mainImage\",\"width\":640,\"height\":480},\"primaryImageOfPage\":{\"@id\":\"https:\\\/\\\/newsinfoco.com.br\\\/inicio\\\/ex-presidente-da-secccional-baiana-da-oab-luiz-viana-e-o-novo-vice-presidente-nacional-da-oab\\\/#mainImage\"},\"datePublished\":\"2019-02-01T14:09:43-02:00\",\"dateModified\":\"2019-02-01T14:09:43-02:00\"},{\"@type\":\"WebSite\",\"@id\":\"https:\\\/\\\/newsinfoco.com.br\\\/inicio\\\/#website\",\"url\":\"https:\\\/\\\/newsinfoco.com.br\\\/inicio\\\/\",\"name\":\"News In Foco - Editado por Caio Pimenta\",\"description\":\"O principal site de noticias de Alagoinhas e regi\\u00e3o\",\"inLanguage\":\"pt-BR\",\"publisher\":{\"@id\":\"https:\\\/\\\/newsinfoco.com.br\\\/inicio\\\/#organization\"}}]}\n\t\t<\/script>\n\t\t<!-- All in One SEO -->\n\n","aioseo_head_json":{"title":"Ex-presidente da secccional baiana da OAB, Luiz Viana, \u00e9 o novo vice-presidente nacional da OAB - News In Foco - Editado por Caio Pimenta","description":"[sg_popup id=\"11418\" event=\"inherit\"][\/sg_popup]O ex-presidente da secccional baiana da Ordem dos Advogados do Brasil, Luiz Viana Queiroz, foi eleito vice-presidente do Conselho Federal da OAB para o tri\u00eanio 2019\/2021 na noite desta quinta-feira (31\/01), em Bras\u00edlia. O novo presidente nacional da OAB \u00e9 o ex-presidente da seccional do Rio de Janeiro, Felipe Santa Cruz. A chapa","canonical_url":"https:\/\/newsinfoco.com.br\/inicio\/ex-presidente-da-secccional-baiana-da-oab-luiz-viana-e-o-novo-vice-presidente-nacional-da-oab\/","robots":"max-image-preview:large","keywords":"","webmasterTools":{"miscellaneous":""},"schema":{"@context":"https:\/\/schema.org","@graph":[{"@type":"BlogPosting","@id":"https:\/\/newsinfoco.com.br\/inicio\/ex-presidente-da-secccional-baiana-da-oab-luiz-viana-e-o-novo-vice-presidente-nacional-da-oab\/#blogposting","name":"Ex-presidente da secccional baiana da OAB, Luiz Viana, \u00e9 o novo vice-presidente nacional da OAB - News In Foco - Editado por Caio Pimenta","headline":"Ex-presidente da secccional baiana da OAB, Luiz Viana, \u00e9 o novo vice-presidente nacional da OAB","author":{"@id":"https:\/\/newsinfoco.com.br\/inicio\/author\/administrador\/#author"},"publisher":{"@id":"https:\/\/newsinfoco.com.br\/inicio\/#organization"},"image":{"@type":"ImageObject","url":"https:\/\/newsinfoco.com.br\/inicio\/wp-content\/uploads\/2019\/02\/Luiz-Viana_Foto-Angelino-de-Jesus.jpg","width":640,"height":480},"datePublished":"2019-02-01T14:09:43-02:00","dateModified":"2019-02-01T14:09:43-02:00","inLanguage":"pt-BR","mainEntityOfPage":{"@id":"https:\/\/newsinfoco.com.br\/inicio\/ex-presidente-da-secccional-baiana-da-oab-luiz-viana-e-o-novo-vice-presidente-nacional-da-oab\/#webpage"},"isPartOf":{"@id":"https:\/\/newsinfoco.com.br\/inicio\/ex-presidente-da-secccional-baiana-da-oab-luiz-viana-e-o-novo-vice-presidente-nacional-da-oab\/#webpage"},"articleSection":"Bahia"},{"@type":"BreadcrumbList","@id":"https:\/\/newsinfoco.com.br\/inicio\/ex-presidente-da-secccional-baiana-da-oab-luiz-viana-e-o-novo-vice-presidente-nacional-da-oab\/#breadcrumblist","itemListElement":[{"@type":"ListItem","@id":"https:\/\/newsinfoco.com.br\/inicio#listItem","position":1,"name":"In\u00edcio","item":"https:\/\/newsinfoco.com.br\/inicio","nextItem":{"@type":"ListItem","@id":"https:\/\/newsinfoco.com.br\/inicio\/category\/bahia\/#listItem","name":"Bahia"}},{"@type":"ListItem","@id":"https:\/\/newsinfoco.com.br\/inicio\/category\/bahia\/#listItem","position":2,"name":"Bahia","item":"https:\/\/newsinfoco.com.br\/inicio\/category\/bahia\/","nextItem":{"@type":"ListItem","@id":"https:\/\/newsinfoco.com.br\/inicio\/ex-presidente-da-secccional-baiana-da-oab-luiz-viana-e-o-novo-vice-presidente-nacional-da-oab\/#listItem","name":"Ex-presidente da secccional baiana da OAB, Luiz Viana, \u00e9 o novo vice-presidente nacional da OAB"},"previousItem":{"@type":"ListItem","@id":"https:\/\/newsinfoco.com.br\/inicio#listItem","name":"In\u00edcio"}},{"@type":"ListItem","@id":"https:\/\/newsinfoco.com.br\/inicio\/ex-presidente-da-secccional-baiana-da-oab-luiz-viana-e-o-novo-vice-presidente-nacional-da-oab\/#listItem","position":3,"name":"Ex-presidente da secccional baiana da OAB, Luiz Viana, \u00e9 o novo vice-presidente nacional da OAB","previousItem":{"@type":"ListItem","@id":"https:\/\/newsinfoco.com.br\/inicio\/category\/bahia\/#listItem","name":"Bahia"}}]},{"@type":"Organization","@id":"https:\/\/newsinfoco.com.br\/inicio\/#organization","name":"News In Foco - Editado por Caio Pimenta","description":"O principal site de noticias de Alagoinhas e regi\u00e3o","url":"https:\/\/newsinfoco.com.br\/inicio\/"},{"@type":"Person","@id":"https:\/\/newsinfoco.com.br\/inicio\/author\/administrador\/#author","url":"https:\/\/newsinfoco.com.br\/inicio\/author\/administrador\/","name":"administrador","image":{"@type":"ImageObject","@id":"https:\/\/newsinfoco.com.br\/inicio\/ex-presidente-da-secccional-baiana-da-oab-luiz-viana-e-o-novo-vice-presidente-nacional-da-oab\/#authorImage","url":"https:\/\/secure.gravatar.com\/avatar\/c17a617433de8c1dc9584bb79aab7563b46f5bb7e1728c9b17d9cc3ce6a08e49?s=96&d=mm&r=g","width":96,"height":96,"caption":"administrador"}},{"@type":"WebPage","@id":"https:\/\/newsinfoco.com.br\/inicio\/ex-presidente-da-secccional-baiana-da-oab-luiz-viana-e-o-novo-vice-presidente-nacional-da-oab\/#webpage","url":"https:\/\/newsinfoco.com.br\/inicio\/ex-presidente-da-secccional-baiana-da-oab-luiz-viana-e-o-novo-vice-presidente-nacional-da-oab\/","name":"Ex-presidente da secccional baiana da OAB, Luiz Viana, \u00e9 o novo vice-presidente nacional da OAB - News In Foco - Editado por Caio Pimenta","description":"[sg_popup id=\"11418\" event=\"inherit\"][\/sg_popup]O ex-presidente da secccional baiana da Ordem dos Advogados do Brasil, Luiz Viana Queiroz, foi eleito vice-presidente do Conselho Federal da OAB para o tri\u00eanio 2019\/2021 na noite desta quinta-feira (31\/01), em Bras\u00edlia. O novo presidente nacional da OAB \u00e9 o ex-presidente da seccional do Rio de Janeiro, Felipe Santa Cruz. A chapa","inLanguage":"pt-BR","isPartOf":{"@id":"https:\/\/newsinfoco.com.br\/inicio\/#website"},"breadcrumb":{"@id":"https:\/\/newsinfoco.com.br\/inicio\/ex-presidente-da-secccional-baiana-da-oab-luiz-viana-e-o-novo-vice-presidente-nacional-da-oab\/#breadcrumblist"},"author":{"@id":"https:\/\/newsinfoco.com.br\/inicio\/author\/administrador\/#author"},"creator":{"@id":"https:\/\/newsinfoco.com.br\/inicio\/author\/administrador\/#author"},"image":{"@type":"ImageObject","url":"https:\/\/newsinfoco.com.br\/inicio\/wp-content\/uploads\/2019\/02\/Luiz-Viana_Foto-Angelino-de-Jesus.jpg","@id":"https:\/\/newsinfoco.com.br\/inicio\/ex-presidente-da-secccional-baiana-da-oab-luiz-viana-e-o-novo-vice-presidente-nacional-da-oab\/#mainImage","width":640,"height":480},"primaryImageOfPage":{"@id":"https:\/\/newsinfoco.com.br\/inicio\/ex-presidente-da-secccional-baiana-da-oab-luiz-viana-e-o-novo-vice-presidente-nacional-da-oab\/#mainImage"},"datePublished":"2019-02-01T14:09:43-02:00","dateModified":"2019-02-01T14:09:43-02:00"},{"@type":"WebSite","@id":"https:\/\/newsinfoco.com.br\/inicio\/#website","url":"https:\/\/newsinfoco.com.br\/inicio\/","name":"News In Foco - Editado por Caio Pimenta","description":"O principal site de noticias de Alagoinhas e regi\u00e3o","inLanguage":"pt-BR","publisher":{"@id":"https:\/\/newsinfoco.com.br\/inicio\/#organization"}}]},"og:locale":"pt_BR","og:site_name":"News In Foco - Editado por Caio Pimenta - O principal site de noticias de Alagoinhas e regi\u00e3o","og:type":"article","og:title":"Ex-presidente da secccional baiana da OAB, Luiz Viana, \u00e9 o novo vice-presidente nacional da OAB - News In Foco - Editado por Caio Pimenta","og:description":"[sg_popup id=&quot;11418&quot; event=&quot;inherit&quot;][\/sg_popup]O ex-presidente da secccional baiana da Ordem dos Advogados do Brasil, Luiz Viana Queiroz, foi eleito vice-presidente do Conselho Federal da OAB para o tri\u00eanio 2019\/2021 na noite desta quinta-feira (31\/01), em Bras\u00edlia. O novo presidente nacional da OAB \u00e9 o ex-presidente da seccional do Rio de Janeiro, Felipe Santa Cruz. A chapa","og:url":"https:\/\/newsinfoco.com.br\/inicio\/ex-presidente-da-secccional-baiana-da-oab-luiz-viana-e-o-novo-vice-presidente-nacional-da-oab\/","article:published_time":"2019-02-01T16:09:43+00:00","article:modified_time":"2019-02-01T16:09:43+00:00","twitter:card":"summary_large_image","twitter:title":"Ex-presidente da secccional baiana da OAB, Luiz Viana, \u00e9 o novo vice-presidente nacional da OAB - News In Foco - Editado por Caio Pimenta","twitter:description":"[sg_popup id=&quot;11418&quot; event=&quot;inherit&quot;][\/sg_popup]O ex-presidente da secccional baiana da Ordem dos Advogados do Brasil, Luiz Viana Queiroz, foi eleito vice-presidente do Conselho Federal da OAB para o tri\u00eanio 2019\/2021 na noite desta quinta-feira (31\/01), em Bras\u00edlia. O novo presidente nacional da OAB \u00e9 o ex-presidente da seccional do Rio de Janeiro, Felipe Santa Cruz. A chapa"},"aioseo_meta_data":{"post_id":"13103","title":null,"description":null,"keywords":null,"keyphrases":null,"primary_term":null,"canonical_url":null,"og_title":null,"og_description":null,"og_object_type":"default","og_image_type":"default","og_image_url":null,"og_image_width":null,"og_image_height":null,"og_image_custom_url":null,"og_image_custom_fields":null,"og_video":null,"og_custom_url":null,"og_article_section":null,"og_article_tags":null,"twitter_use_og":false,"twitter_card":"default","twitter_image_type":"default","twitter_image_url":null,"twitter_image_custom_url":null,"twitter_image_custom_fields":null,"twitter_title":null,"twitter_description":null,"schema":{"blockGraphs":[],"customGraphs":[],"default":{"data":{"Article":[],"Course":[],"Dataset":[],"FAQPage":[],"Movie":[],"Person":[],"Product":[],"ProductReview":[],"Car":[],"Recipe":[],"Service":[],"SoftwareApplication":[],"WebPage":[]},"graphName":"","isEnabled":true},"graphs":[]},"schema_type":"default","schema_type_options":null,"pillar_content":false,"robots_default":true,"robots_noindex":false,"robots_noarchive":false,"robots_nosnippet":false,"robots_nofollow":false,"robots_noimageindex":false,"robots_noodp":false,"robots_notranslate":false,"robots_max_snippet":null,"robots_max_videopreview":null,"robots_max_imagepreview":"large","priority":null,"frequency":null,"local_seo":null,"breadcrumb_settings":null,"limit_modified_date":false,"ai":null,"created":"2023-06-12 12:11:54","updated":"2025-07-10 23:07:37","seo_analyzer_scan_date":null},"aioseo_breadcrumb":"<div class=\"aioseo-breadcrumbs\"><span class=\"aioseo-breadcrumb\">\n\t\t\t<a href=\"https:\/\/newsinfoco.com.br\/inicio\" title=\"In\u00edcio\">In\u00edcio<\/a>\n\t\t<\/span><span class=\"aioseo-breadcrumb-separator\">&raquo;<\/span><span class=\"aioseo-breadcrumb\">\n\t\t\t<a href=\"https:\/\/newsinfoco.com.br\/inicio\/category\/bahia\/\" title=\"Bahia\">Bahia<\/a>\n\t\t<\/span><span class=\"aioseo-breadcrumb-separator\">&raquo;<\/span><span class=\"aioseo-breadcrumb\">\n\t\t\tEx-presidente da secccional baiana da OAB, Luiz Viana, \u00e9 o novo vice-presidente nacional da OAB\n\t\t<\/span><\/div>","aioseo_breadcrumb_json":[{"label":"In\u00edcio","link":"https:\/\/newsinfoco.com.br\/inicio"},{"label":"Bahia","link":"https:\/\/newsinfoco.com.br\/inicio\/category\/bahia\/"},{"label":"Ex-presidente da secccional baiana da OAB, Luiz Viana, \u00e9 o novo vice-presidente nacional da OAB","link":"https:\/\/newsinfoco.com.br\/inicio\/ex-presidente-da-secccional-baiana-da-oab-luiz-viana-e-o-novo-vice-presidente-nacional-da-oab\/"}],"_links":{"self":[{"href":"https:\/\/newsinfoco.com.br\/inicio\/wp-json\/wp\/v2\/posts\/13103","targetHints":{"allow":["GET"]}}],"collection":[{"href":"https:\/\/newsinfoco.com.br\/inicio\/wp-json\/wp\/v2\/posts"}],"about":[{"href":"https:\/\/newsinfoco.com.br\/inicio\/wp-json\/wp\/v2\/types\/post"}],"author":[{"embeddable":true,"href":"https:\/\/newsinfoco.com.br\/inicio\/wp-json\/wp\/v2\/users\/1"}],"replies":[{"embeddable":true,"href":"https:\/\/newsinfoco.com.br\/inicio\/wp-json\/wp\/v2\/comments?post=13103"}],"version-history":[{"count":0,"href":"https:\/\/newsinfoco.com.br\/inicio\/wp-json\/wp\/v2\/posts\/13103\/revisions"}],"wp:featuredmedia":[{"embeddable":true,"href":"https:\/\/newsinfoco.com.br\/inicio\/wp-json\/wp\/v2\/media\/13104"}],"wp:attachment":[{"href":"https:\/\/newsinfoco.com.br\/inicio\/wp-json\/wp\/v2\/media?parent=13103"}],"wp:term":[{"taxonomy":"category","embeddable":true,"href":"https:\/\/newsinfoco.com.br\/inicio\/wp-json\/wp\/v2\/categories?post=13103"},{"taxonomy":"post_tag","embeddable":true,"href":"https:\/\/newsinfoco.com.br\/inicio\/wp-json\/wp\/v2\/tags?post=13103"}],"curies":[{"name":"wp","href":"https:\/\/api.w.org\/{rel}","templated":true}]}}