{"id":13370,"date":"2019-02-08T00:10:55","date_gmt":"2019-02-08T02:10:55","guid":{"rendered":"http:\/\/newsinfoco.com.br\/?p=13370"},"modified":"2019-02-08T00:10:55","modified_gmt":"2019-02-08T02:10:55","slug":"que-a-bahia-continue-a-ser-excecao-no-pais-diz-rui-em-posse-de-secretarios","status":"publish","type":"post","link":"https:\/\/newsinfoco.com.br\/inicio\/que-a-bahia-continue-a-ser-excecao-no-pais-diz-rui-em-posse-de-secretarios\/","title":{"rendered":"\u201cQue a Bahia continue a ser exce\u00e7\u00e3o no pa\u00eds\u201d, diz Rui em posse de secret\u00e1rios"},"content":{"rendered":"<p style=\"text-align: justify;\">[sg_popup id=&#8221;11418&#8243; event=&#8221;inherit&#8221;][\/sg_popup]O governador Rui Costa (PT) empossou parte do secretariado estadual na tarde desta quinta-feira (7), em evento realizado no audit\u00f3rio da Secretaria de Infraestrutura (Seinfra), no Centro Administrativo da Bahia (CAB), em Salvador. Na ocasi\u00e3o, ele tamb\u00e9m anunciou o nome do novo secret\u00e1rio de Desenvolvimento Urbano, S\u00e9rgio Brito.<\/p>\n<p style=\"text-align: justify;\">\u201c\u00c9 uma equipe com perfil t\u00e9cnico, mas tamb\u00e9m com conceito pol\u00edtico, que possa acelerar os investimentos e manter a Bahia nesse ritmo de crescimento. O que n\u00f3s queremos \u00e9 que a Bahia continue superando as dificuldades nacionais e conseguindo ser exce\u00e7\u00e3o \u00e0 regra no pa\u00eds inteiro. N\u00f3s estamos, com muito trabalho, conseguindo superar e vencer as adversidades, mantendo a Bahia no equil\u00edbrio fiscal e financeiro, sem deixar de fazer os investimentos\u201d, disse Rui.<\/p>\n<p style=\"text-align: justify;\">Tomaram posse os novos secret\u00e1rios do Meio Ambiente, Jo\u00e3o Carlos Oliveira; de Infraestrutura H\u00eddrica e Saneamento, Leonardo Goes; do Trabalho, Emprego, Renda e Esporte, Davidson Magalh\u00e3es; do Turismo, Fausto Franco; e da Agricultura, Lucas Costa.<\/p>\n<p style=\"text-align: justify;\">Nos dias 29 de janeiro e 5 de fevereiro, o governador j\u00e1 havia anunciado a perman\u00eancia dos secret\u00e1rios Manoel Vit\u00f3rio (Fazenda), Edelvino G\u00f3es (Administra\u00e7\u00e3o), Nestor Duarte (Administra\u00e7\u00e3o Penitenci\u00e1ria), Andr\u00e9 Curvello (Comunica\u00e7\u00e3o Social), Bruno Dauster (Casa Civil), Maur\u00edcio Barbosa (Seguran\u00e7a P\u00fablica), F\u00e1bio Vilas-Boas (Sa\u00fade) e Marcus Cavalcanti (Infraestrutura). As secret\u00e1rias Arany Santana, Julieta Palmeira e Fabya Reis tamb\u00e9m seguem titulares das pastas de Cultura, Pol\u00edticas para as Mulheres e Promo\u00e7\u00e3o da Igualdade Racial, respectivamente.<\/p>\n<p style=\"text-align: justify;\">J\u00e1 o vice-governador Jo\u00e3o Le\u00e3o tomou posse como secret\u00e1rio de Desenvolvimento Econ\u00f4mico. O ex-secret\u00e1rio de Desenvolvimento Rural, Jer\u00f4nimo Rodrigues, assumiu a Educa\u00e7\u00e3o no lugar de Walter Pinheiro, que agora comanda a Secretaria do Planejamento (Seplan).<\/p>\n<p style=\"text-align: justify;\"><strong>NOVO SECRETARIADO<\/strong><\/p>\n<p style=\"text-align: justify;\"><strong>Secretarias que mantiveram gestores \u2013 11 Pastas<\/strong><br \/>\n\u2013 Administra\u00e7\u00e3o (Saeb) \u2013 Edelvino G\u00f3es<br \/>\n\u2013 Administra\u00e7\u00e3o Penitenci\u00e1ria (Seap) \u2013 Nestor Duarte<br \/>\n\u2013 Casa Civil \u2013 Bruno Dauster<br \/>\n\u2013 Comunica\u00e7\u00e3o (Secom) \u2013 Andr\u00e9 Curvello<br \/>\n\u2013 Cultura (Secult) \u2013 Arany Santana<br \/>\n\u2013 Fazenda (Sefaz) \u2013 Manoel Vit\u00f3rio<br \/>\n\u2013 Igualdade Racial (Sepromi) \u2013 Fabya Reis<br \/>\n\u2013 Infraestrutura (Seinfra) \u2013 Marcus Cavalcanti<br \/>\n\u2013 Pol\u00edticas para as Mulheres (SPM) \u2013 Julieta Palmeira<br \/>\n\u2013 Sa\u00fade (Sesab) \u2013 F\u00e1bio Vilas-Boas<br \/>\n\u2013 Seguran\u00e7a (SSP) \u2013 Maur\u00edcio Barbosa<\/p>\n<p style=\"text-align: justify;\"><strong>Secretarias com novos titulares \u2013 9 Pastas<\/strong><br \/>\n\u2013 Agricultura (Seagri) \u2013 Lucas Teixeira Costa<br \/>\n\u2013 Desenvolvimento Econ\u00f4mico (SDE) \u2013 Jo\u00e3o Le\u00e3o<br \/>\n\u2013 Desenvolvimento Urbano (Sedur) \u2013 S\u00e9rgio Brito<br \/>\n\u2013 Educa\u00e7\u00e3o (SEC) \u2013 Jer\u00f4nimo Rodrigues<br \/>\n\u2013 Infraestrutura H\u00eddrica e Saneamento (SIHS) \u2013 Leonardo G\u00f3es da Silva<br \/>\n\u2013 Meio Ambiente (Sema) \u2013 Jo\u00e3o Carlos Oliveira da Silva<br \/>\n\u2013 Planejamento (Seplan) \u2013 Walter Pinheiro<br \/>\n\u2013 Trabalho (Setre) \u2013 Davidson Magalh\u00e3es<br \/>\n\u2013 Turismo (Setur) \u2013 Fausto Franco<\/p>\n<p style=\"text-align: justify;\"><strong>Secretarias pendentes \u2013 4 Pastas<\/strong><br \/>\n\u2013 Desenvolvimento Rural (SDR) \u2013<br \/>\n\u2013 Justi\u00e7a (SJDHDS) \u2013<br \/>\n\u2013 Rela\u00e7\u00f5es Institucionais (Serin) \u2013<br \/>\n\u2013 Tecnologia (Secti) \u2013<\/p>\n<div class='share-to-whatsapp-wrapper'><div class='share-on-whsp'>Share on: <\/div><a data-text='\u201cQue a Bahia continue a ser exce\u00e7\u00e3o no pa\u00eds\u201d, diz Rui em posse de secret\u00e1rios' data-link='https:\/\/newsinfoco.com.br\/inicio\/que-a-bahia-continue-a-ser-excecao-no-pais-diz-rui-em-posse-de-secretarios\/' class='whatsapp-button whatsapp-share'>WhatsApp<\/a><div class='clear '><\/div><\/div>","protected":false},"excerpt":{"rendered":"<p>[sg_popup id=&#8221;11418&#8243; event=&#8221;inherit&#8221;][\/sg_popup]O governador Rui Costa (PT) empossou parte do secretariado estadual na tarde desta quinta-feira (7), em evento realizado no audit\u00f3rio da Secretaria de Infraestrutura (Seinfra), no Centro Administrativo da Bahia (CAB), em Salvador. Na ocasi\u00e3o, ele tamb\u00e9m anunciou o nome do novo secret\u00e1rio de Desenvolvimento Urbano, S\u00e9rgio Brito. \u201c\u00c9 uma equipe com perfil [&hellip;]<\/p>\n","protected":false},"author":1,"featured_media":13372,"comment_status":"open","ping_status":"open","sticky":false,"template":"","format":"standard","meta":{"om_disable_all_campaigns":false,"rop_custom_images_group":[],"rop_custom_messages_group":[],"rop_publish_now":"initial","rop_publish_now_accounts":[],"rop_publish_now_history":[],"rop_publish_now_status":"pending","_exactmetrics_skip_tracking":false,"footnotes":""},"categories":[19],"tags":[],"class_list":["post-13370","post","type-post","status-publish","format-standard","has-post-thumbnail","hentry","category-bahia"],"aioseo_notices":[],"aioseo_head":"\n\t\t<!-- All in One SEO 4.9.10 - aioseo.com -->\n\t<meta name=\"description\" content=\"[sg_popup id=&quot;11418&quot; event=&quot;inherit&quot;][\/sg_popup]O governador Rui Costa (PT) empossou parte do secretariado estadual na tarde desta quinta-feira (7), em evento realizado no audit\u00f3rio da Secretaria de Infraestrutura (Seinfra), no Centro Administrativo da Bahia (CAB), em Salvador. Na ocasi\u00e3o, ele tamb\u00e9m anunciou o nome do novo secret\u00e1rio de Desenvolvimento Urbano, S\u00e9rgio Brito. \u201c\u00c9 uma equipe com perfil\" \/>\n\t<meta name=\"robots\" content=\"max-image-preview:large\" \/>\n\t<meta name=\"author\" content=\"administrador\"\/>\n\t<link rel=\"canonical\" href=\"https:\/\/newsinfoco.com.br\/inicio\/que-a-bahia-continue-a-ser-excecao-no-pais-diz-rui-em-posse-de-secretarios\/\" \/>\n\t<meta name=\"generator\" content=\"All in One SEO (AIOSEO) 4.9.10\" \/>\n\t\t<meta property=\"og:locale\" content=\"pt_BR\" \/>\n\t\t<meta property=\"og:site_name\" content=\"News In Foco - Editado por Caio Pimenta - O principal site de noticias de Alagoinhas e regi\u00e3o\" \/>\n\t\t<meta property=\"og:type\" content=\"article\" \/>\n\t\t<meta property=\"og:title\" content=\"\u201cQue a Bahia continue a ser exce\u00e7\u00e3o no pa\u00eds\u201d, diz Rui em posse de secret\u00e1rios - News In Foco - Editado por Caio Pimenta\" \/>\n\t\t<meta property=\"og:description\" content=\"[sg_popup id=&quot;11418&quot; event=&quot;inherit&quot;][\/sg_popup]O governador Rui Costa (PT) empossou parte do secretariado estadual na tarde desta quinta-feira (7), em evento realizado no audit\u00f3rio da Secretaria de Infraestrutura (Seinfra), no Centro Administrativo da Bahia (CAB), em Salvador. Na ocasi\u00e3o, ele tamb\u00e9m anunciou o nome do novo secret\u00e1rio de Desenvolvimento Urbano, S\u00e9rgio Brito. \u201c\u00c9 uma equipe com perfil\" \/>\n\t\t<meta property=\"og:url\" content=\"https:\/\/newsinfoco.com.br\/inicio\/que-a-bahia-continue-a-ser-excecao-no-pais-diz-rui-em-posse-de-secretarios\/\" \/>\n\t\t<meta property=\"article:published_time\" content=\"2019-02-08T02:10:55+00:00\" \/>\n\t\t<meta property=\"article:modified_time\" content=\"2019-02-08T02:10:55+00:00\" \/>\n\t\t<meta name=\"twitter:card\" content=\"summary_large_image\" \/>\n\t\t<meta name=\"twitter:title\" content=\"\u201cQue a Bahia continue a ser exce\u00e7\u00e3o no pa\u00eds\u201d, diz Rui em posse de secret\u00e1rios - News In Foco - Editado por Caio Pimenta\" \/>\n\t\t<meta name=\"twitter:description\" content=\"[sg_popup id=&quot;11418&quot; event=&quot;inherit&quot;][\/sg_popup]O governador Rui Costa (PT) empossou parte do secretariado estadual na tarde desta quinta-feira (7), em evento realizado no audit\u00f3rio da Secretaria de Infraestrutura (Seinfra), no Centro Administrativo da Bahia (CAB), em Salvador. Na ocasi\u00e3o, ele tamb\u00e9m anunciou o nome do novo secret\u00e1rio de Desenvolvimento Urbano, S\u00e9rgio Brito. \u201c\u00c9 uma equipe com perfil\" \/>\n\t\t<script type=\"application\/ld+json\" class=\"aioseo-schema\">\n\t\t\t{\"@context\":\"https:\\\/\\\/schema.org\",\"@graph\":[{\"@type\":\"BlogPosting\",\"@id\":\"https:\\\/\\\/newsinfoco.com.br\\\/inicio\\\/que-a-bahia-continue-a-ser-excecao-no-pais-diz-rui-em-posse-de-secretarios\\\/#blogposting\",\"name\":\"\\u201cQue a Bahia continue a ser exce\\u00e7\\u00e3o no pa\\u00eds\\u201d, diz Rui em posse de secret\\u00e1rios - News In Foco - Editado por Caio Pimenta\",\"headline\":\"\\u201cQue a Bahia continue a ser exce\\u00e7\\u00e3o no pa\\u00eds\\u201d, diz Rui em posse de secret\\u00e1rios\",\"author\":{\"@id\":\"https:\\\/\\\/newsinfoco.com.br\\\/inicio\\\/author\\\/administrador\\\/#author\"},\"publisher\":{\"@id\":\"https:\\\/\\\/newsinfoco.com.br\\\/inicio\\\/#organization\"},\"image\":{\"@type\":\"ImageObject\",\"url\":\"https:\\\/\\\/newsinfoco.com.br\\\/inicio\\\/wp-content\\\/uploads\\\/2019\\\/02\\\/8521a225dce662e6da2b606c28d3cfab.jpg\",\"width\":590,\"height\":320},\"datePublished\":\"2019-02-08T00:10:55-02:00\",\"dateModified\":\"2019-02-08T00:10:55-02:00\",\"inLanguage\":\"pt-BR\",\"mainEntityOfPage\":{\"@id\":\"https:\\\/\\\/newsinfoco.com.br\\\/inicio\\\/que-a-bahia-continue-a-ser-excecao-no-pais-diz-rui-em-posse-de-secretarios\\\/#webpage\"},\"isPartOf\":{\"@id\":\"https:\\\/\\\/newsinfoco.com.br\\\/inicio\\\/que-a-bahia-continue-a-ser-excecao-no-pais-diz-rui-em-posse-de-secretarios\\\/#webpage\"},\"articleSection\":\"Bahia\"},{\"@type\":\"BreadcrumbList\",\"@id\":\"https:\\\/\\\/newsinfoco.com.br\\\/inicio\\\/que-a-bahia-continue-a-ser-excecao-no-pais-diz-rui-em-posse-de-secretarios\\\/#breadcrumblist\",\"itemListElement\":[{\"@type\":\"ListItem\",\"@id\":\"https:\\\/\\\/newsinfoco.com.br\\\/inicio#listItem\",\"position\":1,\"name\":\"In\\u00edcio\",\"item\":\"https:\\\/\\\/newsinfoco.com.br\\\/inicio\",\"nextItem\":{\"@type\":\"ListItem\",\"@id\":\"https:\\\/\\\/newsinfoco.com.br\\\/inicio\\\/category\\\/bahia\\\/#listItem\",\"name\":\"Bahia\"}},{\"@type\":\"ListItem\",\"@id\":\"https:\\\/\\\/newsinfoco.com.br\\\/inicio\\\/category\\\/bahia\\\/#listItem\",\"position\":2,\"name\":\"Bahia\",\"item\":\"https:\\\/\\\/newsinfoco.com.br\\\/inicio\\\/category\\\/bahia\\\/\",\"nextItem\":{\"@type\":\"ListItem\",\"@id\":\"https:\\\/\\\/newsinfoco.com.br\\\/inicio\\\/que-a-bahia-continue-a-ser-excecao-no-pais-diz-rui-em-posse-de-secretarios\\\/#listItem\",\"name\":\"\\u201cQue a Bahia continue a ser exce\\u00e7\\u00e3o no pa\\u00eds\\u201d, diz Rui em posse de secret\\u00e1rios\"},\"previousItem\":{\"@type\":\"ListItem\",\"@id\":\"https:\\\/\\\/newsinfoco.com.br\\\/inicio#listItem\",\"name\":\"In\\u00edcio\"}},{\"@type\":\"ListItem\",\"@id\":\"https:\\\/\\\/newsinfoco.com.br\\\/inicio\\\/que-a-bahia-continue-a-ser-excecao-no-pais-diz-rui-em-posse-de-secretarios\\\/#listItem\",\"position\":3,\"name\":\"\\u201cQue a Bahia continue a ser exce\\u00e7\\u00e3o no pa\\u00eds\\u201d, diz Rui em posse de secret\\u00e1rios\",\"previousItem\":{\"@type\":\"ListItem\",\"@id\":\"https:\\\/\\\/newsinfoco.com.br\\\/inicio\\\/category\\\/bahia\\\/#listItem\",\"name\":\"Bahia\"}}]},{\"@type\":\"Organization\",\"@id\":\"https:\\\/\\\/newsinfoco.com.br\\\/inicio\\\/#organization\",\"name\":\"News In Foco - Editado por Caio Pimenta\",\"description\":\"O principal site de noticias de Alagoinhas e regi\\u00e3o\",\"url\":\"https:\\\/\\\/newsinfoco.com.br\\\/inicio\\\/\"},{\"@type\":\"Person\",\"@id\":\"https:\\\/\\\/newsinfoco.com.br\\\/inicio\\\/author\\\/administrador\\\/#author\",\"url\":\"https:\\\/\\\/newsinfoco.com.br\\\/inicio\\\/author\\\/administrador\\\/\",\"name\":\"administrador\",\"image\":{\"@type\":\"ImageObject\",\"@id\":\"https:\\\/\\\/newsinfoco.com.br\\\/inicio\\\/que-a-bahia-continue-a-ser-excecao-no-pais-diz-rui-em-posse-de-secretarios\\\/#authorImage\",\"url\":\"https:\\\/\\\/secure.gravatar.com\\\/avatar\\\/c17a617433de8c1dc9584bb79aab7563b46f5bb7e1728c9b17d9cc3ce6a08e49?s=96&d=mm&r=g\",\"width\":96,\"height\":96,\"caption\":\"administrador\"}},{\"@type\":\"WebPage\",\"@id\":\"https:\\\/\\\/newsinfoco.com.br\\\/inicio\\\/que-a-bahia-continue-a-ser-excecao-no-pais-diz-rui-em-posse-de-secretarios\\\/#webpage\",\"url\":\"https:\\\/\\\/newsinfoco.com.br\\\/inicio\\\/que-a-bahia-continue-a-ser-excecao-no-pais-diz-rui-em-posse-de-secretarios\\\/\",\"name\":\"\\u201cQue a Bahia continue a ser exce\\u00e7\\u00e3o no pa\\u00eds\\u201d, diz Rui em posse de secret\\u00e1rios - News In Foco - Editado por Caio Pimenta\",\"description\":\"[sg_popup id=\\\"11418\\\" event=\\\"inherit\\\"][\\\/sg_popup]O governador Rui Costa (PT) empossou parte do secretariado estadual na tarde desta quinta-feira (7), em evento realizado no audit\\u00f3rio da Secretaria de Infraestrutura (Seinfra), no Centro Administrativo da Bahia (CAB), em Salvador. Na ocasi\\u00e3o, ele tamb\\u00e9m anunciou o nome do novo secret\\u00e1rio de Desenvolvimento Urbano, S\\u00e9rgio Brito. \\u201c\\u00c9 uma equipe com perfil\",\"inLanguage\":\"pt-BR\",\"isPartOf\":{\"@id\":\"https:\\\/\\\/newsinfoco.com.br\\\/inicio\\\/#website\"},\"breadcrumb\":{\"@id\":\"https:\\\/\\\/newsinfoco.com.br\\\/inicio\\\/que-a-bahia-continue-a-ser-excecao-no-pais-diz-rui-em-posse-de-secretarios\\\/#breadcrumblist\"},\"author\":{\"@id\":\"https:\\\/\\\/newsinfoco.com.br\\\/inicio\\\/author\\\/administrador\\\/#author\"},\"creator\":{\"@id\":\"https:\\\/\\\/newsinfoco.com.br\\\/inicio\\\/author\\\/administrador\\\/#author\"},\"image\":{\"@type\":\"ImageObject\",\"url\":\"https:\\\/\\\/newsinfoco.com.br\\\/inicio\\\/wp-content\\\/uploads\\\/2019\\\/02\\\/8521a225dce662e6da2b606c28d3cfab.jpg\",\"@id\":\"https:\\\/\\\/newsinfoco.com.br\\\/inicio\\\/que-a-bahia-continue-a-ser-excecao-no-pais-diz-rui-em-posse-de-secretarios\\\/#mainImage\",\"width\":590,\"height\":320},\"primaryImageOfPage\":{\"@id\":\"https:\\\/\\\/newsinfoco.com.br\\\/inicio\\\/que-a-bahia-continue-a-ser-excecao-no-pais-diz-rui-em-posse-de-secretarios\\\/#mainImage\"},\"datePublished\":\"2019-02-08T00:10:55-02:00\",\"dateModified\":\"2019-02-08T00:10:55-02:00\"},{\"@type\":\"WebSite\",\"@id\":\"https:\\\/\\\/newsinfoco.com.br\\\/inicio\\\/#website\",\"url\":\"https:\\\/\\\/newsinfoco.com.br\\\/inicio\\\/\",\"name\":\"News In Foco - Editado por Caio Pimenta\",\"description\":\"O principal site de noticias de Alagoinhas e regi\\u00e3o\",\"inLanguage\":\"pt-BR\",\"publisher\":{\"@id\":\"https:\\\/\\\/newsinfoco.com.br\\\/inicio\\\/#organization\"}}]}\n\t\t<\/script>\n\t\t<!-- All in One SEO -->\n\n","aioseo_head_json":{"title":"\u201cQue a Bahia continue a ser exce\u00e7\u00e3o no pa\u00eds\u201d, diz Rui em posse de secret\u00e1rios - News In Foco - Editado por Caio Pimenta","description":"[sg_popup id=\"11418\" event=\"inherit\"][\/sg_popup]O governador Rui Costa (PT) empossou parte do secretariado estadual na tarde desta quinta-feira (7), em evento realizado no audit\u00f3rio da Secretaria de Infraestrutura (Seinfra), no Centro Administrativo da Bahia (CAB), em Salvador. Na ocasi\u00e3o, ele tamb\u00e9m anunciou o nome do novo secret\u00e1rio de Desenvolvimento Urbano, S\u00e9rgio Brito. \u201c\u00c9 uma equipe com perfil","canonical_url":"https:\/\/newsinfoco.com.br\/inicio\/que-a-bahia-continue-a-ser-excecao-no-pais-diz-rui-em-posse-de-secretarios\/","robots":"max-image-preview:large","keywords":"","webmasterTools":{"miscellaneous":""},"schema":{"@context":"https:\/\/schema.org","@graph":[{"@type":"BlogPosting","@id":"https:\/\/newsinfoco.com.br\/inicio\/que-a-bahia-continue-a-ser-excecao-no-pais-diz-rui-em-posse-de-secretarios\/#blogposting","name":"\u201cQue a Bahia continue a ser exce\u00e7\u00e3o no pa\u00eds\u201d, diz Rui em posse de secret\u00e1rios - News In Foco - Editado por Caio Pimenta","headline":"\u201cQue a Bahia continue a ser exce\u00e7\u00e3o no pa\u00eds\u201d, diz Rui em posse de secret\u00e1rios","author":{"@id":"https:\/\/newsinfoco.com.br\/inicio\/author\/administrador\/#author"},"publisher":{"@id":"https:\/\/newsinfoco.com.br\/inicio\/#organization"},"image":{"@type":"ImageObject","url":"https:\/\/newsinfoco.com.br\/inicio\/wp-content\/uploads\/2019\/02\/8521a225dce662e6da2b606c28d3cfab.jpg","width":590,"height":320},"datePublished":"2019-02-08T00:10:55-02:00","dateModified":"2019-02-08T00:10:55-02:00","inLanguage":"pt-BR","mainEntityOfPage":{"@id":"https:\/\/newsinfoco.com.br\/inicio\/que-a-bahia-continue-a-ser-excecao-no-pais-diz-rui-em-posse-de-secretarios\/#webpage"},"isPartOf":{"@id":"https:\/\/newsinfoco.com.br\/inicio\/que-a-bahia-continue-a-ser-excecao-no-pais-diz-rui-em-posse-de-secretarios\/#webpage"},"articleSection":"Bahia"},{"@type":"BreadcrumbList","@id":"https:\/\/newsinfoco.com.br\/inicio\/que-a-bahia-continue-a-ser-excecao-no-pais-diz-rui-em-posse-de-secretarios\/#breadcrumblist","itemListElement":[{"@type":"ListItem","@id":"https:\/\/newsinfoco.com.br\/inicio#listItem","position":1,"name":"In\u00edcio","item":"https:\/\/newsinfoco.com.br\/inicio","nextItem":{"@type":"ListItem","@id":"https:\/\/newsinfoco.com.br\/inicio\/category\/bahia\/#listItem","name":"Bahia"}},{"@type":"ListItem","@id":"https:\/\/newsinfoco.com.br\/inicio\/category\/bahia\/#listItem","position":2,"name":"Bahia","item":"https:\/\/newsinfoco.com.br\/inicio\/category\/bahia\/","nextItem":{"@type":"ListItem","@id":"https:\/\/newsinfoco.com.br\/inicio\/que-a-bahia-continue-a-ser-excecao-no-pais-diz-rui-em-posse-de-secretarios\/#listItem","name":"\u201cQue a Bahia continue a ser exce\u00e7\u00e3o no pa\u00eds\u201d, diz Rui em posse de secret\u00e1rios"},"previousItem":{"@type":"ListItem","@id":"https:\/\/newsinfoco.com.br\/inicio#listItem","name":"In\u00edcio"}},{"@type":"ListItem","@id":"https:\/\/newsinfoco.com.br\/inicio\/que-a-bahia-continue-a-ser-excecao-no-pais-diz-rui-em-posse-de-secretarios\/#listItem","position":3,"name":"\u201cQue a Bahia continue a ser exce\u00e7\u00e3o no pa\u00eds\u201d, diz Rui em posse de secret\u00e1rios","previousItem":{"@type":"ListItem","@id":"https:\/\/newsinfoco.com.br\/inicio\/category\/bahia\/#listItem","name":"Bahia"}}]},{"@type":"Organization","@id":"https:\/\/newsinfoco.com.br\/inicio\/#organization","name":"News In Foco - Editado por Caio Pimenta","description":"O principal site de noticias de Alagoinhas e regi\u00e3o","url":"https:\/\/newsinfoco.com.br\/inicio\/"},{"@type":"Person","@id":"https:\/\/newsinfoco.com.br\/inicio\/author\/administrador\/#author","url":"https:\/\/newsinfoco.com.br\/inicio\/author\/administrador\/","name":"administrador","image":{"@type":"ImageObject","@id":"https:\/\/newsinfoco.com.br\/inicio\/que-a-bahia-continue-a-ser-excecao-no-pais-diz-rui-em-posse-de-secretarios\/#authorImage","url":"https:\/\/secure.gravatar.com\/avatar\/c17a617433de8c1dc9584bb79aab7563b46f5bb7e1728c9b17d9cc3ce6a08e49?s=96&d=mm&r=g","width":96,"height":96,"caption":"administrador"}},{"@type":"WebPage","@id":"https:\/\/newsinfoco.com.br\/inicio\/que-a-bahia-continue-a-ser-excecao-no-pais-diz-rui-em-posse-de-secretarios\/#webpage","url":"https:\/\/newsinfoco.com.br\/inicio\/que-a-bahia-continue-a-ser-excecao-no-pais-diz-rui-em-posse-de-secretarios\/","name":"\u201cQue a Bahia continue a ser exce\u00e7\u00e3o no pa\u00eds\u201d, diz Rui em posse de secret\u00e1rios - News In Foco - Editado por Caio Pimenta","description":"[sg_popup id=\"11418\" event=\"inherit\"][\/sg_popup]O governador Rui Costa (PT) empossou parte do secretariado estadual na tarde desta quinta-feira (7), em evento realizado no audit\u00f3rio da Secretaria de Infraestrutura (Seinfra), no Centro Administrativo da Bahia (CAB), em Salvador. Na ocasi\u00e3o, ele tamb\u00e9m anunciou o nome do novo secret\u00e1rio de Desenvolvimento Urbano, S\u00e9rgio Brito. \u201c\u00c9 uma equipe com perfil","inLanguage":"pt-BR","isPartOf":{"@id":"https:\/\/newsinfoco.com.br\/inicio\/#website"},"breadcrumb":{"@id":"https:\/\/newsinfoco.com.br\/inicio\/que-a-bahia-continue-a-ser-excecao-no-pais-diz-rui-em-posse-de-secretarios\/#breadcrumblist"},"author":{"@id":"https:\/\/newsinfoco.com.br\/inicio\/author\/administrador\/#author"},"creator":{"@id":"https:\/\/newsinfoco.com.br\/inicio\/author\/administrador\/#author"},"image":{"@type":"ImageObject","url":"https:\/\/newsinfoco.com.br\/inicio\/wp-content\/uploads\/2019\/02\/8521a225dce662e6da2b606c28d3cfab.jpg","@id":"https:\/\/newsinfoco.com.br\/inicio\/que-a-bahia-continue-a-ser-excecao-no-pais-diz-rui-em-posse-de-secretarios\/#mainImage","width":590,"height":320},"primaryImageOfPage":{"@id":"https:\/\/newsinfoco.com.br\/inicio\/que-a-bahia-continue-a-ser-excecao-no-pais-diz-rui-em-posse-de-secretarios\/#mainImage"},"datePublished":"2019-02-08T00:10:55-02:00","dateModified":"2019-02-08T00:10:55-02:00"},{"@type":"WebSite","@id":"https:\/\/newsinfoco.com.br\/inicio\/#website","url":"https:\/\/newsinfoco.com.br\/inicio\/","name":"News In Foco - Editado por Caio Pimenta","description":"O principal site de noticias de Alagoinhas e regi\u00e3o","inLanguage":"pt-BR","publisher":{"@id":"https:\/\/newsinfoco.com.br\/inicio\/#organization"}}]},"og:locale":"pt_BR","og:site_name":"News In Foco - Editado por Caio Pimenta - O principal site de noticias de Alagoinhas e regi\u00e3o","og:type":"article","og:title":"\u201cQue a Bahia continue a ser exce\u00e7\u00e3o no pa\u00eds\u201d, diz Rui em posse de secret\u00e1rios - News In Foco - Editado por Caio Pimenta","og:description":"[sg_popup id=&quot;11418&quot; event=&quot;inherit&quot;][\/sg_popup]O governador Rui Costa (PT) empossou parte do secretariado estadual na tarde desta quinta-feira (7), em evento realizado no audit\u00f3rio da Secretaria de Infraestrutura (Seinfra), no Centro Administrativo da Bahia (CAB), em Salvador. Na ocasi\u00e3o, ele tamb\u00e9m anunciou o nome do novo secret\u00e1rio de Desenvolvimento Urbano, S\u00e9rgio Brito. \u201c\u00c9 uma equipe com perfil","og:url":"https:\/\/newsinfoco.com.br\/inicio\/que-a-bahia-continue-a-ser-excecao-no-pais-diz-rui-em-posse-de-secretarios\/","article:published_time":"2019-02-08T02:10:55+00:00","article:modified_time":"2019-02-08T02:10:55+00:00","twitter:card":"summary_large_image","twitter:title":"\u201cQue a Bahia continue a ser exce\u00e7\u00e3o no pa\u00eds\u201d, diz Rui em posse de secret\u00e1rios - News In Foco - Editado por Caio Pimenta","twitter:description":"[sg_popup id=&quot;11418&quot; event=&quot;inherit&quot;][\/sg_popup]O governador Rui Costa (PT) empossou parte do secretariado estadual na tarde desta quinta-feira (7), em evento realizado no audit\u00f3rio da Secretaria de Infraestrutura (Seinfra), no Centro Administrativo da Bahia (CAB), em Salvador. Na ocasi\u00e3o, ele tamb\u00e9m anunciou o nome do novo secret\u00e1rio de Desenvolvimento Urbano, S\u00e9rgio Brito. \u201c\u00c9 uma equipe com perfil"},"aioseo_meta_data":{"post_id":"13370","title":null,"description":null,"keywords":null,"keyphrases":null,"primary_term":null,"canonical_url":null,"og_title":null,"og_description":null,"og_object_type":"default","og_image_type":"default","og_image_url":null,"og_image_width":null,"og_image_height":null,"og_image_custom_url":null,"og_image_custom_fields":null,"og_video":null,"og_custom_url":null,"og_article_section":null,"og_article_tags":null,"twitter_use_og":false,"twitter_card":"default","twitter_image_type":"default","twitter_image_url":null,"twitter_image_custom_url":null,"twitter_image_custom_fields":null,"twitter_title":null,"twitter_description":null,"schema":{"blockGraphs":[],"customGraphs":[],"default":{"data":{"Article":[],"Course":[],"Dataset":[],"FAQPage":[],"Movie":[],"Person":[],"Product":[],"ProductReview":[],"Car":[],"Recipe":[],"Service":[],"SoftwareApplication":[],"WebPage":[]},"graphName":"","isEnabled":true},"graphs":[]},"schema_type":"default","schema_type_options":null,"pillar_content":false,"robots_default":true,"robots_noindex":false,"robots_noarchive":false,"robots_nosnippet":false,"robots_nofollow":false,"robots_noimageindex":false,"robots_noodp":false,"robots_notranslate":false,"robots_max_snippet":null,"robots_max_videopreview":null,"robots_max_imagepreview":"large","priority":null,"frequency":null,"local_seo":null,"breadcrumb_settings":null,"limit_modified_date":false,"ai":null,"created":"2023-06-12 12:21:09","updated":"2025-07-10 23:15:46","seo_analyzer_scan_date":null},"aioseo_breadcrumb":"<div class=\"aioseo-breadcrumbs\"><span class=\"aioseo-breadcrumb\">\n\t\t\t<a href=\"https:\/\/newsinfoco.com.br\/inicio\" title=\"In\u00edcio\">In\u00edcio<\/a>\n\t\t<\/span><span class=\"aioseo-breadcrumb-separator\">&raquo;<\/span><span class=\"aioseo-breadcrumb\">\n\t\t\t<a href=\"https:\/\/newsinfoco.com.br\/inicio\/category\/bahia\/\" title=\"Bahia\">Bahia<\/a>\n\t\t<\/span><span class=\"aioseo-breadcrumb-separator\">&raquo;<\/span><span class=\"aioseo-breadcrumb\">\n\t\t\t\u201cQue a Bahia continue a ser exce\u00e7\u00e3o no pa\u00eds\u201d, diz Rui em posse de secret\u00e1rios\n\t\t<\/span><\/div>","aioseo_breadcrumb_json":[{"label":"In\u00edcio","link":"https:\/\/newsinfoco.com.br\/inicio"},{"label":"Bahia","link":"https:\/\/newsinfoco.com.br\/inicio\/category\/bahia\/"},{"label":"\u201cQue a Bahia continue a ser exce\u00e7\u00e3o no pa\u00eds\u201d, diz Rui em posse de secret\u00e1rios","link":"https:\/\/newsinfoco.com.br\/inicio\/que-a-bahia-continue-a-ser-excecao-no-pais-diz-rui-em-posse-de-secretarios\/"}],"_links":{"self":[{"href":"https:\/\/newsinfoco.com.br\/inicio\/wp-json\/wp\/v2\/posts\/13370","targetHints":{"allow":["GET"]}}],"collection":[{"href":"https:\/\/newsinfoco.com.br\/inicio\/wp-json\/wp\/v2\/posts"}],"about":[{"href":"https:\/\/newsinfoco.com.br\/inicio\/wp-json\/wp\/v2\/types\/post"}],"author":[{"embeddable":true,"href":"https:\/\/newsinfoco.com.br\/inicio\/wp-json\/wp\/v2\/users\/1"}],"replies":[{"embeddable":true,"href":"https:\/\/newsinfoco.com.br\/inicio\/wp-json\/wp\/v2\/comments?post=13370"}],"version-history":[{"count":0,"href":"https:\/\/newsinfoco.com.br\/inicio\/wp-json\/wp\/v2\/posts\/13370\/revisions"}],"wp:featuredmedia":[{"embeddable":true,"href":"https:\/\/newsinfoco.com.br\/inicio\/wp-json\/wp\/v2\/media\/13372"}],"wp:attachment":[{"href":"https:\/\/newsinfoco.com.br\/inicio\/wp-json\/wp\/v2\/media?parent=13370"}],"wp:term":[{"taxonomy":"category","embeddable":true,"href":"https:\/\/newsinfoco.com.br\/inicio\/wp-json\/wp\/v2\/categories?post=13370"},{"taxonomy":"post_tag","embeddable":true,"href":"https:\/\/newsinfoco.com.br\/inicio\/wp-json\/wp\/v2\/tags?post=13370"}],"curies":[{"name":"wp","href":"https:\/\/api.w.org\/{rel}","templated":true}]}}