{"id":13376,"date":"2019-02-08T00:16:19","date_gmt":"2019-02-08T02:16:19","guid":{"rendered":"http:\/\/newsinfoco.com.br\/?p=13376"},"modified":"2019-02-08T00:16:19","modified_gmt":"2019-02-08T02:16:19","slug":"senador-pede-abertura-de-cpi-para-investigar-ativismo-judicial-dos-tribunais-superiores","status":"publish","type":"post","link":"https:\/\/newsinfoco.com.br\/inicio\/senador-pede-abertura-de-cpi-para-investigar-ativismo-judicial-dos-tribunais-superiores\/","title":{"rendered":"Senador pede abertura de CPI para investigar \u201cativismo judicial\u201d dos tribunais superiores"},"content":{"rendered":"<p style=\"text-align: justify;\">[sg_popup id=&#8221;11418&#8243; event=&#8221;inherit&#8221;][\/sg_popup]O senador Delegado Alessandro Vieira (PPS-SE) protocolou nesta quinta-feira, 7, um pedido de abertura de comiss\u00e3o parlamentar de inqu\u00e9rito (CPI) para investigar o \u201cativismo judicial\u201d de tribunais superiores do Pa\u00eds. O parlamentar j\u00e1 coletou as 27 assinaturas necess\u00e1rias e, agora, o pedido passar\u00e1 por uma an\u00e1lise da Secretaria-Geral da Casa. Em seguida, a CPI depende da leitura da Mesa Diretora do Senado, durante sess\u00e3o deliberativa, para ser instalada.<\/p>\n<p style=\"text-align: justify;\">No pedido, o parlamentar resume o motivo da CPI: \u201cinvestigar o exerc\u00edcio exacerbado de suas atribui\u00e7\u00f5es por parte de membros dos Tribunais Superiores do Pa\u00eds\u201d. No pedido, o parlamentar diz que a Justi\u00e7a brasileira convive com \u201cdecis\u00f5es contradit\u00f3rias\u201d para \u201ccasos id\u00eanticos\u201d, que, segundo ele, \u201cparecem flutuar conforme a conveni\u00eancia do julgador\u201d. Ele falou sobre o assunto tamb\u00e9m no Plen\u00e1rio. Segundo Alessandro Vieira, o \u201cobjetivo \u00e9 abrir a caixa-preta desse Poder que segue intocado\u201d. \u201cO \u00fanico que segue intocado na esfera da democracia brasileira. E s\u00f3 existe democracia quando a transpar\u00eancia chega a todos os lugares. A democracia n\u00e3o pode ser seletiva. As c\u00e2maras, as assembleias legislativas, os pal\u00e1cios do Executivo, este Congresso Nacional, j\u00e1 sentiram os efeitos da transpar\u00eancia e das investiga\u00e7\u00f5es claras, feitas tecnicamente. Os resultados est\u00e3o consubstanciados realmente em todo o Brasil\u201d, afirmou.<\/p>\n<p style=\"text-align: justify;\">O pedido, no entanto, precisa possuir um \u201cfato determinado\u201d, ou seja, uma raz\u00e3o objetiva que justifique a abertura da CPI. Isso deve ser analisado antes da leitura em sess\u00e3o deliberativa. Ao Estado, o ministro Marco Aur\u00e9lio Mello chamou aten\u00e7\u00e3o justamente para esse aspecto. \u201cA Constitui\u00e7\u00e3o \u00e9 clara e precisa ao exigir que haja um fato determinado. Qual \u00e9 o fato determinado? S\u00e3o coisas muito gen\u00e9ricas. CPI pressup\u00f5e algo concreto. Ou seja, como est\u00e1 na Constitui\u00e7\u00e3o, fato determinado. E qual \u00e9 o fato? J\u00e1 que se tem um leque de mat\u00e9rias? N\u00e3o vejo como retalia\u00e7\u00e3o, vejo como busca de servi\u00e7o por integrantes das duas casas. [O Judici\u00e1rio vai se intimidar?] N\u00e3o, de forma alguma. Por isso a cadeira \u00e9 vital\u00edcia\u201d, disse. Texto da CPI.<\/p>\n<p style=\"text-align: justify;\">No pedido em que justifica sua inten\u00e7\u00e3o, o senador cita alguns casos envolvendo diretamente ministros do Supremo Tribunal Federal, tal como \u201cos entendimentos d\u00edspares anotados primeiro pelo Ministro Marco Aur\u00e9lio e depois pelo Ministro Alexandre de Moraes no que toca \u00e0 determina\u00e7\u00e3o para que a C\u00e2mara dos Deputados desse continuidade \u00e0 tramita\u00e7\u00e3o de pedidos de Impeachment contra o ex-Presidente Michel Temer\u201d, escreveu. Outro exemplo mencionado pelo senado foi \u201ca concess\u00e3o do benef\u00edcio de pris\u00e3o domiciliar \u00e0 mulher do ex-governador do Rio de Janeiro, S\u00e9rgio Cabral\u201d e \u201ca suspens\u00e3o de depoimentos e a concess\u00e3o de ordem para a liberdade do empres\u00e1rio Jacob Barata Filho em decis\u00f5es prolatadas por julgador que tem rela\u00e7\u00e3o pessoal com o beneficiado\u201d.<\/p>\n<p style=\"text-align: justify;\">Por \u00faltimo, ele relembra a pol\u00eamica mais recente do Senado Federal, quando o presidente do STF, ministro Dias Toffoli, decidiu que a elei\u00e7\u00e3o interna da Casa fosse realizada por vota\u00e7\u00e3o secreta, mesmo depois de o Plen\u00e1rio decidir, por maioria, que o pleito seria decidido com voto aberto. \u201cDecis\u00e3o proferida \u00e0s 3h45 da manh\u00e3 interferindo em mat\u00e9ria interna corporis do Senado Federal, ignorando o que preceituam os artigos 59, 60 e 401 do Regimento Interno, para que a elei\u00e7\u00e3o de seu presidente fosse por voto fechado, em benepl\u00e1cito a pedido feito pelos partidos MDB e Solidariedade, parecem fazer ressurgir o Poder Moderador e distanciar o Judici\u00e1rio de sua fun\u00e7\u00e3o interpretativa e imparcial\u201d, justificou.<\/p>\n<p style=\"text-align: justify;\">No pedido, o senador ainda condena esse ativismo por parte de tribunais superiores. \u201cN\u00e3o deveria haver lugar para ideologias, paix\u00f5es ou vontades no Judici\u00e1rio, contudo, fato \u00e9 que o Pa\u00eds tem testemunhado com preocupante frequ\u00eancia a preval\u00eancia de decis\u00f5es judiciais movidas por indisfar\u00e7\u00e1vel ativismo pol\u00edtico, muitas vezes ao arrepio da pr\u00f3pria Constitui\u00e7\u00e3o\u201d, argumenta. Se instalada, a CPI dever\u00e1 ser composta por dez titulares e seis suplentes, podendo trabalhar por at\u00e9 120 dias, com limite or\u00e7ament\u00e1rio de R$ 30 mil. Para a instala\u00e7\u00e3o da CPI, o requerimento deve ser lido em Plen\u00e1rio em sess\u00e3o deliberativa. O requerimento destaca ainda que \u201cn\u00e3o se trata de perquirir as atribui\u00e7\u00f5es do Poder Judici\u00e1rio, mas sim de investigar condutas que extrapolem o exerc\u00edcio regular dessas compet\u00eancias\u201d.<\/p>\n<h6 style=\"text-align: right;\">Estadao<\/h6>\n<div class='share-to-whatsapp-wrapper'><div class='share-on-whsp'>Share on: <\/div><a data-text='Senador pede abertura de CPI para investigar \u201cativismo judicial\u201d dos tribunais superiores' data-link='https:\/\/newsinfoco.com.br\/inicio\/senador-pede-abertura-de-cpi-para-investigar-ativismo-judicial-dos-tribunais-superiores\/' class='whatsapp-button whatsapp-share'>WhatsApp<\/a><div class='clear '><\/div><\/div>","protected":false},"excerpt":{"rendered":"<p>[sg_popup id=&#8221;11418&#8243; event=&#8221;inherit&#8221;][\/sg_popup]O senador Delegado Alessandro Vieira (PPS-SE) protocolou nesta quinta-feira, 7, um pedido de abertura de comiss\u00e3o parlamentar de inqu\u00e9rito (CPI) para investigar o \u201cativismo judicial\u201d de tribunais superiores do Pa\u00eds. O parlamentar j\u00e1 coletou as 27 assinaturas necess\u00e1rias e, agora, o pedido passar\u00e1 por uma an\u00e1lise da Secretaria-Geral da Casa. Em seguida, a [&hellip;]<\/p>\n","protected":false},"author":1,"featured_media":10689,"comment_status":"open","ping_status":"open","sticky":false,"template":"","format":"standard","meta":{"om_disable_all_campaigns":false,"rop_custom_images_group":[],"rop_custom_messages_group":[],"rop_publish_now":"initial","rop_publish_now_accounts":[],"rop_publish_now_history":[],"rop_publish_now_status":"pending","_exactmetrics_skip_tracking":false,"footnotes":""},"categories":[21],"tags":[],"class_list":["post-13376","post","type-post","status-publish","format-standard","has-post-thumbnail","hentry","category-brasil"],"aioseo_notices":[],"aioseo_head":"\n\t\t<!-- All in One SEO 4.9.10 - aioseo.com -->\n\t<meta name=\"description\" content=\"[sg_popup id=&quot;11418&quot; event=&quot;inherit&quot;][\/sg_popup]O senador Delegado Alessandro Vieira (PPS-SE) protocolou nesta quinta-feira, 7, um pedido de abertura de comiss\u00e3o parlamentar de inqu\u00e9rito (CPI) para investigar o \u201cativismo judicial\u201d de tribunais superiores do Pa\u00eds. O parlamentar j\u00e1 coletou as 27 assinaturas necess\u00e1rias e, agora, o pedido passar\u00e1 por uma an\u00e1lise da Secretaria-Geral da Casa. Em seguida, a\" \/>\n\t<meta name=\"robots\" content=\"max-image-preview:large\" \/>\n\t<meta name=\"author\" content=\"administrador\"\/>\n\t<link rel=\"canonical\" href=\"https:\/\/newsinfoco.com.br\/inicio\/senador-pede-abertura-de-cpi-para-investigar-ativismo-judicial-dos-tribunais-superiores\/\" \/>\n\t<meta name=\"generator\" content=\"All in One SEO (AIOSEO) 4.9.10\" \/>\n\t\t<meta property=\"og:locale\" content=\"pt_BR\" \/>\n\t\t<meta property=\"og:site_name\" content=\"News In Foco - Editado por Caio Pimenta - O principal site de noticias de Alagoinhas e regi\u00e3o\" \/>\n\t\t<meta property=\"og:type\" content=\"article\" \/>\n\t\t<meta property=\"og:title\" content=\"Senador pede abertura de CPI para investigar \u201cativismo judicial\u201d dos tribunais superiores - News In Foco - Editado por Caio Pimenta\" \/>\n\t\t<meta property=\"og:description\" content=\"[sg_popup id=&quot;11418&quot; event=&quot;inherit&quot;][\/sg_popup]O senador Delegado Alessandro Vieira (PPS-SE) protocolou nesta quinta-feira, 7, um pedido de abertura de comiss\u00e3o parlamentar de inqu\u00e9rito (CPI) para investigar o \u201cativismo judicial\u201d de tribunais superiores do Pa\u00eds. O parlamentar j\u00e1 coletou as 27 assinaturas necess\u00e1rias e, agora, o pedido passar\u00e1 por uma an\u00e1lise da Secretaria-Geral da Casa. Em seguida, a\" \/>\n\t\t<meta property=\"og:url\" content=\"https:\/\/newsinfoco.com.br\/inicio\/senador-pede-abertura-de-cpi-para-investigar-ativismo-judicial-dos-tribunais-superiores\/\" \/>\n\t\t<meta property=\"article:published_time\" content=\"2019-02-08T02:16:19+00:00\" \/>\n\t\t<meta property=\"article:modified_time\" content=\"2019-02-08T02:16:19+00:00\" \/>\n\t\t<meta name=\"twitter:card\" content=\"summary_large_image\" \/>\n\t\t<meta name=\"twitter:title\" content=\"Senador pede abertura de CPI para investigar \u201cativismo judicial\u201d dos tribunais superiores - News In Foco - Editado por Caio Pimenta\" \/>\n\t\t<meta name=\"twitter:description\" content=\"[sg_popup id=&quot;11418&quot; event=&quot;inherit&quot;][\/sg_popup]O senador Delegado Alessandro Vieira (PPS-SE) protocolou nesta quinta-feira, 7, um pedido de abertura de comiss\u00e3o parlamentar de inqu\u00e9rito (CPI) para investigar o \u201cativismo judicial\u201d de tribunais superiores do Pa\u00eds. O parlamentar j\u00e1 coletou as 27 assinaturas necess\u00e1rias e, agora, o pedido passar\u00e1 por uma an\u00e1lise da Secretaria-Geral da Casa. Em seguida, a\" \/>\n\t\t<script type=\"application\/ld+json\" class=\"aioseo-schema\">\n\t\t\t{\"@context\":\"https:\\\/\\\/schema.org\",\"@graph\":[{\"@type\":\"BlogPosting\",\"@id\":\"https:\\\/\\\/newsinfoco.com.br\\\/inicio\\\/senador-pede-abertura-de-cpi-para-investigar-ativismo-judicial-dos-tribunais-superiores\\\/#blogposting\",\"name\":\"Senador pede abertura de CPI para investigar \\u201cativismo judicial\\u201d dos tribunais superiores - News In Foco - Editado por Caio Pimenta\",\"headline\":\"Senador pede abertura de CPI para investigar \\u201cativismo judicial\\u201d dos tribunais superiores\",\"author\":{\"@id\":\"https:\\\/\\\/newsinfoco.com.br\\\/inicio\\\/author\\\/administrador\\\/#author\"},\"publisher\":{\"@id\":\"https:\\\/\\\/newsinfoco.com.br\\\/inicio\\\/#organization\"},\"image\":{\"@type\":\"ImageObject\",\"url\":\"https:\\\/\\\/newsinfoco.com.br\\\/inicio\\\/wp-content\\\/uploads\\\/2018\\\/10\\\/stf.jpg\",\"width\":590,\"height\":320},\"datePublished\":\"2019-02-08T00:16:19-02:00\",\"dateModified\":\"2019-02-08T00:16:19-02:00\",\"inLanguage\":\"pt-BR\",\"mainEntityOfPage\":{\"@id\":\"https:\\\/\\\/newsinfoco.com.br\\\/inicio\\\/senador-pede-abertura-de-cpi-para-investigar-ativismo-judicial-dos-tribunais-superiores\\\/#webpage\"},\"isPartOf\":{\"@id\":\"https:\\\/\\\/newsinfoco.com.br\\\/inicio\\\/senador-pede-abertura-de-cpi-para-investigar-ativismo-judicial-dos-tribunais-superiores\\\/#webpage\"},\"articleSection\":\"Brasil\"},{\"@type\":\"BreadcrumbList\",\"@id\":\"https:\\\/\\\/newsinfoco.com.br\\\/inicio\\\/senador-pede-abertura-de-cpi-para-investigar-ativismo-judicial-dos-tribunais-superiores\\\/#breadcrumblist\",\"itemListElement\":[{\"@type\":\"ListItem\",\"@id\":\"https:\\\/\\\/newsinfoco.com.br\\\/inicio#listItem\",\"position\":1,\"name\":\"In\\u00edcio\",\"item\":\"https:\\\/\\\/newsinfoco.com.br\\\/inicio\",\"nextItem\":{\"@type\":\"ListItem\",\"@id\":\"https:\\\/\\\/newsinfoco.com.br\\\/inicio\\\/category\\\/brasil\\\/#listItem\",\"name\":\"Brasil\"}},{\"@type\":\"ListItem\",\"@id\":\"https:\\\/\\\/newsinfoco.com.br\\\/inicio\\\/category\\\/brasil\\\/#listItem\",\"position\":2,\"name\":\"Brasil\",\"item\":\"https:\\\/\\\/newsinfoco.com.br\\\/inicio\\\/category\\\/brasil\\\/\",\"nextItem\":{\"@type\":\"ListItem\",\"@id\":\"https:\\\/\\\/newsinfoco.com.br\\\/inicio\\\/senador-pede-abertura-de-cpi-para-investigar-ativismo-judicial-dos-tribunais-superiores\\\/#listItem\",\"name\":\"Senador pede abertura de CPI para investigar \\u201cativismo judicial\\u201d dos tribunais superiores\"},\"previousItem\":{\"@type\":\"ListItem\",\"@id\":\"https:\\\/\\\/newsinfoco.com.br\\\/inicio#listItem\",\"name\":\"In\\u00edcio\"}},{\"@type\":\"ListItem\",\"@id\":\"https:\\\/\\\/newsinfoco.com.br\\\/inicio\\\/senador-pede-abertura-de-cpi-para-investigar-ativismo-judicial-dos-tribunais-superiores\\\/#listItem\",\"position\":3,\"name\":\"Senador pede abertura de CPI para investigar \\u201cativismo judicial\\u201d dos tribunais superiores\",\"previousItem\":{\"@type\":\"ListItem\",\"@id\":\"https:\\\/\\\/newsinfoco.com.br\\\/inicio\\\/category\\\/brasil\\\/#listItem\",\"name\":\"Brasil\"}}]},{\"@type\":\"Organization\",\"@id\":\"https:\\\/\\\/newsinfoco.com.br\\\/inicio\\\/#organization\",\"name\":\"News In Foco - Editado por Caio Pimenta\",\"description\":\"O principal site de noticias de Alagoinhas e regi\\u00e3o\",\"url\":\"https:\\\/\\\/newsinfoco.com.br\\\/inicio\\\/\"},{\"@type\":\"Person\",\"@id\":\"https:\\\/\\\/newsinfoco.com.br\\\/inicio\\\/author\\\/administrador\\\/#author\",\"url\":\"https:\\\/\\\/newsinfoco.com.br\\\/inicio\\\/author\\\/administrador\\\/\",\"name\":\"administrador\",\"image\":{\"@type\":\"ImageObject\",\"@id\":\"https:\\\/\\\/newsinfoco.com.br\\\/inicio\\\/senador-pede-abertura-de-cpi-para-investigar-ativismo-judicial-dos-tribunais-superiores\\\/#authorImage\",\"url\":\"https:\\\/\\\/secure.gravatar.com\\\/avatar\\\/c17a617433de8c1dc9584bb79aab7563b46f5bb7e1728c9b17d9cc3ce6a08e49?s=96&d=mm&r=g\",\"width\":96,\"height\":96,\"caption\":\"administrador\"}},{\"@type\":\"WebPage\",\"@id\":\"https:\\\/\\\/newsinfoco.com.br\\\/inicio\\\/senador-pede-abertura-de-cpi-para-investigar-ativismo-judicial-dos-tribunais-superiores\\\/#webpage\",\"url\":\"https:\\\/\\\/newsinfoco.com.br\\\/inicio\\\/senador-pede-abertura-de-cpi-para-investigar-ativismo-judicial-dos-tribunais-superiores\\\/\",\"name\":\"Senador pede abertura de CPI para investigar \\u201cativismo judicial\\u201d dos tribunais superiores - News In Foco - Editado por Caio Pimenta\",\"description\":\"[sg_popup id=\\\"11418\\\" event=\\\"inherit\\\"][\\\/sg_popup]O senador Delegado Alessandro Vieira (PPS-SE) protocolou nesta quinta-feira, 7, um pedido de abertura de comiss\\u00e3o parlamentar de inqu\\u00e9rito (CPI) para investigar o \\u201cativismo judicial\\u201d de tribunais superiores do Pa\\u00eds. O parlamentar j\\u00e1 coletou as 27 assinaturas necess\\u00e1rias e, agora, o pedido passar\\u00e1 por uma an\\u00e1lise da Secretaria-Geral da Casa. Em seguida, a\",\"inLanguage\":\"pt-BR\",\"isPartOf\":{\"@id\":\"https:\\\/\\\/newsinfoco.com.br\\\/inicio\\\/#website\"},\"breadcrumb\":{\"@id\":\"https:\\\/\\\/newsinfoco.com.br\\\/inicio\\\/senador-pede-abertura-de-cpi-para-investigar-ativismo-judicial-dos-tribunais-superiores\\\/#breadcrumblist\"},\"author\":{\"@id\":\"https:\\\/\\\/newsinfoco.com.br\\\/inicio\\\/author\\\/administrador\\\/#author\"},\"creator\":{\"@id\":\"https:\\\/\\\/newsinfoco.com.br\\\/inicio\\\/author\\\/administrador\\\/#author\"},\"image\":{\"@type\":\"ImageObject\",\"url\":\"https:\\\/\\\/newsinfoco.com.br\\\/inicio\\\/wp-content\\\/uploads\\\/2018\\\/10\\\/stf.jpg\",\"@id\":\"https:\\\/\\\/newsinfoco.com.br\\\/inicio\\\/senador-pede-abertura-de-cpi-para-investigar-ativismo-judicial-dos-tribunais-superiores\\\/#mainImage\",\"width\":590,\"height\":320},\"primaryImageOfPage\":{\"@id\":\"https:\\\/\\\/newsinfoco.com.br\\\/inicio\\\/senador-pede-abertura-de-cpi-para-investigar-ativismo-judicial-dos-tribunais-superiores\\\/#mainImage\"},\"datePublished\":\"2019-02-08T00:16:19-02:00\",\"dateModified\":\"2019-02-08T00:16:19-02:00\"},{\"@type\":\"WebSite\",\"@id\":\"https:\\\/\\\/newsinfoco.com.br\\\/inicio\\\/#website\",\"url\":\"https:\\\/\\\/newsinfoco.com.br\\\/inicio\\\/\",\"name\":\"News In Foco - Editado por Caio Pimenta\",\"description\":\"O principal site de noticias de Alagoinhas e regi\\u00e3o\",\"inLanguage\":\"pt-BR\",\"publisher\":{\"@id\":\"https:\\\/\\\/newsinfoco.com.br\\\/inicio\\\/#organization\"}}]}\n\t\t<\/script>\n\t\t<!-- All in One SEO -->\n\n","aioseo_head_json":{"title":"Senador pede abertura de CPI para investigar \u201cativismo judicial\u201d dos tribunais superiores - News In Foco - Editado por Caio Pimenta","description":"[sg_popup id=\"11418\" event=\"inherit\"][\/sg_popup]O senador Delegado Alessandro Vieira (PPS-SE) protocolou nesta quinta-feira, 7, um pedido de abertura de comiss\u00e3o parlamentar de inqu\u00e9rito (CPI) para investigar o \u201cativismo judicial\u201d de tribunais superiores do Pa\u00eds. O parlamentar j\u00e1 coletou as 27 assinaturas necess\u00e1rias e, agora, o pedido passar\u00e1 por uma an\u00e1lise da Secretaria-Geral da Casa. Em seguida, a","canonical_url":"https:\/\/newsinfoco.com.br\/inicio\/senador-pede-abertura-de-cpi-para-investigar-ativismo-judicial-dos-tribunais-superiores\/","robots":"max-image-preview:large","keywords":"","webmasterTools":{"miscellaneous":""},"schema":{"@context":"https:\/\/schema.org","@graph":[{"@type":"BlogPosting","@id":"https:\/\/newsinfoco.com.br\/inicio\/senador-pede-abertura-de-cpi-para-investigar-ativismo-judicial-dos-tribunais-superiores\/#blogposting","name":"Senador pede abertura de CPI para investigar \u201cativismo judicial\u201d dos tribunais superiores - News In Foco - Editado por Caio Pimenta","headline":"Senador pede abertura de CPI para investigar \u201cativismo judicial\u201d dos tribunais superiores","author":{"@id":"https:\/\/newsinfoco.com.br\/inicio\/author\/administrador\/#author"},"publisher":{"@id":"https:\/\/newsinfoco.com.br\/inicio\/#organization"},"image":{"@type":"ImageObject","url":"https:\/\/newsinfoco.com.br\/inicio\/wp-content\/uploads\/2018\/10\/stf.jpg","width":590,"height":320},"datePublished":"2019-02-08T00:16:19-02:00","dateModified":"2019-02-08T00:16:19-02:00","inLanguage":"pt-BR","mainEntityOfPage":{"@id":"https:\/\/newsinfoco.com.br\/inicio\/senador-pede-abertura-de-cpi-para-investigar-ativismo-judicial-dos-tribunais-superiores\/#webpage"},"isPartOf":{"@id":"https:\/\/newsinfoco.com.br\/inicio\/senador-pede-abertura-de-cpi-para-investigar-ativismo-judicial-dos-tribunais-superiores\/#webpage"},"articleSection":"Brasil"},{"@type":"BreadcrumbList","@id":"https:\/\/newsinfoco.com.br\/inicio\/senador-pede-abertura-de-cpi-para-investigar-ativismo-judicial-dos-tribunais-superiores\/#breadcrumblist","itemListElement":[{"@type":"ListItem","@id":"https:\/\/newsinfoco.com.br\/inicio#listItem","position":1,"name":"In\u00edcio","item":"https:\/\/newsinfoco.com.br\/inicio","nextItem":{"@type":"ListItem","@id":"https:\/\/newsinfoco.com.br\/inicio\/category\/brasil\/#listItem","name":"Brasil"}},{"@type":"ListItem","@id":"https:\/\/newsinfoco.com.br\/inicio\/category\/brasil\/#listItem","position":2,"name":"Brasil","item":"https:\/\/newsinfoco.com.br\/inicio\/category\/brasil\/","nextItem":{"@type":"ListItem","@id":"https:\/\/newsinfoco.com.br\/inicio\/senador-pede-abertura-de-cpi-para-investigar-ativismo-judicial-dos-tribunais-superiores\/#listItem","name":"Senador pede abertura de CPI para investigar \u201cativismo judicial\u201d dos tribunais superiores"},"previousItem":{"@type":"ListItem","@id":"https:\/\/newsinfoco.com.br\/inicio#listItem","name":"In\u00edcio"}},{"@type":"ListItem","@id":"https:\/\/newsinfoco.com.br\/inicio\/senador-pede-abertura-de-cpi-para-investigar-ativismo-judicial-dos-tribunais-superiores\/#listItem","position":3,"name":"Senador pede abertura de CPI para investigar \u201cativismo judicial\u201d dos tribunais superiores","previousItem":{"@type":"ListItem","@id":"https:\/\/newsinfoco.com.br\/inicio\/category\/brasil\/#listItem","name":"Brasil"}}]},{"@type":"Organization","@id":"https:\/\/newsinfoco.com.br\/inicio\/#organization","name":"News In Foco - Editado por Caio Pimenta","description":"O principal site de noticias de Alagoinhas e regi\u00e3o","url":"https:\/\/newsinfoco.com.br\/inicio\/"},{"@type":"Person","@id":"https:\/\/newsinfoco.com.br\/inicio\/author\/administrador\/#author","url":"https:\/\/newsinfoco.com.br\/inicio\/author\/administrador\/","name":"administrador","image":{"@type":"ImageObject","@id":"https:\/\/newsinfoco.com.br\/inicio\/senador-pede-abertura-de-cpi-para-investigar-ativismo-judicial-dos-tribunais-superiores\/#authorImage","url":"https:\/\/secure.gravatar.com\/avatar\/c17a617433de8c1dc9584bb79aab7563b46f5bb7e1728c9b17d9cc3ce6a08e49?s=96&d=mm&r=g","width":96,"height":96,"caption":"administrador"}},{"@type":"WebPage","@id":"https:\/\/newsinfoco.com.br\/inicio\/senador-pede-abertura-de-cpi-para-investigar-ativismo-judicial-dos-tribunais-superiores\/#webpage","url":"https:\/\/newsinfoco.com.br\/inicio\/senador-pede-abertura-de-cpi-para-investigar-ativismo-judicial-dos-tribunais-superiores\/","name":"Senador pede abertura de CPI para investigar \u201cativismo judicial\u201d dos tribunais superiores - News In Foco - Editado por Caio Pimenta","description":"[sg_popup id=\"11418\" event=\"inherit\"][\/sg_popup]O senador Delegado Alessandro Vieira (PPS-SE) protocolou nesta quinta-feira, 7, um pedido de abertura de comiss\u00e3o parlamentar de inqu\u00e9rito (CPI) para investigar o \u201cativismo judicial\u201d de tribunais superiores do Pa\u00eds. O parlamentar j\u00e1 coletou as 27 assinaturas necess\u00e1rias e, agora, o pedido passar\u00e1 por uma an\u00e1lise da Secretaria-Geral da Casa. Em seguida, a","inLanguage":"pt-BR","isPartOf":{"@id":"https:\/\/newsinfoco.com.br\/inicio\/#website"},"breadcrumb":{"@id":"https:\/\/newsinfoco.com.br\/inicio\/senador-pede-abertura-de-cpi-para-investigar-ativismo-judicial-dos-tribunais-superiores\/#breadcrumblist"},"author":{"@id":"https:\/\/newsinfoco.com.br\/inicio\/author\/administrador\/#author"},"creator":{"@id":"https:\/\/newsinfoco.com.br\/inicio\/author\/administrador\/#author"},"image":{"@type":"ImageObject","url":"https:\/\/newsinfoco.com.br\/inicio\/wp-content\/uploads\/2018\/10\/stf.jpg","@id":"https:\/\/newsinfoco.com.br\/inicio\/senador-pede-abertura-de-cpi-para-investigar-ativismo-judicial-dos-tribunais-superiores\/#mainImage","width":590,"height":320},"primaryImageOfPage":{"@id":"https:\/\/newsinfoco.com.br\/inicio\/senador-pede-abertura-de-cpi-para-investigar-ativismo-judicial-dos-tribunais-superiores\/#mainImage"},"datePublished":"2019-02-08T00:16:19-02:00","dateModified":"2019-02-08T00:16:19-02:00"},{"@type":"WebSite","@id":"https:\/\/newsinfoco.com.br\/inicio\/#website","url":"https:\/\/newsinfoco.com.br\/inicio\/","name":"News In Foco - Editado por Caio Pimenta","description":"O principal site de noticias de Alagoinhas e regi\u00e3o","inLanguage":"pt-BR","publisher":{"@id":"https:\/\/newsinfoco.com.br\/inicio\/#organization"}}]},"og:locale":"pt_BR","og:site_name":"News In Foco - Editado por Caio Pimenta - O principal site de noticias de Alagoinhas e regi\u00e3o","og:type":"article","og:title":"Senador pede abertura de CPI para investigar \u201cativismo judicial\u201d dos tribunais superiores - News In Foco - Editado por Caio Pimenta","og:description":"[sg_popup id=&quot;11418&quot; event=&quot;inherit&quot;][\/sg_popup]O senador Delegado Alessandro Vieira (PPS-SE) protocolou nesta quinta-feira, 7, um pedido de abertura de comiss\u00e3o parlamentar de inqu\u00e9rito (CPI) para investigar o \u201cativismo judicial\u201d de tribunais superiores do Pa\u00eds. O parlamentar j\u00e1 coletou as 27 assinaturas necess\u00e1rias e, agora, o pedido passar\u00e1 por uma an\u00e1lise da Secretaria-Geral da Casa. Em seguida, a","og:url":"https:\/\/newsinfoco.com.br\/inicio\/senador-pede-abertura-de-cpi-para-investigar-ativismo-judicial-dos-tribunais-superiores\/","article:published_time":"2019-02-08T02:16:19+00:00","article:modified_time":"2019-02-08T02:16:19+00:00","twitter:card":"summary_large_image","twitter:title":"Senador pede abertura de CPI para investigar \u201cativismo judicial\u201d dos tribunais superiores - News In Foco - Editado por Caio Pimenta","twitter:description":"[sg_popup id=&quot;11418&quot; event=&quot;inherit&quot;][\/sg_popup]O senador Delegado Alessandro Vieira (PPS-SE) protocolou nesta quinta-feira, 7, um pedido de abertura de comiss\u00e3o parlamentar de inqu\u00e9rito (CPI) para investigar o \u201cativismo judicial\u201d de tribunais superiores do Pa\u00eds. O parlamentar j\u00e1 coletou as 27 assinaturas necess\u00e1rias e, agora, o pedido passar\u00e1 por uma an\u00e1lise da Secretaria-Geral da Casa. Em seguida, a"},"aioseo_meta_data":{"post_id":"13376","title":null,"description":null,"keywords":null,"keyphrases":null,"primary_term":null,"canonical_url":null,"og_title":null,"og_description":null,"og_object_type":"default","og_image_type":"default","og_image_url":null,"og_image_width":null,"og_image_height":null,"og_image_custom_url":null,"og_image_custom_fields":null,"og_video":null,"og_custom_url":null,"og_article_section":null,"og_article_tags":null,"twitter_use_og":false,"twitter_card":"default","twitter_image_type":"default","twitter_image_url":null,"twitter_image_custom_url":null,"twitter_image_custom_fields":null,"twitter_title":null,"twitter_description":null,"schema":{"blockGraphs":[],"customGraphs":[],"default":{"data":{"Article":[],"Course":[],"Dataset":[],"FAQPage":[],"Movie":[],"Person":[],"Product":[],"ProductReview":[],"Car":[],"Recipe":[],"Service":[],"SoftwareApplication":[],"WebPage":[]},"graphName":"","isEnabled":true},"graphs":[]},"schema_type":"default","schema_type_options":null,"pillar_content":false,"robots_default":true,"robots_noindex":false,"robots_noarchive":false,"robots_nosnippet":false,"robots_nofollow":false,"robots_noimageindex":false,"robots_noodp":false,"robots_notranslate":false,"robots_max_snippet":null,"robots_max_videopreview":null,"robots_max_imagepreview":"large","priority":null,"frequency":null,"local_seo":null,"breadcrumb_settings":null,"limit_modified_date":false,"ai":null,"created":"2023-06-12 12:21:09","updated":"2025-07-10 23:16:56","seo_analyzer_scan_date":null},"aioseo_breadcrumb":"<div class=\"aioseo-breadcrumbs\"><span class=\"aioseo-breadcrumb\">\n\t\t\t<a href=\"https:\/\/newsinfoco.com.br\/inicio\" title=\"In\u00edcio\">In\u00edcio<\/a>\n\t\t<\/span><span class=\"aioseo-breadcrumb-separator\">&raquo;<\/span><span class=\"aioseo-breadcrumb\">\n\t\t\t<a href=\"https:\/\/newsinfoco.com.br\/inicio\/category\/brasil\/\" title=\"Brasil\">Brasil<\/a>\n\t\t<\/span><span class=\"aioseo-breadcrumb-separator\">&raquo;<\/span><span class=\"aioseo-breadcrumb\">\n\t\t\tSenador pede abertura de CPI para investigar \u201cativismo judicial\u201d dos tribunais superiores\n\t\t<\/span><\/div>","aioseo_breadcrumb_json":[{"label":"In\u00edcio","link":"https:\/\/newsinfoco.com.br\/inicio"},{"label":"Brasil","link":"https:\/\/newsinfoco.com.br\/inicio\/category\/brasil\/"},{"label":"Senador pede abertura de CPI para investigar \u201cativismo judicial\u201d dos tribunais superiores","link":"https:\/\/newsinfoco.com.br\/inicio\/senador-pede-abertura-de-cpi-para-investigar-ativismo-judicial-dos-tribunais-superiores\/"}],"_links":{"self":[{"href":"https:\/\/newsinfoco.com.br\/inicio\/wp-json\/wp\/v2\/posts\/13376","targetHints":{"allow":["GET"]}}],"collection":[{"href":"https:\/\/newsinfoco.com.br\/inicio\/wp-json\/wp\/v2\/posts"}],"about":[{"href":"https:\/\/newsinfoco.com.br\/inicio\/wp-json\/wp\/v2\/types\/post"}],"author":[{"embeddable":true,"href":"https:\/\/newsinfoco.com.br\/inicio\/wp-json\/wp\/v2\/users\/1"}],"replies":[{"embeddable":true,"href":"https:\/\/newsinfoco.com.br\/inicio\/wp-json\/wp\/v2\/comments?post=13376"}],"version-history":[{"count":0,"href":"https:\/\/newsinfoco.com.br\/inicio\/wp-json\/wp\/v2\/posts\/13376\/revisions"}],"wp:featuredmedia":[{"embeddable":true,"href":"https:\/\/newsinfoco.com.br\/inicio\/wp-json\/wp\/v2\/media\/10689"}],"wp:attachment":[{"href":"https:\/\/newsinfoco.com.br\/inicio\/wp-json\/wp\/v2\/media?parent=13376"}],"wp:term":[{"taxonomy":"category","embeddable":true,"href":"https:\/\/newsinfoco.com.br\/inicio\/wp-json\/wp\/v2\/categories?post=13376"},{"taxonomy":"post_tag","embeddable":true,"href":"https:\/\/newsinfoco.com.br\/inicio\/wp-json\/wp\/v2\/tags?post=13376"}],"curies":[{"name":"wp","href":"https:\/\/api.w.org\/{rel}","templated":true}]}}