{"id":13378,"date":"2019-02-08T00:20:21","date_gmt":"2019-02-08T02:20:21","guid":{"rendered":"http:\/\/newsinfoco.com.br\/?p=13378"},"modified":"2019-02-08T00:20:21","modified_gmt":"2019-02-08T02:20:21","slug":"nove-estados-pedem-ao-stf-para-reduzir-salarios-e-carga-horaria-de-servidores","status":"publish","type":"post","link":"https:\/\/newsinfoco.com.br\/inicio\/nove-estados-pedem-ao-stf-para-reduzir-salarios-e-carga-horaria-de-servidores\/","title":{"rendered":"Nove Estados pedem ao STF para reduzir sal\u00e1rios e carga hor\u00e1ria de servidores"},"content":{"rendered":"<p style=\"text-align: justify;\">[sg_popup id=&#8221;11418&#8243; event=&#8221;inherit&#8221;][\/sg_popup]Em carta enviada ao Supremo Tribunal Federal (STF), secret\u00e1rios da Fazenda de nove Estados pediram a aprova\u00e7\u00e3o de proposta que permite a redu\u00e7\u00e3o de sal\u00e1rio e carga hor\u00e1ria de servidores p\u00fablicos. O julgamento da a\u00e7\u00e3o que trata do assunto est\u00e1 marcado para 27 de fevereiro.<\/p>\n<p style=\"text-align: justify;\">Conforme mostrou o Estado no m\u00eas passado, governadores que assumiram em janeiro e herdaram or\u00e7amentos deficit\u00e1rios apostam em uma decis\u00e3o favor\u00e1vel do Supremo para aliviar as contas. A carta foi entregue na segunda-feira, 4, ao ministro Dias Toffoli, presidente do Supremo, pelo governador de Goi\u00e1s, Ronaldo Caiado (DEM). Al\u00e9m da Secretaria da Fazenda de Goi\u00e1s, assinaram o documento representantes dos governos do Rio de Janeiro, Minas Gerais, Rio Grande do Sul, Paran\u00e1, Cear\u00e1, Par\u00e1, Alagoas e Mato Grosso do Sul. A quest\u00e3o ser\u00e1 discutida por meio de uma A\u00e7\u00e3o Direta de Inconstitucionalidade (ADI) apresentada por PCdoB, PT e PSB que questiona artigos da Lei de Responsabilidade Fiscal (LRF).<\/p>\n<p style=\"text-align: justify;\">Os Estados pedem que a Corte restabele\u00e7a a possibilidade de reduzir sal\u00e1rios de servidores quando os gastos com a folha de pagamentos superam o limite m\u00e1ximo na lei. O relator atual do caso no STF \u00e9 o ministro Alexandre de Moraes. A discuss\u00e3o em torno desses mecanismos da LRF se arrasta h\u00e1 quase duas d\u00e9cadas e ganhou relev\u00e2ncia diante da decreta\u00e7\u00e3o de \u201ccalamidade financeira\u201d por sete Estados desde o in\u00edcio do ano. Goi\u00e1s foi o mais recente a entrar na lista, composta por Roraima, Rio Grande do Norte, Mato Grosso, Rio, Minas Gerais e Rio Grande do Sul \u2013 todos enfrentam dificuldades para bancar despesas obrigat\u00f3rias com funcion\u00e1rios e fornecedores.<\/p>\n<p style=\"text-align: justify;\">Al\u00e9m de discutir a possibilidade de redu\u00e7\u00e3o salarial, os ministros ainda v\u00e3o avaliar um segundo dispositivo da lei suspenso que permitiria aos governantes promover cortes lineares no or\u00e7amento quando a arrecada\u00e7\u00e3o prevista n\u00e3o se concretizasse. Se liberado, o governo poder\u00e1 dividir a conta com os poderes Legislativo e Judici\u00e1rio \u2013 o custo de ambos tamb\u00e9m recai sobre o Executivo. \u201cOs Estados possuem 70% de suas receitas consumidas com folha de pagamento. N\u00e3o \u00e9 s\u00f3 reduzindo consumo de energia e de combust\u00edvel que se vai resolver o problema fiscal dos Estados. Vamos ter de discutir a folha de pagamento\u201d, afirmou ao Estado o governador do Rio Grande do Sul, Eduardo Leite (PSDB).<\/p>\n<p style=\"text-align: justify;\">De acordo com a secret\u00e1ria da Fazenda de Goi\u00e1s, Cristiane Schmidt, o principal objetivo dos secret\u00e1rios \u00e9 o de sensibilizar os ministros quanto \u00e0 import\u00e2ncia de seus votos para salvar as contas dos Estados. \u201c\u00c9 importante, neste momento, que haja uma mobiliza\u00e7\u00e3o generalizada, tanto dos Poderes como da sociedade. Caso contr\u00e1rio, n\u00e3o haver\u00e1 condi\u00e7\u00f5es para atender nem sequer aos mais necessitados\u201d, disse ela. O processo n\u00e3o \u00e9 o \u00fanico que leva governadores a buscar o Supremo atr\u00e1s de um al\u00edvio para as contas p\u00fablicas. Anteontem, governadores de cinco Estados do Nordeste tamb\u00e9m estiveram com o presidente da Corte para pedir maior celeridade em julgamentos que t\u00eam potencial de melhorar a situa\u00e7\u00e3o fiscal dessas regi\u00f5es.<\/p>\n<p style=\"text-align: justify;\">Entre os projetos de interesse, est\u00e3o aqueles que envolvem recursos para educa\u00e7\u00e3o e pagamento de royalties. O presidente da Confedera\u00e7\u00e3o dos Servidores P\u00fablicos do Brasil (CSPB), Jo\u00e3o Domingos Gomes, disse que a categoria recebeu com \u201cperplexidade e indigna\u00e7\u00e3o\u201d a informa\u00e7\u00e3o sobre a carta. Ele a classificou como \u201cabsolutamente inconstitucional\u201d. A confedera\u00e7\u00e3o planeja apresentar argumentos contr\u00e1rios ao pr\u00f3prio Supremo. \u201cN\u00e3o ser\u00e1 aceito de forma nenhuma\u201d.<\/p>\n<h6 style=\"text-align: right;\">Estadao<\/h6>\n<div class='share-to-whatsapp-wrapper'><div class='share-on-whsp'>Share on: <\/div><a data-text='Nove Estados pedem ao STF para reduzir sal\u00e1rios e carga hor\u00e1ria de servidores' data-link='https:\/\/newsinfoco.com.br\/inicio\/nove-estados-pedem-ao-stf-para-reduzir-salarios-e-carga-horaria-de-servidores\/' class='whatsapp-button whatsapp-share'>WhatsApp<\/a><div class='clear '><\/div><\/div>","protected":false},"excerpt":{"rendered":"<p>[sg_popup id=&#8221;11418&#8243; event=&#8221;inherit&#8221;][\/sg_popup]Em carta enviada ao Supremo Tribunal Federal (STF), secret\u00e1rios da Fazenda de nove Estados pediram a aprova\u00e7\u00e3o de proposta que permite a redu\u00e7\u00e3o de sal\u00e1rio e carga hor\u00e1ria de servidores p\u00fablicos. O julgamento da a\u00e7\u00e3o que trata do assunto est\u00e1 marcado para 27 de fevereiro. Conforme mostrou o Estado no m\u00eas passado, governadores [&hellip;]<\/p>\n","protected":false},"author":1,"featured_media":13379,"comment_status":"open","ping_status":"open","sticky":false,"template":"","format":"standard","meta":{"om_disable_all_campaigns":false,"rop_custom_images_group":[],"rop_custom_messages_group":[],"rop_publish_now":"initial","rop_publish_now_accounts":[],"rop_publish_now_history":[],"rop_publish_now_status":"pending","_exactmetrics_skip_tracking":false,"footnotes":""},"categories":[21],"tags":[],"class_list":["post-13378","post","type-post","status-publish","format-standard","has-post-thumbnail","hentry","category-brasil"],"aioseo_notices":[],"aioseo_head":"\n\t\t<!-- All in One SEO 4.9.10 - aioseo.com -->\n\t<meta name=\"description\" content=\"[sg_popup id=&quot;11418&quot; event=&quot;inherit&quot;][\/sg_popup]Em carta enviada ao Supremo Tribunal Federal (STF), secret\u00e1rios da Fazenda de nove Estados pediram a aprova\u00e7\u00e3o de proposta que permite a redu\u00e7\u00e3o de sal\u00e1rio e carga hor\u00e1ria de servidores p\u00fablicos. O julgamento da a\u00e7\u00e3o que trata do assunto est\u00e1 marcado para 27 de fevereiro. Conforme mostrou o Estado no m\u00eas passado, governadores\" \/>\n\t<meta name=\"robots\" content=\"max-image-preview:large\" \/>\n\t<meta name=\"author\" content=\"administrador\"\/>\n\t<link rel=\"canonical\" href=\"https:\/\/newsinfoco.com.br\/inicio\/nove-estados-pedem-ao-stf-para-reduzir-salarios-e-carga-horaria-de-servidores\/\" \/>\n\t<meta name=\"generator\" content=\"All in One SEO (AIOSEO) 4.9.10\" \/>\n\t\t<meta property=\"og:locale\" content=\"pt_BR\" \/>\n\t\t<meta property=\"og:site_name\" content=\"News In Foco - Editado por Caio Pimenta - O principal site de noticias de Alagoinhas e regi\u00e3o\" \/>\n\t\t<meta property=\"og:type\" content=\"article\" \/>\n\t\t<meta property=\"og:title\" content=\"Nove Estados pedem ao STF para reduzir sal\u00e1rios e carga hor\u00e1ria de servidores - News In Foco - Editado por Caio Pimenta\" \/>\n\t\t<meta property=\"og:description\" content=\"[sg_popup id=&quot;11418&quot; event=&quot;inherit&quot;][\/sg_popup]Em carta enviada ao Supremo Tribunal Federal (STF), secret\u00e1rios da Fazenda de nove Estados pediram a aprova\u00e7\u00e3o de proposta que permite a redu\u00e7\u00e3o de sal\u00e1rio e carga hor\u00e1ria de servidores p\u00fablicos. O julgamento da a\u00e7\u00e3o que trata do assunto est\u00e1 marcado para 27 de fevereiro. Conforme mostrou o Estado no m\u00eas passado, governadores\" \/>\n\t\t<meta property=\"og:url\" content=\"https:\/\/newsinfoco.com.br\/inicio\/nove-estados-pedem-ao-stf-para-reduzir-salarios-e-carga-horaria-de-servidores\/\" \/>\n\t\t<meta property=\"article:published_time\" content=\"2019-02-08T02:20:21+00:00\" \/>\n\t\t<meta property=\"article:modified_time\" content=\"2019-02-08T02:20:21+00:00\" \/>\n\t\t<meta name=\"twitter:card\" content=\"summary_large_image\" \/>\n\t\t<meta name=\"twitter:title\" content=\"Nove Estados pedem ao STF para reduzir sal\u00e1rios e carga hor\u00e1ria de servidores - News In Foco - Editado por Caio Pimenta\" \/>\n\t\t<meta name=\"twitter:description\" content=\"[sg_popup id=&quot;11418&quot; event=&quot;inherit&quot;][\/sg_popup]Em carta enviada ao Supremo Tribunal Federal (STF), secret\u00e1rios da Fazenda de nove Estados pediram a aprova\u00e7\u00e3o de proposta que permite a redu\u00e7\u00e3o de sal\u00e1rio e carga hor\u00e1ria de servidores p\u00fablicos. O julgamento da a\u00e7\u00e3o que trata do assunto est\u00e1 marcado para 27 de fevereiro. Conforme mostrou o Estado no m\u00eas passado, governadores\" \/>\n\t\t<script type=\"application\/ld+json\" class=\"aioseo-schema\">\n\t\t\t{\"@context\":\"https:\\\/\\\/schema.org\",\"@graph\":[{\"@type\":\"BlogPosting\",\"@id\":\"https:\\\/\\\/newsinfoco.com.br\\\/inicio\\\/nove-estados-pedem-ao-stf-para-reduzir-salarios-e-carga-horaria-de-servidores\\\/#blogposting\",\"name\":\"Nove Estados pedem ao STF para reduzir sal\\u00e1rios e carga hor\\u00e1ria de servidores - News In Foco - Editado por Caio Pimenta\",\"headline\":\"Nove Estados pedem ao STF para reduzir sal\\u00e1rios e carga hor\\u00e1ria de servidores\",\"author\":{\"@id\":\"https:\\\/\\\/newsinfoco.com.br\\\/inicio\\\/author\\\/administrador\\\/#author\"},\"publisher\":{\"@id\":\"https:\\\/\\\/newsinfoco.com.br\\\/inicio\\\/#organization\"},\"image\":{\"@type\":\"ImageObject\",\"url\":\"https:\\\/\\\/newsinfoco.com.br\\\/inicio\\\/wp-content\\\/uploads\\\/2019\\\/02\\\/eea90f7e4a741fcc10f74560fce67056.jpg\",\"width\":590,\"height\":320,\"caption\":\"Plen\\u00e1rio do Supremo Tribunal Federal\"},\"datePublished\":\"2019-02-08T00:20:21-02:00\",\"dateModified\":\"2019-02-08T00:20:21-02:00\",\"inLanguage\":\"pt-BR\",\"mainEntityOfPage\":{\"@id\":\"https:\\\/\\\/newsinfoco.com.br\\\/inicio\\\/nove-estados-pedem-ao-stf-para-reduzir-salarios-e-carga-horaria-de-servidores\\\/#webpage\"},\"isPartOf\":{\"@id\":\"https:\\\/\\\/newsinfoco.com.br\\\/inicio\\\/nove-estados-pedem-ao-stf-para-reduzir-salarios-e-carga-horaria-de-servidores\\\/#webpage\"},\"articleSection\":\"Brasil\"},{\"@type\":\"BreadcrumbList\",\"@id\":\"https:\\\/\\\/newsinfoco.com.br\\\/inicio\\\/nove-estados-pedem-ao-stf-para-reduzir-salarios-e-carga-horaria-de-servidores\\\/#breadcrumblist\",\"itemListElement\":[{\"@type\":\"ListItem\",\"@id\":\"https:\\\/\\\/newsinfoco.com.br\\\/inicio#listItem\",\"position\":1,\"name\":\"In\\u00edcio\",\"item\":\"https:\\\/\\\/newsinfoco.com.br\\\/inicio\",\"nextItem\":{\"@type\":\"ListItem\",\"@id\":\"https:\\\/\\\/newsinfoco.com.br\\\/inicio\\\/category\\\/brasil\\\/#listItem\",\"name\":\"Brasil\"}},{\"@type\":\"ListItem\",\"@id\":\"https:\\\/\\\/newsinfoco.com.br\\\/inicio\\\/category\\\/brasil\\\/#listItem\",\"position\":2,\"name\":\"Brasil\",\"item\":\"https:\\\/\\\/newsinfoco.com.br\\\/inicio\\\/category\\\/brasil\\\/\",\"nextItem\":{\"@type\":\"ListItem\",\"@id\":\"https:\\\/\\\/newsinfoco.com.br\\\/inicio\\\/nove-estados-pedem-ao-stf-para-reduzir-salarios-e-carga-horaria-de-servidores\\\/#listItem\",\"name\":\"Nove Estados pedem ao STF para reduzir sal\\u00e1rios e carga hor\\u00e1ria de servidores\"},\"previousItem\":{\"@type\":\"ListItem\",\"@id\":\"https:\\\/\\\/newsinfoco.com.br\\\/inicio#listItem\",\"name\":\"In\\u00edcio\"}},{\"@type\":\"ListItem\",\"@id\":\"https:\\\/\\\/newsinfoco.com.br\\\/inicio\\\/nove-estados-pedem-ao-stf-para-reduzir-salarios-e-carga-horaria-de-servidores\\\/#listItem\",\"position\":3,\"name\":\"Nove Estados pedem ao STF para reduzir sal\\u00e1rios e carga hor\\u00e1ria de servidores\",\"previousItem\":{\"@type\":\"ListItem\",\"@id\":\"https:\\\/\\\/newsinfoco.com.br\\\/inicio\\\/category\\\/brasil\\\/#listItem\",\"name\":\"Brasil\"}}]},{\"@type\":\"Organization\",\"@id\":\"https:\\\/\\\/newsinfoco.com.br\\\/inicio\\\/#organization\",\"name\":\"News In Foco - Editado por Caio Pimenta\",\"description\":\"O principal site de noticias de Alagoinhas e regi\\u00e3o\",\"url\":\"https:\\\/\\\/newsinfoco.com.br\\\/inicio\\\/\"},{\"@type\":\"Person\",\"@id\":\"https:\\\/\\\/newsinfoco.com.br\\\/inicio\\\/author\\\/administrador\\\/#author\",\"url\":\"https:\\\/\\\/newsinfoco.com.br\\\/inicio\\\/author\\\/administrador\\\/\",\"name\":\"administrador\",\"image\":{\"@type\":\"ImageObject\",\"@id\":\"https:\\\/\\\/newsinfoco.com.br\\\/inicio\\\/nove-estados-pedem-ao-stf-para-reduzir-salarios-e-carga-horaria-de-servidores\\\/#authorImage\",\"url\":\"https:\\\/\\\/secure.gravatar.com\\\/avatar\\\/c17a617433de8c1dc9584bb79aab7563b46f5bb7e1728c9b17d9cc3ce6a08e49?s=96&d=mm&r=g\",\"width\":96,\"height\":96,\"caption\":\"administrador\"}},{\"@type\":\"WebPage\",\"@id\":\"https:\\\/\\\/newsinfoco.com.br\\\/inicio\\\/nove-estados-pedem-ao-stf-para-reduzir-salarios-e-carga-horaria-de-servidores\\\/#webpage\",\"url\":\"https:\\\/\\\/newsinfoco.com.br\\\/inicio\\\/nove-estados-pedem-ao-stf-para-reduzir-salarios-e-carga-horaria-de-servidores\\\/\",\"name\":\"Nove Estados pedem ao STF para reduzir sal\\u00e1rios e carga hor\\u00e1ria de servidores - News In Foco - Editado por Caio Pimenta\",\"description\":\"[sg_popup id=\\\"11418\\\" event=\\\"inherit\\\"][\\\/sg_popup]Em carta enviada ao Supremo Tribunal Federal (STF), secret\\u00e1rios da Fazenda de nove Estados pediram a aprova\\u00e7\\u00e3o de proposta que permite a redu\\u00e7\\u00e3o de sal\\u00e1rio e carga hor\\u00e1ria de servidores p\\u00fablicos. O julgamento da a\\u00e7\\u00e3o que trata do assunto est\\u00e1 marcado para 27 de fevereiro. Conforme mostrou o Estado no m\\u00eas passado, governadores\",\"inLanguage\":\"pt-BR\",\"isPartOf\":{\"@id\":\"https:\\\/\\\/newsinfoco.com.br\\\/inicio\\\/#website\"},\"breadcrumb\":{\"@id\":\"https:\\\/\\\/newsinfoco.com.br\\\/inicio\\\/nove-estados-pedem-ao-stf-para-reduzir-salarios-e-carga-horaria-de-servidores\\\/#breadcrumblist\"},\"author\":{\"@id\":\"https:\\\/\\\/newsinfoco.com.br\\\/inicio\\\/author\\\/administrador\\\/#author\"},\"creator\":{\"@id\":\"https:\\\/\\\/newsinfoco.com.br\\\/inicio\\\/author\\\/administrador\\\/#author\"},\"image\":{\"@type\":\"ImageObject\",\"url\":\"https:\\\/\\\/newsinfoco.com.br\\\/inicio\\\/wp-content\\\/uploads\\\/2019\\\/02\\\/eea90f7e4a741fcc10f74560fce67056.jpg\",\"@id\":\"https:\\\/\\\/newsinfoco.com.br\\\/inicio\\\/nove-estados-pedem-ao-stf-para-reduzir-salarios-e-carga-horaria-de-servidores\\\/#mainImage\",\"width\":590,\"height\":320,\"caption\":\"Plen\\u00e1rio do Supremo Tribunal Federal\"},\"primaryImageOfPage\":{\"@id\":\"https:\\\/\\\/newsinfoco.com.br\\\/inicio\\\/nove-estados-pedem-ao-stf-para-reduzir-salarios-e-carga-horaria-de-servidores\\\/#mainImage\"},\"datePublished\":\"2019-02-08T00:20:21-02:00\",\"dateModified\":\"2019-02-08T00:20:21-02:00\"},{\"@type\":\"WebSite\",\"@id\":\"https:\\\/\\\/newsinfoco.com.br\\\/inicio\\\/#website\",\"url\":\"https:\\\/\\\/newsinfoco.com.br\\\/inicio\\\/\",\"name\":\"News In Foco - Editado por Caio Pimenta\",\"description\":\"O principal site de noticias de Alagoinhas e regi\\u00e3o\",\"inLanguage\":\"pt-BR\",\"publisher\":{\"@id\":\"https:\\\/\\\/newsinfoco.com.br\\\/inicio\\\/#organization\"}}]}\n\t\t<\/script>\n\t\t<!-- All in One SEO -->\n\n","aioseo_head_json":{"title":"Nove Estados pedem ao STF para reduzir sal\u00e1rios e carga hor\u00e1ria de servidores - News In Foco - Editado por Caio Pimenta","description":"[sg_popup id=\"11418\" event=\"inherit\"][\/sg_popup]Em carta enviada ao Supremo Tribunal Federal (STF), secret\u00e1rios da Fazenda de nove Estados pediram a aprova\u00e7\u00e3o de proposta que permite a redu\u00e7\u00e3o de sal\u00e1rio e carga hor\u00e1ria de servidores p\u00fablicos. O julgamento da a\u00e7\u00e3o que trata do assunto est\u00e1 marcado para 27 de fevereiro. Conforme mostrou o Estado no m\u00eas passado, governadores","canonical_url":"https:\/\/newsinfoco.com.br\/inicio\/nove-estados-pedem-ao-stf-para-reduzir-salarios-e-carga-horaria-de-servidores\/","robots":"max-image-preview:large","keywords":"","webmasterTools":{"miscellaneous":""},"schema":{"@context":"https:\/\/schema.org","@graph":[{"@type":"BlogPosting","@id":"https:\/\/newsinfoco.com.br\/inicio\/nove-estados-pedem-ao-stf-para-reduzir-salarios-e-carga-horaria-de-servidores\/#blogposting","name":"Nove Estados pedem ao STF para reduzir sal\u00e1rios e carga hor\u00e1ria de servidores - News In Foco - Editado por Caio Pimenta","headline":"Nove Estados pedem ao STF para reduzir sal\u00e1rios e carga hor\u00e1ria de servidores","author":{"@id":"https:\/\/newsinfoco.com.br\/inicio\/author\/administrador\/#author"},"publisher":{"@id":"https:\/\/newsinfoco.com.br\/inicio\/#organization"},"image":{"@type":"ImageObject","url":"https:\/\/newsinfoco.com.br\/inicio\/wp-content\/uploads\/2019\/02\/eea90f7e4a741fcc10f74560fce67056.jpg","width":590,"height":320,"caption":"Plen\u00e1rio do Supremo Tribunal Federal"},"datePublished":"2019-02-08T00:20:21-02:00","dateModified":"2019-02-08T00:20:21-02:00","inLanguage":"pt-BR","mainEntityOfPage":{"@id":"https:\/\/newsinfoco.com.br\/inicio\/nove-estados-pedem-ao-stf-para-reduzir-salarios-e-carga-horaria-de-servidores\/#webpage"},"isPartOf":{"@id":"https:\/\/newsinfoco.com.br\/inicio\/nove-estados-pedem-ao-stf-para-reduzir-salarios-e-carga-horaria-de-servidores\/#webpage"},"articleSection":"Brasil"},{"@type":"BreadcrumbList","@id":"https:\/\/newsinfoco.com.br\/inicio\/nove-estados-pedem-ao-stf-para-reduzir-salarios-e-carga-horaria-de-servidores\/#breadcrumblist","itemListElement":[{"@type":"ListItem","@id":"https:\/\/newsinfoco.com.br\/inicio#listItem","position":1,"name":"In\u00edcio","item":"https:\/\/newsinfoco.com.br\/inicio","nextItem":{"@type":"ListItem","@id":"https:\/\/newsinfoco.com.br\/inicio\/category\/brasil\/#listItem","name":"Brasil"}},{"@type":"ListItem","@id":"https:\/\/newsinfoco.com.br\/inicio\/category\/brasil\/#listItem","position":2,"name":"Brasil","item":"https:\/\/newsinfoco.com.br\/inicio\/category\/brasil\/","nextItem":{"@type":"ListItem","@id":"https:\/\/newsinfoco.com.br\/inicio\/nove-estados-pedem-ao-stf-para-reduzir-salarios-e-carga-horaria-de-servidores\/#listItem","name":"Nove Estados pedem ao STF para reduzir sal\u00e1rios e carga hor\u00e1ria de servidores"},"previousItem":{"@type":"ListItem","@id":"https:\/\/newsinfoco.com.br\/inicio#listItem","name":"In\u00edcio"}},{"@type":"ListItem","@id":"https:\/\/newsinfoco.com.br\/inicio\/nove-estados-pedem-ao-stf-para-reduzir-salarios-e-carga-horaria-de-servidores\/#listItem","position":3,"name":"Nove Estados pedem ao STF para reduzir sal\u00e1rios e carga hor\u00e1ria de servidores","previousItem":{"@type":"ListItem","@id":"https:\/\/newsinfoco.com.br\/inicio\/category\/brasil\/#listItem","name":"Brasil"}}]},{"@type":"Organization","@id":"https:\/\/newsinfoco.com.br\/inicio\/#organization","name":"News In Foco - Editado por Caio Pimenta","description":"O principal site de noticias de Alagoinhas e regi\u00e3o","url":"https:\/\/newsinfoco.com.br\/inicio\/"},{"@type":"Person","@id":"https:\/\/newsinfoco.com.br\/inicio\/author\/administrador\/#author","url":"https:\/\/newsinfoco.com.br\/inicio\/author\/administrador\/","name":"administrador","image":{"@type":"ImageObject","@id":"https:\/\/newsinfoco.com.br\/inicio\/nove-estados-pedem-ao-stf-para-reduzir-salarios-e-carga-horaria-de-servidores\/#authorImage","url":"https:\/\/secure.gravatar.com\/avatar\/c17a617433de8c1dc9584bb79aab7563b46f5bb7e1728c9b17d9cc3ce6a08e49?s=96&d=mm&r=g","width":96,"height":96,"caption":"administrador"}},{"@type":"WebPage","@id":"https:\/\/newsinfoco.com.br\/inicio\/nove-estados-pedem-ao-stf-para-reduzir-salarios-e-carga-horaria-de-servidores\/#webpage","url":"https:\/\/newsinfoco.com.br\/inicio\/nove-estados-pedem-ao-stf-para-reduzir-salarios-e-carga-horaria-de-servidores\/","name":"Nove Estados pedem ao STF para reduzir sal\u00e1rios e carga hor\u00e1ria de servidores - News In Foco - Editado por Caio Pimenta","description":"[sg_popup id=\"11418\" event=\"inherit\"][\/sg_popup]Em carta enviada ao Supremo Tribunal Federal (STF), secret\u00e1rios da Fazenda de nove Estados pediram a aprova\u00e7\u00e3o de proposta que permite a redu\u00e7\u00e3o de sal\u00e1rio e carga hor\u00e1ria de servidores p\u00fablicos. O julgamento da a\u00e7\u00e3o que trata do assunto est\u00e1 marcado para 27 de fevereiro. Conforme mostrou o Estado no m\u00eas passado, governadores","inLanguage":"pt-BR","isPartOf":{"@id":"https:\/\/newsinfoco.com.br\/inicio\/#website"},"breadcrumb":{"@id":"https:\/\/newsinfoco.com.br\/inicio\/nove-estados-pedem-ao-stf-para-reduzir-salarios-e-carga-horaria-de-servidores\/#breadcrumblist"},"author":{"@id":"https:\/\/newsinfoco.com.br\/inicio\/author\/administrador\/#author"},"creator":{"@id":"https:\/\/newsinfoco.com.br\/inicio\/author\/administrador\/#author"},"image":{"@type":"ImageObject","url":"https:\/\/newsinfoco.com.br\/inicio\/wp-content\/uploads\/2019\/02\/eea90f7e4a741fcc10f74560fce67056.jpg","@id":"https:\/\/newsinfoco.com.br\/inicio\/nove-estados-pedem-ao-stf-para-reduzir-salarios-e-carga-horaria-de-servidores\/#mainImage","width":590,"height":320,"caption":"Plen\u00e1rio do Supremo Tribunal Federal"},"primaryImageOfPage":{"@id":"https:\/\/newsinfoco.com.br\/inicio\/nove-estados-pedem-ao-stf-para-reduzir-salarios-e-carga-horaria-de-servidores\/#mainImage"},"datePublished":"2019-02-08T00:20:21-02:00","dateModified":"2019-02-08T00:20:21-02:00"},{"@type":"WebSite","@id":"https:\/\/newsinfoco.com.br\/inicio\/#website","url":"https:\/\/newsinfoco.com.br\/inicio\/","name":"News In Foco - Editado por Caio Pimenta","description":"O principal site de noticias de Alagoinhas e regi\u00e3o","inLanguage":"pt-BR","publisher":{"@id":"https:\/\/newsinfoco.com.br\/inicio\/#organization"}}]},"og:locale":"pt_BR","og:site_name":"News In Foco - Editado por Caio Pimenta - O principal site de noticias de Alagoinhas e regi\u00e3o","og:type":"article","og:title":"Nove Estados pedem ao STF para reduzir sal\u00e1rios e carga hor\u00e1ria de servidores - News In Foco - Editado por Caio Pimenta","og:description":"[sg_popup id=&quot;11418&quot; event=&quot;inherit&quot;][\/sg_popup]Em carta enviada ao Supremo Tribunal Federal (STF), secret\u00e1rios da Fazenda de nove Estados pediram a aprova\u00e7\u00e3o de proposta que permite a redu\u00e7\u00e3o de sal\u00e1rio e carga hor\u00e1ria de servidores p\u00fablicos. O julgamento da a\u00e7\u00e3o que trata do assunto est\u00e1 marcado para 27 de fevereiro. Conforme mostrou o Estado no m\u00eas passado, governadores","og:url":"https:\/\/newsinfoco.com.br\/inicio\/nove-estados-pedem-ao-stf-para-reduzir-salarios-e-carga-horaria-de-servidores\/","article:published_time":"2019-02-08T02:20:21+00:00","article:modified_time":"2019-02-08T02:20:21+00:00","twitter:card":"summary_large_image","twitter:title":"Nove Estados pedem ao STF para reduzir sal\u00e1rios e carga hor\u00e1ria de servidores - News In Foco - Editado por Caio Pimenta","twitter:description":"[sg_popup id=&quot;11418&quot; event=&quot;inherit&quot;][\/sg_popup]Em carta enviada ao Supremo Tribunal Federal (STF), secret\u00e1rios da Fazenda de nove Estados pediram a aprova\u00e7\u00e3o de proposta que permite a redu\u00e7\u00e3o de sal\u00e1rio e carga hor\u00e1ria de servidores p\u00fablicos. O julgamento da a\u00e7\u00e3o que trata do assunto est\u00e1 marcado para 27 de fevereiro. Conforme mostrou o Estado no m\u00eas passado, governadores"},"aioseo_meta_data":{"post_id":"13378","title":null,"description":null,"keywords":null,"keyphrases":null,"primary_term":null,"canonical_url":null,"og_title":null,"og_description":null,"og_object_type":"default","og_image_type":"default","og_image_url":null,"og_image_width":null,"og_image_height":null,"og_image_custom_url":null,"og_image_custom_fields":null,"og_video":null,"og_custom_url":null,"og_article_section":null,"og_article_tags":null,"twitter_use_og":false,"twitter_card":"default","twitter_image_type":"default","twitter_image_url":null,"twitter_image_custom_url":null,"twitter_image_custom_fields":null,"twitter_title":null,"twitter_description":null,"schema":{"blockGraphs":[],"customGraphs":[],"default":{"data":{"Article":[],"Course":[],"Dataset":[],"FAQPage":[],"Movie":[],"Person":[],"Product":[],"ProductReview":[],"Car":[],"Recipe":[],"Service":[],"SoftwareApplication":[],"WebPage":[]},"graphName":"","isEnabled":true},"graphs":[]},"schema_type":"default","schema_type_options":null,"pillar_content":false,"robots_default":true,"robots_noindex":false,"robots_noarchive":false,"robots_nosnippet":false,"robots_nofollow":false,"robots_noimageindex":false,"robots_noodp":false,"robots_notranslate":false,"robots_max_snippet":null,"robots_max_videopreview":null,"robots_max_imagepreview":"large","priority":null,"frequency":null,"local_seo":null,"breadcrumb_settings":null,"limit_modified_date":false,"ai":null,"created":"2023-06-12 12:22:07","updated":"2025-07-10 23:16:56","seo_analyzer_scan_date":null},"aioseo_breadcrumb":"<div class=\"aioseo-breadcrumbs\"><span class=\"aioseo-breadcrumb\">\n\t\t\t<a href=\"https:\/\/newsinfoco.com.br\/inicio\" title=\"In\u00edcio\">In\u00edcio<\/a>\n\t\t<\/span><span class=\"aioseo-breadcrumb-separator\">&raquo;<\/span><span class=\"aioseo-breadcrumb\">\n\t\t\t<a href=\"https:\/\/newsinfoco.com.br\/inicio\/category\/brasil\/\" title=\"Brasil\">Brasil<\/a>\n\t\t<\/span><span class=\"aioseo-breadcrumb-separator\">&raquo;<\/span><span class=\"aioseo-breadcrumb\">\n\t\t\tNove Estados pedem ao STF para reduzir sal\u00e1rios e carga hor\u00e1ria de servidores\n\t\t<\/span><\/div>","aioseo_breadcrumb_json":[{"label":"In\u00edcio","link":"https:\/\/newsinfoco.com.br\/inicio"},{"label":"Brasil","link":"https:\/\/newsinfoco.com.br\/inicio\/category\/brasil\/"},{"label":"Nove Estados pedem ao STF para reduzir sal\u00e1rios e carga hor\u00e1ria de servidores","link":"https:\/\/newsinfoco.com.br\/inicio\/nove-estados-pedem-ao-stf-para-reduzir-salarios-e-carga-horaria-de-servidores\/"}],"_links":{"self":[{"href":"https:\/\/newsinfoco.com.br\/inicio\/wp-json\/wp\/v2\/posts\/13378","targetHints":{"allow":["GET"]}}],"collection":[{"href":"https:\/\/newsinfoco.com.br\/inicio\/wp-json\/wp\/v2\/posts"}],"about":[{"href":"https:\/\/newsinfoco.com.br\/inicio\/wp-json\/wp\/v2\/types\/post"}],"author":[{"embeddable":true,"href":"https:\/\/newsinfoco.com.br\/inicio\/wp-json\/wp\/v2\/users\/1"}],"replies":[{"embeddable":true,"href":"https:\/\/newsinfoco.com.br\/inicio\/wp-json\/wp\/v2\/comments?post=13378"}],"version-history":[{"count":0,"href":"https:\/\/newsinfoco.com.br\/inicio\/wp-json\/wp\/v2\/posts\/13378\/revisions"}],"wp:featuredmedia":[{"embeddable":true,"href":"https:\/\/newsinfoco.com.br\/inicio\/wp-json\/wp\/v2\/media\/13379"}],"wp:attachment":[{"href":"https:\/\/newsinfoco.com.br\/inicio\/wp-json\/wp\/v2\/media?parent=13378"}],"wp:term":[{"taxonomy":"category","embeddable":true,"href":"https:\/\/newsinfoco.com.br\/inicio\/wp-json\/wp\/v2\/categories?post=13378"},{"taxonomy":"post_tag","embeddable":true,"href":"https:\/\/newsinfoco.com.br\/inicio\/wp-json\/wp\/v2\/tags?post=13378"}],"curies":[{"name":"wp","href":"https:\/\/api.w.org\/{rel}","templated":true}]}}