{"id":1339,"date":"2018-03-19T21:51:11","date_gmt":"2018-03-20T00:51:11","guid":{"rendered":"http:\/\/newsinfoco.com.br\/?p=1339"},"modified":"2018-03-19T21:51:11","modified_gmt":"2018-03-20T00:51:11","slug":"prefeitura-de-alagoinhas-realiza-acoes-de-conscientizacao-durante-a-semana-municipal-da-vida-no-transito","status":"publish","type":"post","link":"https:\/\/newsinfoco.com.br\/inicio\/prefeitura-de-alagoinhas-realiza-acoes-de-conscientizacao-durante-a-semana-municipal-da-vida-no-transito\/","title":{"rendered":"Prefeitura de Alagoinhas realiza a\u00e7\u00f5es de conscientiza\u00e7\u00e3o durante a Semana Municipal da Vida no Tr\u00e2nsito"},"content":{"rendered":"<p style=\"text-align: justify;\"><span style=\"color: #000000;\">A Prefeitura de Alagoinhas, atrav\u00e9s da Superintend\u00eancia Municipal de Transporte e Tr\u00e2nsito (SMTT), divulgou a programa\u00e7\u00e3o da Semana Municipal da Vida no Tr\u00e2nsito, que come\u00e7ou no \u00faltimo domingo (18), com o hasteamento c\u00edvico na Pra\u00e7a da Bandeira, e segue at\u00e9 o dia 25 de mar\u00e7o.<\/span><\/p>\n<p style=\"text-align: justify;\"><span style=\"color: #000000;\">O intuito, segundo representantes da Superintend\u00eancia, \u00e9 conscientizar a popula\u00e7\u00e3o sobre a import\u00e2ncia de desenvolver h\u00e1bitos conscientes, tanto para pedestres quanto para condutores.<\/span><\/p><div class=\"newsi-conteudo_19\" id=\"newsi-2742140556\"><a href=\"https:\/\/www.instagram.com\/prefeituraalagoinhas?igsh=YzgzdDJ1bWR3aWI4\" aria-label=\"SAVE_20251006_221555\"><img loading=\"lazy\" decoding=\"async\" src=\"https:\/\/newsinfoco.com.br\/inicio\/wp-content\/uploads\/2025\/10\/SAVE_20251006_221555-rotated.jpg\" alt=\"\"  srcset=\"https:\/\/newsinfoco.com.br\/inicio\/wp-content\/uploads\/2025\/10\/SAVE_20251006_221555-rotated.jpg 1140w, https:\/\/newsinfoco.com.br\/inicio\/wp-content\/uploads\/2025\/10\/SAVE_20251006_221555-300x52.jpg 300w, https:\/\/newsinfoco.com.br\/inicio\/wp-content\/uploads\/2025\/10\/SAVE_20251006_221555-1024x177.jpg 1024w, https:\/\/newsinfoco.com.br\/inicio\/wp-content\/uploads\/2025\/10\/SAVE_20251006_221555-768x133.jpg 768w, https:\/\/newsinfoco.com.br\/inicio\/wp-content\/uploads\/2025\/10\/SAVE_20251006_221555-600x104.jpg 600w, https:\/\/newsinfoco.com.br\/inicio\/wp-content\/uploads\/2025\/10\/SAVE_20251006_221555-696x120.jpg 696w, https:\/\/newsinfoco.com.br\/inicio\/wp-content\/uploads\/2025\/10\/SAVE_20251006_221555-1068x185.jpg 1068w\" sizes=\"(max-width: 1140px) 100vw, 1140px\" width=\"1140\" height=\"197\"   \/><\/a><\/div>\n<p style=\"text-align: justify;\"><span style=\"color: #000000;\">A programa\u00e7\u00e3o conta com palestras educativas, simula\u00e7\u00f5es, fanfarras e atividades l\u00fadicas de recrea\u00e7\u00e3o e gincana desenvolvidas em parceria com outras secretarias. \u201cPrecisamos ensinar e incluir nossos filhos em atividades educativas para a forma\u00e7\u00e3o de um ser humano melhor\u201d, afirmou o Superintendente Municipal de Transporte e Tr\u00e2nsito, Luiz Fernando de Ara\u00fajo.<\/span><\/p>\n<p style=\"text-align: justify;\"><span style=\"color: #000000;\">A iniciativa, que tem como base uma a\u00e7\u00e3o conjunta entre SMTT e Secretaria de Educa\u00e7\u00e3o (SEDUC), conta com apoio da Secretaria de Sa\u00fade (SESAU), da Pol\u00edcia Rodovi\u00e1ria Federal, do DETRAN, da Pol\u00edcia Militar da Bahia (PMBA), da Guarda Civil e do Corpo de Bombeiros.<\/span><\/p>\n<p style=\"text-align: justify;\"><span style=\"color: #000000;\">Confira as atividades programadas:<\/span><br \/>\n<a class=\"group1 cboxElement\" href=\"https:\/\/www.alagoinhas.ba.gov.br\/wp-content\/uploads\/2018\/03\/SMTT1.jpeg\"><img loading=\"lazy\" decoding=\"async\" class=\"aligncenter size-large wp-image-18079\" src=\"https:\/\/www.alagoinhas.ba.gov.br\/wp-content\/uploads\/2018\/03\/SMTT1-1024x724.jpeg\" sizes=\"auto, (max-width: 800px) 100vw, 800px\" srcset=\"https:\/\/www.alagoinhas.ba.gov.br\/wp-content\/uploads\/2018\/03\/SMTT1-1024x724.jpeg 1024w, https:\/\/www.alagoinhas.ba.gov.br\/wp-content\/uploads\/2018\/03\/SMTT1-300x212.jpeg 300w, https:\/\/www.alagoinhas.ba.gov.br\/wp-content\/uploads\/2018\/03\/SMTT1-768x543.jpeg 768w, https:\/\/www.alagoinhas.ba.gov.br\/wp-content\/uploads\/2018\/03\/SMTT1.jpeg 1280w\" alt=\"\" width=\"800\" height=\"566\" \/><\/a><\/p>\n<p>&nbsp;<\/p>\n<p><strong>CONFIRA GALERIA DE FOTOS DA ABERTURA DA SEMANA MUNICIPAL DE TR\u00c2NSITO<\/strong><\/p>\n<h6 style=\"text-align: right;\"><a href=\"http:\/\/newsinfoco.com.br\/wp-content\/uploads\/2018\/03\/26033990187_44e6768f45_z.jpg\"><img loading=\"lazy\" decoding=\"async\" class=\" wp-image-1342 aligncenter\" src=\"http:\/\/newsinfoco.com.br\/wp-content\/uploads\/2018\/03\/26033990187_44e6768f45_z-300x200.jpg\" alt=\"\" width=\"407\" height=\"271\" srcset=\"https:\/\/newsinfoco.com.br\/inicio\/wp-content\/uploads\/2018\/03\/26033990187_44e6768f45_z-300x200.jpg 300w, https:\/\/newsinfoco.com.br\/inicio\/wp-content\/uploads\/2018\/03\/26033990187_44e6768f45_z-600x400.jpg 600w, https:\/\/newsinfoco.com.br\/inicio\/wp-content\/uploads\/2018\/03\/26033990187_44e6768f45_z-630x420.jpg 630w, https:\/\/newsinfoco.com.br\/inicio\/wp-content\/uploads\/2018\/03\/26033990187_44e6768f45_z.jpg 640w\" sizes=\"auto, (max-width: 407px) 100vw, 407px\" \/><\/a><a href=\"http:\/\/newsinfoco.com.br\/wp-content\/uploads\/2018\/03\/26033999827_8ed33282da_k.jpg\"><br \/>\n<img loading=\"lazy\" decoding=\"async\" class=\" wp-image-1341 aligncenter\" src=\"http:\/\/newsinfoco.com.br\/wp-content\/uploads\/2018\/03\/26033999827_8ed33282da_k-300x200.jpg\" alt=\"\" width=\"399\" height=\"266\" srcset=\"https:\/\/newsinfoco.com.br\/inicio\/wp-content\/uploads\/2018\/03\/26033999827_8ed33282da_k-300x200.jpg 300w, https:\/\/newsinfoco.com.br\/inicio\/wp-content\/uploads\/2018\/03\/26033999827_8ed33282da_k-768x512.jpg 768w, https:\/\/newsinfoco.com.br\/inicio\/wp-content\/uploads\/2018\/03\/26033999827_8ed33282da_k-1024x683.jpg 1024w, https:\/\/newsinfoco.com.br\/inicio\/wp-content\/uploads\/2018\/03\/26033999827_8ed33282da_k-600x400.jpg 600w, https:\/\/newsinfoco.com.br\/inicio\/wp-content\/uploads\/2018\/03\/26033999827_8ed33282da_k-696x464.jpg 696w, https:\/\/newsinfoco.com.br\/inicio\/wp-content\/uploads\/2018\/03\/26033999827_8ed33282da_k-1068x712.jpg 1068w, https:\/\/newsinfoco.com.br\/inicio\/wp-content\/uploads\/2018\/03\/26033999827_8ed33282da_k-630x420.jpg 630w, https:\/\/newsinfoco.com.br\/inicio\/wp-content\/uploads\/2018\/03\/26033999827_8ed33282da_k-1320x880.jpg 1320w, https:\/\/newsinfoco.com.br\/inicio\/wp-content\/uploads\/2018\/03\/26033999827_8ed33282da_k.jpg 2048w\" sizes=\"auto, (max-width: 399px) 100vw, 399px\" \/><\/a><a href=\"http:\/\/newsinfoco.com.br\/wp-content\/uploads\/2018\/03\/27035930028_aa6d6b0d5d_k.jpg\"><img loading=\"lazy\" decoding=\"async\" class=\" wp-image-1343 aligncenter\" src=\"http:\/\/newsinfoco.com.br\/wp-content\/uploads\/2018\/03\/27035930028_aa6d6b0d5d_k-300x200.jpg\" alt=\"\" width=\"377\" height=\"251\" srcset=\"https:\/\/newsinfoco.com.br\/inicio\/wp-content\/uploads\/2018\/03\/27035930028_aa6d6b0d5d_k-300x200.jpg 300w, https:\/\/newsinfoco.com.br\/inicio\/wp-content\/uploads\/2018\/03\/27035930028_aa6d6b0d5d_k-768x512.jpg 768w, https:\/\/newsinfoco.com.br\/inicio\/wp-content\/uploads\/2018\/03\/27035930028_aa6d6b0d5d_k-1024x683.jpg 1024w, https:\/\/newsinfoco.com.br\/inicio\/wp-content\/uploads\/2018\/03\/27035930028_aa6d6b0d5d_k-600x400.jpg 600w, https:\/\/newsinfoco.com.br\/inicio\/wp-content\/uploads\/2018\/03\/27035930028_aa6d6b0d5d_k-696x464.jpg 696w, https:\/\/newsinfoco.com.br\/inicio\/wp-content\/uploads\/2018\/03\/27035930028_aa6d6b0d5d_k-1068x712.jpg 1068w, https:\/\/newsinfoco.com.br\/inicio\/wp-content\/uploads\/2018\/03\/27035930028_aa6d6b0d5d_k-630x420.jpg 630w, https:\/\/newsinfoco.com.br\/inicio\/wp-content\/uploads\/2018\/03\/27035930028_aa6d6b0d5d_k-1320x880.jpg 1320w, https:\/\/newsinfoco.com.br\/inicio\/wp-content\/uploads\/2018\/03\/27035930028_aa6d6b0d5d_k.jpg 2048w\" sizes=\"auto, (max-width: 377px) 100vw, 377px\" \/><span style=\"color: #000000;\">fonte:SECOM,Prefeitura,SMTT,SEDUC,SESAU,PMBA<\/span><\/a><\/h6>\n<div class='share-to-whatsapp-wrapper'><div class='share-on-whsp'>Share on: <\/div><a data-text='Prefeitura de Alagoinhas realiza a\u00e7\u00f5es de conscientiza\u00e7\u00e3o durante a Semana Municipal da Vida no Tr\u00e2nsito' data-link='https:\/\/newsinfoco.com.br\/inicio\/prefeitura-de-alagoinhas-realiza-acoes-de-conscientizacao-durante-a-semana-municipal-da-vida-no-transito\/' class='whatsapp-button whatsapp-share'>WhatsApp<\/a><div class='clear '><\/div><\/div>","protected":false},"excerpt":{"rendered":"<p>A Prefeitura de Alagoinhas, atrav\u00e9s da Superintend\u00eancia Municipal de Transporte e Tr\u00e2nsito (SMTT), divulgou a programa\u00e7\u00e3o da Semana Municipal da Vida no Tr\u00e2nsito, que come\u00e7ou no \u00faltimo domingo (18), com o hasteamento c\u00edvico na Pra\u00e7a da Bandeira, e segue at\u00e9 o dia 25 de mar\u00e7o. O intuito, segundo representantes da Superintend\u00eancia, \u00e9 conscientizar a popula\u00e7\u00e3o [&hellip;]<\/p>\n","protected":false},"author":1,"featured_media":1344,"comment_status":"open","ping_status":"open","sticky":false,"template":"","format":"standard","meta":{"om_disable_all_campaigns":false,"_exactmetrics_skip_tracking":false,"_exactmetrics_sitenote_active":false,"_exactmetrics_sitenote_note":"","_exactmetrics_sitenote_category":0,"footnotes":""},"categories":[38,30],"tags":[53,73,54,64,58,57],"class_list":["post-1339","post","type-post","status-publish","format-standard","has-post-thumbnail","hentry","category-alagoinhas-e-regiao","category-destaque","tag-alagoinhas","tag-pmba","tag-prefeitura","tag-seduc","tag-sesau","tag-smtt"],"aioseo_notices":[],"_links":{"self":[{"href":"https:\/\/newsinfoco.com.br\/inicio\/wp-json\/wp\/v2\/posts\/1339","targetHints":{"allow":["GET"]}}],"collection":[{"href":"https:\/\/newsinfoco.com.br\/inicio\/wp-json\/wp\/v2\/posts"}],"about":[{"href":"https:\/\/newsinfoco.com.br\/inicio\/wp-json\/wp\/v2\/types\/post"}],"author":[{"embeddable":true,"href":"https:\/\/newsinfoco.com.br\/inicio\/wp-json\/wp\/v2\/users\/1"}],"replies":[{"embeddable":true,"href":"https:\/\/newsinfoco.com.br\/inicio\/wp-json\/wp\/v2\/comments?post=1339"}],"version-history":[{"count":0,"href":"https:\/\/newsinfoco.com.br\/inicio\/wp-json\/wp\/v2\/posts\/1339\/revisions"}],"wp:featuredmedia":[{"embeddable":true,"href":"https:\/\/newsinfoco.com.br\/inicio\/wp-json\/wp\/v2\/media\/1344"}],"wp:attachment":[{"href":"https:\/\/newsinfoco.com.br\/inicio\/wp-json\/wp\/v2\/media?parent=1339"}],"wp:term":[{"taxonomy":"category","embeddable":true,"href":"https:\/\/newsinfoco.com.br\/inicio\/wp-json\/wp\/v2\/categories?post=1339"},{"taxonomy":"post_tag","embeddable":true,"href":"https:\/\/newsinfoco.com.br\/inicio\/wp-json\/wp\/v2\/tags?post=1339"}],"curies":[{"name":"wp","href":"https:\/\/api.w.org\/{rel}","templated":true}]}}