{"id":13392,"date":"2019-02-08T14:17:53","date_gmt":"2019-02-08T16:17:53","guid":{"rendered":"http:\/\/newsinfoco.com.br\/?p=13392"},"modified":"2019-02-08T14:17:53","modified_gmt":"2019-02-08T16:17:53","slug":"vereadores-de-oposicao-acusam-prefeito-joaquim-neto-de-ler-sugestao-de-discurso-em-sessao-de-abertura-dos-trabalhos-legislativos-de-2019","status":"publish","type":"post","link":"https:\/\/newsinfoco.com.br\/inicio\/vereadores-de-oposicao-acusam-prefeito-joaquim-neto-de-ler-sugestao-de-discurso-em-sessao-de-abertura-dos-trabalhos-legislativos-de-2019\/","title":{"rendered":"Vereadores de oposi\u00e7\u00e3o acusam prefeito Joaquim Neto de ler &#8220;sugest\u00e3o de discurso&#8221; em sess\u00e3o de abertura dos trabalhos legislativos de 2019"},"content":{"rendered":"<p style=\"text-align: justify;\">[sg_popup id=&#8221;11418&#8243; event=&#8221;inherit&#8221;][\/sg_popup]Os vereadores de oposi\u00e7\u00e3o da C\u00e2mara Municipal de Alagoinhas criticaram o pronunciamento do prefeito Joaquim Neto na sess\u00e3o de abertura dos trabalhos legislativos de 2019 na \u00faltima ter\u00e7a-feira(05).<\/p>\n<p style=\"text-align: justify;\">O vereador Anderson Baqueiro disse que o prefeito se utilizou de uma &#8220;sugest\u00e3o de discurso&#8221;, provavelmente escrito por algum assessor ou componente do governo. O site News Infoco teve acesso ao documento(veja no fim da mat\u00e9ria).<\/p>\n<p style=\"text-align: justify;\">J\u00e1 o vereador Thor de Ninha disse que o prefeito n\u00e3o respeitou a C\u00e2mara nem a sess\u00e3o, utilizando-se de um discurso vazio que n\u00e3o informou quais seriam os objetivos e a\u00e7\u00f5es do governo para o ano de 2019.<\/p>\n<p style=\"text-align: justify;\">O vereador Luciano S\u00e9rgio tamb\u00e9m criticou o discurso de Joaquim Neto e questionou o fato do prefeito ainda n\u00e3o ter resolvido o problema dos repasses \u00e0 Pestalozzi de Alagoinhas, que no momento possui recursos oriundos do Governo Federal retidos pela prefeitura por quest\u00f5es burocr\u00e1ticas.<\/p>\n<p style=\"text-align: justify;\">O site News Infoco tentou contato com o prefeito de Alagoinhas, Joaquim Neto, para comentar as declara\u00e7\u00f5es, mas at\u00e9 o fechamento da mat\u00e9ria n\u00e3o obtivemos retorno.<\/p>\n<h6 style=\"text-align: right;\"><a href=\"http:\/\/newsinfoco.com.br\/wp-content\/uploads\/2019\/02\/IMG-20190206-WA0018.jpg\"><img loading=\"lazy\" decoding=\"async\" class=\"aligncenter size-full wp-image-13393\" src=\"http:\/\/newsinfoco.com.br\/wp-content\/uploads\/2019\/02\/IMG-20190206-WA0018.jpg\" alt=\"\" width=\"453\" height=\"651\" srcset=\"https:\/\/newsinfoco.com.br\/inicio\/wp-content\/uploads\/2019\/02\/IMG-20190206-WA0018.jpg 453w, https:\/\/newsinfoco.com.br\/inicio\/wp-content\/uploads\/2019\/02\/IMG-20190206-WA0018-209x300.jpg 209w, https:\/\/newsinfoco.com.br\/inicio\/wp-content\/uploads\/2019\/02\/IMG-20190206-WA0018-292x420.jpg 292w\" sizes=\"auto, (max-width: 453px) 100vw, 453px\" \/><\/a> Por Caio Pimenta para o News Infoco<\/h6>\n<p style=\"text-align: justify;\">\n<div class='share-to-whatsapp-wrapper'><div class='share-on-whsp'>Share on: <\/div><a data-text='Vereadores de oposi\u00e7\u00e3o acusam prefeito Joaquim Neto de ler \"sugest\u00e3o de discurso\" em sess\u00e3o de abertura dos trabalhos legislativos de 2019' data-link='https:\/\/newsinfoco.com.br\/inicio\/vereadores-de-oposicao-acusam-prefeito-joaquim-neto-de-ler-sugestao-de-discurso-em-sessao-de-abertura-dos-trabalhos-legislativos-de-2019\/' class='whatsapp-button whatsapp-share'>WhatsApp<\/a><div class='clear '><\/div><\/div>","protected":false},"excerpt":{"rendered":"<p>[sg_popup id=&#8221;11418&#8243; event=&#8221;inherit&#8221;][\/sg_popup]Os vereadores de oposi\u00e7\u00e3o da C\u00e2mara Municipal de Alagoinhas criticaram o pronunciamento do prefeito Joaquim Neto na sess\u00e3o de abertura dos trabalhos legislativos de 2019 na \u00faltima ter\u00e7a-feira(05). O vereador Anderson Baqueiro disse que o prefeito se utilizou de uma &#8220;sugest\u00e3o de discurso&#8221;, provavelmente escrito por algum assessor ou componente do governo. O [&hellip;]<\/p>\n","protected":false},"author":1,"featured_media":13394,"comment_status":"open","ping_status":"open","sticky":false,"template":"","format":"standard","meta":{"om_disable_all_campaigns":false,"rop_custom_images_group":[],"rop_custom_messages_group":[],"rop_publish_now":"initial","rop_publish_now_accounts":[],"rop_publish_now_history":[],"rop_publish_now_status":"pending","_exactmetrics_skip_tracking":false,"footnotes":""},"categories":[38,30],"tags":[],"class_list":["post-13392","post","type-post","status-publish","format-standard","has-post-thumbnail","hentry","category-alagoinhas-e-regiao","category-destaque"],"aioseo_notices":[],"aioseo_head":"\n\t\t<!-- All in One SEO 4.9.10 - aioseo.com -->\n\t<meta name=\"description\" content=\"[sg_popup id=&quot;11418&quot; event=&quot;inherit&quot;][\/sg_popup]Os vereadores de oposi\u00e7\u00e3o da C\u00e2mara Municipal de Alagoinhas criticaram o pronunciamento do prefeito Joaquim Neto na sess\u00e3o de abertura dos trabalhos legislativos de 2019 na \u00faltima ter\u00e7a-feira(05). O vereador Anderson Baqueiro disse que o prefeito se utilizou de uma &quot;sugest\u00e3o de discurso&quot;, provavelmente escrito por algum assessor ou componente do governo. O\" \/>\n\t<meta name=\"robots\" content=\"max-image-preview:large\" \/>\n\t<meta name=\"author\" content=\"administrador\"\/>\n\t<link rel=\"canonical\" href=\"https:\/\/newsinfoco.com.br\/inicio\/vereadores-de-oposicao-acusam-prefeito-joaquim-neto-de-ler-sugestao-de-discurso-em-sessao-de-abertura-dos-trabalhos-legislativos-de-2019\/\" \/>\n\t<meta name=\"generator\" content=\"All in One SEO (AIOSEO) 4.9.10\" \/>\n\t\t<meta property=\"og:locale\" content=\"pt_BR\" \/>\n\t\t<meta property=\"og:site_name\" content=\"News In Foco - Editado por Caio Pimenta - O principal site de noticias de Alagoinhas e regi\u00e3o\" \/>\n\t\t<meta property=\"og:type\" content=\"article\" \/>\n\t\t<meta property=\"og:title\" content=\"Vereadores de oposi\u00e7\u00e3o acusam prefeito Joaquim Neto de ler \u201csugest\u00e3o de discurso\u201d em sess\u00e3o de abertura dos trabalhos legislativos de 2019 - News In Foco - Editado por Caio Pimenta\" \/>\n\t\t<meta property=\"og:description\" content=\"[sg_popup id=&quot;11418&quot; event=&quot;inherit&quot;][\/sg_popup]Os vereadores de oposi\u00e7\u00e3o da C\u00e2mara Municipal de Alagoinhas criticaram o pronunciamento do prefeito Joaquim Neto na sess\u00e3o de abertura dos trabalhos legislativos de 2019 na \u00faltima ter\u00e7a-feira(05). O vereador Anderson Baqueiro disse que o prefeito se utilizou de uma &quot;sugest\u00e3o de discurso&quot;, provavelmente escrito por algum assessor ou componente do governo. O\" \/>\n\t\t<meta property=\"og:url\" content=\"https:\/\/newsinfoco.com.br\/inicio\/vereadores-de-oposicao-acusam-prefeito-joaquim-neto-de-ler-sugestao-de-discurso-em-sessao-de-abertura-dos-trabalhos-legislativos-de-2019\/\" \/>\n\t\t<meta property=\"article:published_time\" content=\"2019-02-08T16:17:53+00:00\" \/>\n\t\t<meta property=\"article:modified_time\" content=\"2019-02-08T16:17:53+00:00\" \/>\n\t\t<meta name=\"twitter:card\" content=\"summary_large_image\" \/>\n\t\t<meta name=\"twitter:title\" content=\"Vereadores de oposi\u00e7\u00e3o acusam prefeito Joaquim Neto de ler \u201csugest\u00e3o de discurso\u201d em sess\u00e3o de abertura dos trabalhos legislativos de 2019 - News In Foco - Editado por Caio Pimenta\" \/>\n\t\t<meta name=\"twitter:description\" content=\"[sg_popup id=&quot;11418&quot; event=&quot;inherit&quot;][\/sg_popup]Os vereadores de oposi\u00e7\u00e3o da C\u00e2mara Municipal de Alagoinhas criticaram o pronunciamento do prefeito Joaquim Neto na sess\u00e3o de abertura dos trabalhos legislativos de 2019 na \u00faltima ter\u00e7a-feira(05). O vereador Anderson Baqueiro disse que o prefeito se utilizou de uma &quot;sugest\u00e3o de discurso&quot;, provavelmente escrito por algum assessor ou componente do governo. O\" \/>\n\t\t<script type=\"application\/ld+json\" class=\"aioseo-schema\">\n\t\t\t{\"@context\":\"https:\\\/\\\/schema.org\",\"@graph\":[{\"@type\":\"BlogPosting\",\"@id\":\"https:\\\/\\\/newsinfoco.com.br\\\/inicio\\\/vereadores-de-oposicao-acusam-prefeito-joaquim-neto-de-ler-sugestao-de-discurso-em-sessao-de-abertura-dos-trabalhos-legislativos-de-2019\\\/#blogposting\",\"name\":\"Vereadores de oposi\\u00e7\\u00e3o acusam prefeito Joaquim Neto de ler \\u201csugest\\u00e3o de discurso\\u201d em sess\\u00e3o de abertura dos trabalhos legislativos de 2019 - News In Foco - Editado por Caio Pimenta\",\"headline\":\"Vereadores de oposi\\u00e7\\u00e3o acusam prefeito Joaquim Neto de ler &#8220;sugest\\u00e3o de discurso&#8221; em sess\\u00e3o de abertura dos trabalhos legislativos de 2019\",\"author\":{\"@id\":\"https:\\\/\\\/newsinfoco.com.br\\\/inicio\\\/author\\\/administrador\\\/#author\"},\"publisher\":{\"@id\":\"https:\\\/\\\/newsinfoco.com.br\\\/inicio\\\/#organization\"},\"image\":{\"@type\":\"ImageObject\",\"url\":\"https:\\\/\\\/newsinfoco.com.br\\\/inicio\\\/wp-content\\\/uploads\\\/2019\\\/02\\\/sugest\\u00e3o-de-discurso.jpg\",\"width\":800,\"height\":600},\"datePublished\":\"2019-02-08T14:17:53-02:00\",\"dateModified\":\"2019-02-08T14:17:53-02:00\",\"inLanguage\":\"pt-BR\",\"mainEntityOfPage\":{\"@id\":\"https:\\\/\\\/newsinfoco.com.br\\\/inicio\\\/vereadores-de-oposicao-acusam-prefeito-joaquim-neto-de-ler-sugestao-de-discurso-em-sessao-de-abertura-dos-trabalhos-legislativos-de-2019\\\/#webpage\"},\"isPartOf\":{\"@id\":\"https:\\\/\\\/newsinfoco.com.br\\\/inicio\\\/vereadores-de-oposicao-acusam-prefeito-joaquim-neto-de-ler-sugestao-de-discurso-em-sessao-de-abertura-dos-trabalhos-legislativos-de-2019\\\/#webpage\"},\"articleSection\":\"Alagoinhas e Regi\\u00e3o, Destaque\"},{\"@type\":\"BreadcrumbList\",\"@id\":\"https:\\\/\\\/newsinfoco.com.br\\\/inicio\\\/vereadores-de-oposicao-acusam-prefeito-joaquim-neto-de-ler-sugestao-de-discurso-em-sessao-de-abertura-dos-trabalhos-legislativos-de-2019\\\/#breadcrumblist\",\"itemListElement\":[{\"@type\":\"ListItem\",\"@id\":\"https:\\\/\\\/newsinfoco.com.br\\\/inicio#listItem\",\"position\":1,\"name\":\"In\\u00edcio\",\"item\":\"https:\\\/\\\/newsinfoco.com.br\\\/inicio\",\"nextItem\":{\"@type\":\"ListItem\",\"@id\":\"https:\\\/\\\/newsinfoco.com.br\\\/inicio\\\/category\\\/destaque\\\/#listItem\",\"name\":\"Destaque\"}},{\"@type\":\"ListItem\",\"@id\":\"https:\\\/\\\/newsinfoco.com.br\\\/inicio\\\/category\\\/destaque\\\/#listItem\",\"position\":2,\"name\":\"Destaque\",\"item\":\"https:\\\/\\\/newsinfoco.com.br\\\/inicio\\\/category\\\/destaque\\\/\",\"nextItem\":{\"@type\":\"ListItem\",\"@id\":\"https:\\\/\\\/newsinfoco.com.br\\\/inicio\\\/vereadores-de-oposicao-acusam-prefeito-joaquim-neto-de-ler-sugestao-de-discurso-em-sessao-de-abertura-dos-trabalhos-legislativos-de-2019\\\/#listItem\",\"name\":\"Vereadores de oposi\\u00e7\\u00e3o acusam prefeito Joaquim Neto de ler &#8220;sugest\\u00e3o de discurso&#8221; em sess\\u00e3o de abertura dos trabalhos legislativos de 2019\"},\"previousItem\":{\"@type\":\"ListItem\",\"@id\":\"https:\\\/\\\/newsinfoco.com.br\\\/inicio#listItem\",\"name\":\"In\\u00edcio\"}},{\"@type\":\"ListItem\",\"@id\":\"https:\\\/\\\/newsinfoco.com.br\\\/inicio\\\/vereadores-de-oposicao-acusam-prefeito-joaquim-neto-de-ler-sugestao-de-discurso-em-sessao-de-abertura-dos-trabalhos-legislativos-de-2019\\\/#listItem\",\"position\":3,\"name\":\"Vereadores de oposi\\u00e7\\u00e3o acusam prefeito Joaquim Neto de ler &#8220;sugest\\u00e3o de discurso&#8221; em sess\\u00e3o de abertura dos trabalhos legislativos de 2019\",\"previousItem\":{\"@type\":\"ListItem\",\"@id\":\"https:\\\/\\\/newsinfoco.com.br\\\/inicio\\\/category\\\/destaque\\\/#listItem\",\"name\":\"Destaque\"}}]},{\"@type\":\"Organization\",\"@id\":\"https:\\\/\\\/newsinfoco.com.br\\\/inicio\\\/#organization\",\"name\":\"News In Foco - Editado por Caio Pimenta\",\"description\":\"O principal site de noticias de Alagoinhas e regi\\u00e3o\",\"url\":\"https:\\\/\\\/newsinfoco.com.br\\\/inicio\\\/\"},{\"@type\":\"Person\",\"@id\":\"https:\\\/\\\/newsinfoco.com.br\\\/inicio\\\/author\\\/administrador\\\/#author\",\"url\":\"https:\\\/\\\/newsinfoco.com.br\\\/inicio\\\/author\\\/administrador\\\/\",\"name\":\"administrador\",\"image\":{\"@type\":\"ImageObject\",\"@id\":\"https:\\\/\\\/newsinfoco.com.br\\\/inicio\\\/vereadores-de-oposicao-acusam-prefeito-joaquim-neto-de-ler-sugestao-de-discurso-em-sessao-de-abertura-dos-trabalhos-legislativos-de-2019\\\/#authorImage\",\"url\":\"https:\\\/\\\/secure.gravatar.com\\\/avatar\\\/c17a617433de8c1dc9584bb79aab7563b46f5bb7e1728c9b17d9cc3ce6a08e49?s=96&d=mm&r=g\",\"width\":96,\"height\":96,\"caption\":\"administrador\"}},{\"@type\":\"WebPage\",\"@id\":\"https:\\\/\\\/newsinfoco.com.br\\\/inicio\\\/vereadores-de-oposicao-acusam-prefeito-joaquim-neto-de-ler-sugestao-de-discurso-em-sessao-de-abertura-dos-trabalhos-legislativos-de-2019\\\/#webpage\",\"url\":\"https:\\\/\\\/newsinfoco.com.br\\\/inicio\\\/vereadores-de-oposicao-acusam-prefeito-joaquim-neto-de-ler-sugestao-de-discurso-em-sessao-de-abertura-dos-trabalhos-legislativos-de-2019\\\/\",\"name\":\"Vereadores de oposi\\u00e7\\u00e3o acusam prefeito Joaquim Neto de ler \\u201csugest\\u00e3o de discurso\\u201d em sess\\u00e3o de abertura dos trabalhos legislativos de 2019 - News In Foco - Editado por Caio Pimenta\",\"description\":\"[sg_popup id=\\\"11418\\\" event=\\\"inherit\\\"][\\\/sg_popup]Os vereadores de oposi\\u00e7\\u00e3o da C\\u00e2mara Municipal de Alagoinhas criticaram o pronunciamento do prefeito Joaquim Neto na sess\\u00e3o de abertura dos trabalhos legislativos de 2019 na \\u00faltima ter\\u00e7a-feira(05). O vereador Anderson Baqueiro disse que o prefeito se utilizou de uma \\\"sugest\\u00e3o de discurso\\\", provavelmente escrito por algum assessor ou componente do governo. O\",\"inLanguage\":\"pt-BR\",\"isPartOf\":{\"@id\":\"https:\\\/\\\/newsinfoco.com.br\\\/inicio\\\/#website\"},\"breadcrumb\":{\"@id\":\"https:\\\/\\\/newsinfoco.com.br\\\/inicio\\\/vereadores-de-oposicao-acusam-prefeito-joaquim-neto-de-ler-sugestao-de-discurso-em-sessao-de-abertura-dos-trabalhos-legislativos-de-2019\\\/#breadcrumblist\"},\"author\":{\"@id\":\"https:\\\/\\\/newsinfoco.com.br\\\/inicio\\\/author\\\/administrador\\\/#author\"},\"creator\":{\"@id\":\"https:\\\/\\\/newsinfoco.com.br\\\/inicio\\\/author\\\/administrador\\\/#author\"},\"image\":{\"@type\":\"ImageObject\",\"url\":\"https:\\\/\\\/newsinfoco.com.br\\\/inicio\\\/wp-content\\\/uploads\\\/2019\\\/02\\\/sugest\\u00e3o-de-discurso.jpg\",\"@id\":\"https:\\\/\\\/newsinfoco.com.br\\\/inicio\\\/vereadores-de-oposicao-acusam-prefeito-joaquim-neto-de-ler-sugestao-de-discurso-em-sessao-de-abertura-dos-trabalhos-legislativos-de-2019\\\/#mainImage\",\"width\":800,\"height\":600},\"primaryImageOfPage\":{\"@id\":\"https:\\\/\\\/newsinfoco.com.br\\\/inicio\\\/vereadores-de-oposicao-acusam-prefeito-joaquim-neto-de-ler-sugestao-de-discurso-em-sessao-de-abertura-dos-trabalhos-legislativos-de-2019\\\/#mainImage\"},\"datePublished\":\"2019-02-08T14:17:53-02:00\",\"dateModified\":\"2019-02-08T14:17:53-02:00\"},{\"@type\":\"WebSite\",\"@id\":\"https:\\\/\\\/newsinfoco.com.br\\\/inicio\\\/#website\",\"url\":\"https:\\\/\\\/newsinfoco.com.br\\\/inicio\\\/\",\"name\":\"News In Foco - Editado por Caio Pimenta\",\"description\":\"O principal site de noticias de Alagoinhas e regi\\u00e3o\",\"inLanguage\":\"pt-BR\",\"publisher\":{\"@id\":\"https:\\\/\\\/newsinfoco.com.br\\\/inicio\\\/#organization\"}}]}\n\t\t<\/script>\n\t\t<!-- All in One SEO -->\n\n","aioseo_head_json":{"title":"Vereadores de oposi\u00e7\u00e3o acusam prefeito Joaquim Neto de ler \u201csugest\u00e3o de discurso\u201d em sess\u00e3o de abertura dos trabalhos legislativos de 2019 - News In Foco - Editado por Caio Pimenta","description":"[sg_popup id=\"11418\" event=\"inherit\"][\/sg_popup]Os vereadores de oposi\u00e7\u00e3o da C\u00e2mara Municipal de Alagoinhas criticaram o pronunciamento do prefeito Joaquim Neto na sess\u00e3o de abertura dos trabalhos legislativos de 2019 na \u00faltima ter\u00e7a-feira(05). O vereador Anderson Baqueiro disse que o prefeito se utilizou de uma \"sugest\u00e3o de discurso\", provavelmente escrito por algum assessor ou componente do governo. O","canonical_url":"https:\/\/newsinfoco.com.br\/inicio\/vereadores-de-oposicao-acusam-prefeito-joaquim-neto-de-ler-sugestao-de-discurso-em-sessao-de-abertura-dos-trabalhos-legislativos-de-2019\/","robots":"max-image-preview:large","keywords":"","webmasterTools":{"miscellaneous":""},"schema":{"@context":"https:\/\/schema.org","@graph":[{"@type":"BlogPosting","@id":"https:\/\/newsinfoco.com.br\/inicio\/vereadores-de-oposicao-acusam-prefeito-joaquim-neto-de-ler-sugestao-de-discurso-em-sessao-de-abertura-dos-trabalhos-legislativos-de-2019\/#blogposting","name":"Vereadores de oposi\u00e7\u00e3o acusam prefeito Joaquim Neto de ler \u201csugest\u00e3o de discurso\u201d em sess\u00e3o de abertura dos trabalhos legislativos de 2019 - News In Foco - Editado por Caio Pimenta","headline":"Vereadores de oposi\u00e7\u00e3o acusam prefeito Joaquim Neto de ler &#8220;sugest\u00e3o de discurso&#8221; em sess\u00e3o de abertura dos trabalhos legislativos de 2019","author":{"@id":"https:\/\/newsinfoco.com.br\/inicio\/author\/administrador\/#author"},"publisher":{"@id":"https:\/\/newsinfoco.com.br\/inicio\/#organization"},"image":{"@type":"ImageObject","url":"https:\/\/newsinfoco.com.br\/inicio\/wp-content\/uploads\/2019\/02\/sugest\u00e3o-de-discurso.jpg","width":800,"height":600},"datePublished":"2019-02-08T14:17:53-02:00","dateModified":"2019-02-08T14:17:53-02:00","inLanguage":"pt-BR","mainEntityOfPage":{"@id":"https:\/\/newsinfoco.com.br\/inicio\/vereadores-de-oposicao-acusam-prefeito-joaquim-neto-de-ler-sugestao-de-discurso-em-sessao-de-abertura-dos-trabalhos-legislativos-de-2019\/#webpage"},"isPartOf":{"@id":"https:\/\/newsinfoco.com.br\/inicio\/vereadores-de-oposicao-acusam-prefeito-joaquim-neto-de-ler-sugestao-de-discurso-em-sessao-de-abertura-dos-trabalhos-legislativos-de-2019\/#webpage"},"articleSection":"Alagoinhas e Regi\u00e3o, Destaque"},{"@type":"BreadcrumbList","@id":"https:\/\/newsinfoco.com.br\/inicio\/vereadores-de-oposicao-acusam-prefeito-joaquim-neto-de-ler-sugestao-de-discurso-em-sessao-de-abertura-dos-trabalhos-legislativos-de-2019\/#breadcrumblist","itemListElement":[{"@type":"ListItem","@id":"https:\/\/newsinfoco.com.br\/inicio#listItem","position":1,"name":"In\u00edcio","item":"https:\/\/newsinfoco.com.br\/inicio","nextItem":{"@type":"ListItem","@id":"https:\/\/newsinfoco.com.br\/inicio\/category\/destaque\/#listItem","name":"Destaque"}},{"@type":"ListItem","@id":"https:\/\/newsinfoco.com.br\/inicio\/category\/destaque\/#listItem","position":2,"name":"Destaque","item":"https:\/\/newsinfoco.com.br\/inicio\/category\/destaque\/","nextItem":{"@type":"ListItem","@id":"https:\/\/newsinfoco.com.br\/inicio\/vereadores-de-oposicao-acusam-prefeito-joaquim-neto-de-ler-sugestao-de-discurso-em-sessao-de-abertura-dos-trabalhos-legislativos-de-2019\/#listItem","name":"Vereadores de oposi\u00e7\u00e3o acusam prefeito Joaquim Neto de ler &#8220;sugest\u00e3o de discurso&#8221; em sess\u00e3o de abertura dos trabalhos legislativos de 2019"},"previousItem":{"@type":"ListItem","@id":"https:\/\/newsinfoco.com.br\/inicio#listItem","name":"In\u00edcio"}},{"@type":"ListItem","@id":"https:\/\/newsinfoco.com.br\/inicio\/vereadores-de-oposicao-acusam-prefeito-joaquim-neto-de-ler-sugestao-de-discurso-em-sessao-de-abertura-dos-trabalhos-legislativos-de-2019\/#listItem","position":3,"name":"Vereadores de oposi\u00e7\u00e3o acusam prefeito Joaquim Neto de ler &#8220;sugest\u00e3o de discurso&#8221; em sess\u00e3o de abertura dos trabalhos legislativos de 2019","previousItem":{"@type":"ListItem","@id":"https:\/\/newsinfoco.com.br\/inicio\/category\/destaque\/#listItem","name":"Destaque"}}]},{"@type":"Organization","@id":"https:\/\/newsinfoco.com.br\/inicio\/#organization","name":"News In Foco - Editado por Caio Pimenta","description":"O principal site de noticias de Alagoinhas e regi\u00e3o","url":"https:\/\/newsinfoco.com.br\/inicio\/"},{"@type":"Person","@id":"https:\/\/newsinfoco.com.br\/inicio\/author\/administrador\/#author","url":"https:\/\/newsinfoco.com.br\/inicio\/author\/administrador\/","name":"administrador","image":{"@type":"ImageObject","@id":"https:\/\/newsinfoco.com.br\/inicio\/vereadores-de-oposicao-acusam-prefeito-joaquim-neto-de-ler-sugestao-de-discurso-em-sessao-de-abertura-dos-trabalhos-legislativos-de-2019\/#authorImage","url":"https:\/\/secure.gravatar.com\/avatar\/c17a617433de8c1dc9584bb79aab7563b46f5bb7e1728c9b17d9cc3ce6a08e49?s=96&d=mm&r=g","width":96,"height":96,"caption":"administrador"}},{"@type":"WebPage","@id":"https:\/\/newsinfoco.com.br\/inicio\/vereadores-de-oposicao-acusam-prefeito-joaquim-neto-de-ler-sugestao-de-discurso-em-sessao-de-abertura-dos-trabalhos-legislativos-de-2019\/#webpage","url":"https:\/\/newsinfoco.com.br\/inicio\/vereadores-de-oposicao-acusam-prefeito-joaquim-neto-de-ler-sugestao-de-discurso-em-sessao-de-abertura-dos-trabalhos-legislativos-de-2019\/","name":"Vereadores de oposi\u00e7\u00e3o acusam prefeito Joaquim Neto de ler \u201csugest\u00e3o de discurso\u201d em sess\u00e3o de abertura dos trabalhos legislativos de 2019 - News In Foco - Editado por Caio Pimenta","description":"[sg_popup id=\"11418\" event=\"inherit\"][\/sg_popup]Os vereadores de oposi\u00e7\u00e3o da C\u00e2mara Municipal de Alagoinhas criticaram o pronunciamento do prefeito Joaquim Neto na sess\u00e3o de abertura dos trabalhos legislativos de 2019 na \u00faltima ter\u00e7a-feira(05). O vereador Anderson Baqueiro disse que o prefeito se utilizou de uma \"sugest\u00e3o de discurso\", provavelmente escrito por algum assessor ou componente do governo. O","inLanguage":"pt-BR","isPartOf":{"@id":"https:\/\/newsinfoco.com.br\/inicio\/#website"},"breadcrumb":{"@id":"https:\/\/newsinfoco.com.br\/inicio\/vereadores-de-oposicao-acusam-prefeito-joaquim-neto-de-ler-sugestao-de-discurso-em-sessao-de-abertura-dos-trabalhos-legislativos-de-2019\/#breadcrumblist"},"author":{"@id":"https:\/\/newsinfoco.com.br\/inicio\/author\/administrador\/#author"},"creator":{"@id":"https:\/\/newsinfoco.com.br\/inicio\/author\/administrador\/#author"},"image":{"@type":"ImageObject","url":"https:\/\/newsinfoco.com.br\/inicio\/wp-content\/uploads\/2019\/02\/sugest\u00e3o-de-discurso.jpg","@id":"https:\/\/newsinfoco.com.br\/inicio\/vereadores-de-oposicao-acusam-prefeito-joaquim-neto-de-ler-sugestao-de-discurso-em-sessao-de-abertura-dos-trabalhos-legislativos-de-2019\/#mainImage","width":800,"height":600},"primaryImageOfPage":{"@id":"https:\/\/newsinfoco.com.br\/inicio\/vereadores-de-oposicao-acusam-prefeito-joaquim-neto-de-ler-sugestao-de-discurso-em-sessao-de-abertura-dos-trabalhos-legislativos-de-2019\/#mainImage"},"datePublished":"2019-02-08T14:17:53-02:00","dateModified":"2019-02-08T14:17:53-02:00"},{"@type":"WebSite","@id":"https:\/\/newsinfoco.com.br\/inicio\/#website","url":"https:\/\/newsinfoco.com.br\/inicio\/","name":"News In Foco - Editado por Caio Pimenta","description":"O principal site de noticias de Alagoinhas e regi\u00e3o","inLanguage":"pt-BR","publisher":{"@id":"https:\/\/newsinfoco.com.br\/inicio\/#organization"}}]},"og:locale":"pt_BR","og:site_name":"News In Foco - Editado por Caio Pimenta - O principal site de noticias de Alagoinhas e regi\u00e3o","og:type":"article","og:title":"Vereadores de oposi\u00e7\u00e3o acusam prefeito Joaquim Neto de ler \u201csugest\u00e3o de discurso\u201d em sess\u00e3o de abertura dos trabalhos legislativos de 2019 - News In Foco - Editado por Caio Pimenta","og:description":"[sg_popup id=&quot;11418&quot; event=&quot;inherit&quot;][\/sg_popup]Os vereadores de oposi\u00e7\u00e3o da C\u00e2mara Municipal de Alagoinhas criticaram o pronunciamento do prefeito Joaquim Neto na sess\u00e3o de abertura dos trabalhos legislativos de 2019 na \u00faltima ter\u00e7a-feira(05). O vereador Anderson Baqueiro disse que o prefeito se utilizou de uma &quot;sugest\u00e3o de discurso&quot;, provavelmente escrito por algum assessor ou componente do governo. O","og:url":"https:\/\/newsinfoco.com.br\/inicio\/vereadores-de-oposicao-acusam-prefeito-joaquim-neto-de-ler-sugestao-de-discurso-em-sessao-de-abertura-dos-trabalhos-legislativos-de-2019\/","article:published_time":"2019-02-08T16:17:53+00:00","article:modified_time":"2019-02-08T16:17:53+00:00","twitter:card":"summary_large_image","twitter:title":"Vereadores de oposi\u00e7\u00e3o acusam prefeito Joaquim Neto de ler \u201csugest\u00e3o de discurso\u201d em sess\u00e3o de abertura dos trabalhos legislativos de 2019 - News In Foco - Editado por Caio Pimenta","twitter:description":"[sg_popup id=&quot;11418&quot; event=&quot;inherit&quot;][\/sg_popup]Os vereadores de oposi\u00e7\u00e3o da C\u00e2mara Municipal de Alagoinhas criticaram o pronunciamento do prefeito Joaquim Neto na sess\u00e3o de abertura dos trabalhos legislativos de 2019 na \u00faltima ter\u00e7a-feira(05). O vereador Anderson Baqueiro disse que o prefeito se utilizou de uma &quot;sugest\u00e3o de discurso&quot;, provavelmente escrito por algum assessor ou componente do governo. O"},"aioseo_meta_data":{"post_id":"13392","title":null,"description":null,"keywords":null,"keyphrases":null,"primary_term":null,"canonical_url":null,"og_title":null,"og_description":null,"og_object_type":"default","og_image_type":"default","og_image_url":null,"og_image_width":null,"og_image_height":null,"og_image_custom_url":null,"og_image_custom_fields":null,"og_video":null,"og_custom_url":null,"og_article_section":null,"og_article_tags":null,"twitter_use_og":false,"twitter_card":"default","twitter_image_type":"default","twitter_image_url":null,"twitter_image_custom_url":null,"twitter_image_custom_fields":null,"twitter_title":null,"twitter_description":null,"schema":{"blockGraphs":[],"customGraphs":[],"default":{"data":{"Article":[],"Course":[],"Dataset":[],"FAQPage":[],"Movie":[],"Person":[],"Product":[],"ProductReview":[],"Car":[],"Recipe":[],"Service":[],"SoftwareApplication":[],"WebPage":[]},"graphName":"","isEnabled":true},"graphs":[]},"schema_type":"default","schema_type_options":null,"pillar_content":false,"robots_default":true,"robots_noindex":false,"robots_noarchive":false,"robots_nosnippet":false,"robots_nofollow":false,"robots_noimageindex":false,"robots_noodp":false,"robots_notranslate":false,"robots_max_snippet":null,"robots_max_videopreview":null,"robots_max_imagepreview":"large","priority":null,"frequency":null,"local_seo":null,"breadcrumb_settings":null,"limit_modified_date":false,"ai":null,"created":"2023-06-12 12:22:07","updated":"2025-07-10 23:16:56","seo_analyzer_scan_date":null},"aioseo_breadcrumb":"<div class=\"aioseo-breadcrumbs\"><span class=\"aioseo-breadcrumb\">\n\t\t\t<a href=\"https:\/\/newsinfoco.com.br\/inicio\" title=\"In\u00edcio\">In\u00edcio<\/a>\n\t\t<\/span><span class=\"aioseo-breadcrumb-separator\">&raquo;<\/span><span class=\"aioseo-breadcrumb\">\n\t\t\t<a href=\"https:\/\/newsinfoco.com.br\/inicio\/category\/destaque\/\" title=\"Destaque\">Destaque<\/a>\n\t\t<\/span><span class=\"aioseo-breadcrumb-separator\">&raquo;<\/span><span class=\"aioseo-breadcrumb\">\n\t\t\tVereadores de oposi\u00e7\u00e3o acusam prefeito Joaquim Neto de ler \u201csugest\u00e3o de discurso\u201d em sess\u00e3o de abertura dos trabalhos legislativos de 2019\n\t\t<\/span><\/div>","aioseo_breadcrumb_json":[{"label":"In\u00edcio","link":"https:\/\/newsinfoco.com.br\/inicio"},{"label":"Destaque","link":"https:\/\/newsinfoco.com.br\/inicio\/category\/destaque\/"},{"label":"Vereadores de oposi\u00e7\u00e3o acusam prefeito Joaquim Neto de ler &#8220;sugest\u00e3o de discurso&#8221; em sess\u00e3o de abertura dos trabalhos legislativos de 2019","link":"https:\/\/newsinfoco.com.br\/inicio\/vereadores-de-oposicao-acusam-prefeito-joaquim-neto-de-ler-sugestao-de-discurso-em-sessao-de-abertura-dos-trabalhos-legislativos-de-2019\/"}],"_links":{"self":[{"href":"https:\/\/newsinfoco.com.br\/inicio\/wp-json\/wp\/v2\/posts\/13392","targetHints":{"allow":["GET"]}}],"collection":[{"href":"https:\/\/newsinfoco.com.br\/inicio\/wp-json\/wp\/v2\/posts"}],"about":[{"href":"https:\/\/newsinfoco.com.br\/inicio\/wp-json\/wp\/v2\/types\/post"}],"author":[{"embeddable":true,"href":"https:\/\/newsinfoco.com.br\/inicio\/wp-json\/wp\/v2\/users\/1"}],"replies":[{"embeddable":true,"href":"https:\/\/newsinfoco.com.br\/inicio\/wp-json\/wp\/v2\/comments?post=13392"}],"version-history":[{"count":0,"href":"https:\/\/newsinfoco.com.br\/inicio\/wp-json\/wp\/v2\/posts\/13392\/revisions"}],"wp:featuredmedia":[{"embeddable":true,"href":"https:\/\/newsinfoco.com.br\/inicio\/wp-json\/wp\/v2\/media\/13394"}],"wp:attachment":[{"href":"https:\/\/newsinfoco.com.br\/inicio\/wp-json\/wp\/v2\/media?parent=13392"}],"wp:term":[{"taxonomy":"category","embeddable":true,"href":"https:\/\/newsinfoco.com.br\/inicio\/wp-json\/wp\/v2\/categories?post=13392"},{"taxonomy":"post_tag","embeddable":true,"href":"https:\/\/newsinfoco.com.br\/inicio\/wp-json\/wp\/v2\/tags?post=13392"}],"curies":[{"name":"wp","href":"https:\/\/api.w.org\/{rel}","templated":true}]}}