{"id":13397,"date":"2019-02-09T14:36:18","date_gmt":"2019-02-09T16:36:18","guid":{"rendered":"http:\/\/newsinfoco.com.br\/?p=13397"},"modified":"2019-02-09T14:36:18","modified_gmt":"2019-02-09T16:36:18","slug":"smtt-notifica-concessionaria-que-administra-a-zona-azul-e-placa-de-ponto-de-mototaxi-e-recolocada-no-centro-de-alagoinhas","status":"publish","type":"post","link":"https:\/\/newsinfoco.com.br\/inicio\/smtt-notifica-concessionaria-que-administra-a-zona-azul-e-placa-de-ponto-de-mototaxi-e-recolocada-no-centro-de-alagoinhas\/","title":{"rendered":"SMTT notifica concession\u00e1ria que administra a zona azul e placa de ponto de mototaxi \u00e9 recolocada no centro de Alagoinhas"},"content":{"rendered":"<p style=\"text-align: justify;\">[sg_popup id=&#8221;11418&#8243; event=&#8221;inherit&#8221;][\/sg_popup]A troca de uma placa que sinalizava um ponto de mototaxi no centro de Alagoinhas, pr\u00f3ximo ao terminal de \u00f4nibus, por uma placa de sinaliza\u00e7\u00e3o da zona azul feita pela concession\u00e1ria, gerou v\u00e1rias reclama\u00e7\u00f5es por parte dos mototaxistas. Na reuni\u00e3o feita ap\u00f3s uma manifesta\u00e7\u00e3o da categoria entre mototaxistas e o poder p\u00fablico municipal ficou decidida que nenhum ponto de mototaxi seria retirado at\u00e9 o fim das discuss\u00f5es para a regulamenta\u00e7\u00e3o da atividade. Os mototaxistas enxergaram ali uma quebra no acordo.<\/p>\n<p style=\"text-align: justify;\">Por\u00e9m, tudo n\u00e3o passou de um equivoco por parte da concession\u00e1ria. Ontem(08) durante a audiencia p\u00fablica os mototaxistas questionaram a troca da placa O representante da SMTT na audi\u00eancia, o procurado Hilton Ribeiro, disse desconhecer o fato, mas prometeu, que se caso fosse constatado a troca, a empresa seria notificada pelo \u00f3rg\u00e3o de tr\u00e2nsito para que colocasse a placa do ponto de mototaxi de volta, cumprindo assim o acordo.<\/p>\n<p style=\"text-align: justify;\">Hoje(09) pela manh\u00e3 a empresa j\u00e1 havia feito a troca da placa como mostra a foto acima<\/p>\n<h6 style=\"text-align: right;\">Por Caio Pimenta para o News Infoco<\/h6>\n<div class='share-to-whatsapp-wrapper'><div class='share-on-whsp'>Share on: <\/div><a data-text='SMTT notifica concession\u00e1ria que administra a zona azul e placa de ponto de mototaxi \u00e9 recolocada no centro de Alagoinhas' data-link='https:\/\/newsinfoco.com.br\/inicio\/smtt-notifica-concessionaria-que-administra-a-zona-azul-e-placa-de-ponto-de-mototaxi-e-recolocada-no-centro-de-alagoinhas\/' class='whatsapp-button whatsapp-share'>WhatsApp<\/a><div class='clear '><\/div><\/div>","protected":false},"excerpt":{"rendered":"<p>[sg_popup id=&#8221;11418&#8243; event=&#8221;inherit&#8221;][\/sg_popup]A troca de uma placa que sinalizava um ponto de mototaxi no centro de Alagoinhas, pr\u00f3ximo ao terminal de \u00f4nibus, por uma placa de sinaliza\u00e7\u00e3o da zona azul feita pela concession\u00e1ria, gerou v\u00e1rias reclama\u00e7\u00f5es por parte dos mototaxistas. Na reuni\u00e3o feita ap\u00f3s uma manifesta\u00e7\u00e3o da categoria entre mototaxistas e o poder p\u00fablico municipal [&hellip;]<\/p>\n","protected":false},"author":1,"featured_media":13398,"comment_status":"open","ping_status":"open","sticky":false,"template":"","format":"standard","meta":{"om_disable_all_campaigns":false,"rop_custom_images_group":[],"rop_custom_messages_group":[],"rop_publish_now":"initial","rop_publish_now_accounts":[],"rop_publish_now_history":[],"rop_publish_now_status":"pending","_exactmetrics_skip_tracking":false,"footnotes":""},"categories":[38,30],"tags":[],"class_list":["post-13397","post","type-post","status-publish","format-standard","has-post-thumbnail","hentry","category-alagoinhas-e-regiao","category-destaque"],"aioseo_notices":[],"aioseo_head":"\n\t\t<!-- All in One SEO 4.9.10 - aioseo.com -->\n\t<meta name=\"description\" content=\"[sg_popup id=&quot;11418&quot; event=&quot;inherit&quot;][\/sg_popup]A troca de uma placa que sinalizava um ponto de mototaxi no centro de Alagoinhas, pr\u00f3ximo ao terminal de \u00f4nibus, por uma placa de sinaliza\u00e7\u00e3o da zona azul feita pela concession\u00e1ria, gerou v\u00e1rias reclama\u00e7\u00f5es por parte dos mototaxistas. Na reuni\u00e3o feita ap\u00f3s uma manifesta\u00e7\u00e3o da categoria entre mototaxistas e o poder p\u00fablico municipal\" \/>\n\t<meta name=\"robots\" content=\"max-image-preview:large\" \/>\n\t<meta name=\"author\" content=\"administrador\"\/>\n\t<link rel=\"canonical\" href=\"https:\/\/newsinfoco.com.br\/inicio\/smtt-notifica-concessionaria-que-administra-a-zona-azul-e-placa-de-ponto-de-mototaxi-e-recolocada-no-centro-de-alagoinhas\/\" \/>\n\t<meta name=\"generator\" content=\"All in One SEO (AIOSEO) 4.9.10\" \/>\n\t\t<meta property=\"og:locale\" content=\"pt_BR\" \/>\n\t\t<meta property=\"og:site_name\" content=\"News In Foco - Editado por Caio Pimenta - O principal site de noticias de Alagoinhas e regi\u00e3o\" \/>\n\t\t<meta property=\"og:type\" content=\"article\" \/>\n\t\t<meta property=\"og:title\" content=\"SMTT notifica concession\u00e1ria que administra a zona azul e placa de ponto de mototaxi \u00e9 recolocada no centro de Alagoinhas - News In Foco - Editado por Caio Pimenta\" \/>\n\t\t<meta property=\"og:description\" content=\"[sg_popup id=&quot;11418&quot; event=&quot;inherit&quot;][\/sg_popup]A troca de uma placa que sinalizava um ponto de mototaxi no centro de Alagoinhas, pr\u00f3ximo ao terminal de \u00f4nibus, por uma placa de sinaliza\u00e7\u00e3o da zona azul feita pela concession\u00e1ria, gerou v\u00e1rias reclama\u00e7\u00f5es por parte dos mototaxistas. Na reuni\u00e3o feita ap\u00f3s uma manifesta\u00e7\u00e3o da categoria entre mototaxistas e o poder p\u00fablico municipal\" \/>\n\t\t<meta property=\"og:url\" content=\"https:\/\/newsinfoco.com.br\/inicio\/smtt-notifica-concessionaria-que-administra-a-zona-azul-e-placa-de-ponto-de-mototaxi-e-recolocada-no-centro-de-alagoinhas\/\" \/>\n\t\t<meta property=\"article:published_time\" content=\"2019-02-09T16:36:18+00:00\" \/>\n\t\t<meta property=\"article:modified_time\" content=\"2019-02-09T16:36:18+00:00\" \/>\n\t\t<meta name=\"twitter:card\" content=\"summary_large_image\" \/>\n\t\t<meta name=\"twitter:title\" content=\"SMTT notifica concession\u00e1ria que administra a zona azul e placa de ponto de mototaxi \u00e9 recolocada no centro de Alagoinhas - News In Foco - Editado por Caio Pimenta\" \/>\n\t\t<meta name=\"twitter:description\" content=\"[sg_popup id=&quot;11418&quot; event=&quot;inherit&quot;][\/sg_popup]A troca de uma placa que sinalizava um ponto de mototaxi no centro de Alagoinhas, pr\u00f3ximo ao terminal de \u00f4nibus, por uma placa de sinaliza\u00e7\u00e3o da zona azul feita pela concession\u00e1ria, gerou v\u00e1rias reclama\u00e7\u00f5es por parte dos mototaxistas. Na reuni\u00e3o feita ap\u00f3s uma manifesta\u00e7\u00e3o da categoria entre mototaxistas e o poder p\u00fablico municipal\" \/>\n\t\t<script type=\"application\/ld+json\" class=\"aioseo-schema\">\n\t\t\t{\"@context\":\"https:\\\/\\\/schema.org\",\"@graph\":[{\"@type\":\"BlogPosting\",\"@id\":\"https:\\\/\\\/newsinfoco.com.br\\\/inicio\\\/smtt-notifica-concessionaria-que-administra-a-zona-azul-e-placa-de-ponto-de-mototaxi-e-recolocada-no-centro-de-alagoinhas\\\/#blogposting\",\"name\":\"SMTT notifica concession\\u00e1ria que administra a zona azul e placa de ponto de mototaxi \\u00e9 recolocada no centro de Alagoinhas - News In Foco - Editado por Caio Pimenta\",\"headline\":\"SMTT notifica concession\\u00e1ria que administra a zona azul e placa de ponto de mototaxi \\u00e9 recolocada no centro de Alagoinhas\",\"author\":{\"@id\":\"https:\\\/\\\/newsinfoco.com.br\\\/inicio\\\/author\\\/administrador\\\/#author\"},\"publisher\":{\"@id\":\"https:\\\/\\\/newsinfoco.com.br\\\/inicio\\\/#organization\"},\"image\":{\"@type\":\"ImageObject\",\"url\":\"https:\\\/\\\/newsinfoco.com.br\\\/inicio\\\/wp-content\\\/uploads\\\/2019\\\/02\\\/IMG-20190209-WA0061.jpg\",\"width\":600,\"height\":523},\"datePublished\":\"2019-02-09T14:36:18-02:00\",\"dateModified\":\"2019-02-09T14:36:18-02:00\",\"inLanguage\":\"pt-BR\",\"mainEntityOfPage\":{\"@id\":\"https:\\\/\\\/newsinfoco.com.br\\\/inicio\\\/smtt-notifica-concessionaria-que-administra-a-zona-azul-e-placa-de-ponto-de-mototaxi-e-recolocada-no-centro-de-alagoinhas\\\/#webpage\"},\"isPartOf\":{\"@id\":\"https:\\\/\\\/newsinfoco.com.br\\\/inicio\\\/smtt-notifica-concessionaria-que-administra-a-zona-azul-e-placa-de-ponto-de-mototaxi-e-recolocada-no-centro-de-alagoinhas\\\/#webpage\"},\"articleSection\":\"Alagoinhas e Regi\\u00e3o, Destaque\"},{\"@type\":\"BreadcrumbList\",\"@id\":\"https:\\\/\\\/newsinfoco.com.br\\\/inicio\\\/smtt-notifica-concessionaria-que-administra-a-zona-azul-e-placa-de-ponto-de-mototaxi-e-recolocada-no-centro-de-alagoinhas\\\/#breadcrumblist\",\"itemListElement\":[{\"@type\":\"ListItem\",\"@id\":\"https:\\\/\\\/newsinfoco.com.br\\\/inicio#listItem\",\"position\":1,\"name\":\"In\\u00edcio\",\"item\":\"https:\\\/\\\/newsinfoco.com.br\\\/inicio\",\"nextItem\":{\"@type\":\"ListItem\",\"@id\":\"https:\\\/\\\/newsinfoco.com.br\\\/inicio\\\/category\\\/destaque\\\/#listItem\",\"name\":\"Destaque\"}},{\"@type\":\"ListItem\",\"@id\":\"https:\\\/\\\/newsinfoco.com.br\\\/inicio\\\/category\\\/destaque\\\/#listItem\",\"position\":2,\"name\":\"Destaque\",\"item\":\"https:\\\/\\\/newsinfoco.com.br\\\/inicio\\\/category\\\/destaque\\\/\",\"nextItem\":{\"@type\":\"ListItem\",\"@id\":\"https:\\\/\\\/newsinfoco.com.br\\\/inicio\\\/smtt-notifica-concessionaria-que-administra-a-zona-azul-e-placa-de-ponto-de-mototaxi-e-recolocada-no-centro-de-alagoinhas\\\/#listItem\",\"name\":\"SMTT notifica concession\\u00e1ria que administra a zona azul e placa de ponto de mototaxi \\u00e9 recolocada no centro de Alagoinhas\"},\"previousItem\":{\"@type\":\"ListItem\",\"@id\":\"https:\\\/\\\/newsinfoco.com.br\\\/inicio#listItem\",\"name\":\"In\\u00edcio\"}},{\"@type\":\"ListItem\",\"@id\":\"https:\\\/\\\/newsinfoco.com.br\\\/inicio\\\/smtt-notifica-concessionaria-que-administra-a-zona-azul-e-placa-de-ponto-de-mototaxi-e-recolocada-no-centro-de-alagoinhas\\\/#listItem\",\"position\":3,\"name\":\"SMTT notifica concession\\u00e1ria que administra a zona azul e placa de ponto de mototaxi \\u00e9 recolocada no centro de Alagoinhas\",\"previousItem\":{\"@type\":\"ListItem\",\"@id\":\"https:\\\/\\\/newsinfoco.com.br\\\/inicio\\\/category\\\/destaque\\\/#listItem\",\"name\":\"Destaque\"}}]},{\"@type\":\"Organization\",\"@id\":\"https:\\\/\\\/newsinfoco.com.br\\\/inicio\\\/#organization\",\"name\":\"News In Foco - Editado por Caio Pimenta\",\"description\":\"O principal site de noticias de Alagoinhas e regi\\u00e3o\",\"url\":\"https:\\\/\\\/newsinfoco.com.br\\\/inicio\\\/\"},{\"@type\":\"Person\",\"@id\":\"https:\\\/\\\/newsinfoco.com.br\\\/inicio\\\/author\\\/administrador\\\/#author\",\"url\":\"https:\\\/\\\/newsinfoco.com.br\\\/inicio\\\/author\\\/administrador\\\/\",\"name\":\"administrador\",\"image\":{\"@type\":\"ImageObject\",\"@id\":\"https:\\\/\\\/newsinfoco.com.br\\\/inicio\\\/smtt-notifica-concessionaria-que-administra-a-zona-azul-e-placa-de-ponto-de-mototaxi-e-recolocada-no-centro-de-alagoinhas\\\/#authorImage\",\"url\":\"https:\\\/\\\/secure.gravatar.com\\\/avatar\\\/c17a617433de8c1dc9584bb79aab7563b46f5bb7e1728c9b17d9cc3ce6a08e49?s=96&d=mm&r=g\",\"width\":96,\"height\":96,\"caption\":\"administrador\"}},{\"@type\":\"WebPage\",\"@id\":\"https:\\\/\\\/newsinfoco.com.br\\\/inicio\\\/smtt-notifica-concessionaria-que-administra-a-zona-azul-e-placa-de-ponto-de-mototaxi-e-recolocada-no-centro-de-alagoinhas\\\/#webpage\",\"url\":\"https:\\\/\\\/newsinfoco.com.br\\\/inicio\\\/smtt-notifica-concessionaria-que-administra-a-zona-azul-e-placa-de-ponto-de-mototaxi-e-recolocada-no-centro-de-alagoinhas\\\/\",\"name\":\"SMTT notifica concession\\u00e1ria que administra a zona azul e placa de ponto de mototaxi \\u00e9 recolocada no centro de Alagoinhas - News In Foco - Editado por Caio Pimenta\",\"description\":\"[sg_popup id=\\\"11418\\\" event=\\\"inherit\\\"][\\\/sg_popup]A troca de uma placa que sinalizava um ponto de mototaxi no centro de Alagoinhas, pr\\u00f3ximo ao terminal de \\u00f4nibus, por uma placa de sinaliza\\u00e7\\u00e3o da zona azul feita pela concession\\u00e1ria, gerou v\\u00e1rias reclama\\u00e7\\u00f5es por parte dos mototaxistas. Na reuni\\u00e3o feita ap\\u00f3s uma manifesta\\u00e7\\u00e3o da categoria entre mototaxistas e o poder p\\u00fablico municipal\",\"inLanguage\":\"pt-BR\",\"isPartOf\":{\"@id\":\"https:\\\/\\\/newsinfoco.com.br\\\/inicio\\\/#website\"},\"breadcrumb\":{\"@id\":\"https:\\\/\\\/newsinfoco.com.br\\\/inicio\\\/smtt-notifica-concessionaria-que-administra-a-zona-azul-e-placa-de-ponto-de-mototaxi-e-recolocada-no-centro-de-alagoinhas\\\/#breadcrumblist\"},\"author\":{\"@id\":\"https:\\\/\\\/newsinfoco.com.br\\\/inicio\\\/author\\\/administrador\\\/#author\"},\"creator\":{\"@id\":\"https:\\\/\\\/newsinfoco.com.br\\\/inicio\\\/author\\\/administrador\\\/#author\"},\"image\":{\"@type\":\"ImageObject\",\"url\":\"https:\\\/\\\/newsinfoco.com.br\\\/inicio\\\/wp-content\\\/uploads\\\/2019\\\/02\\\/IMG-20190209-WA0061.jpg\",\"@id\":\"https:\\\/\\\/newsinfoco.com.br\\\/inicio\\\/smtt-notifica-concessionaria-que-administra-a-zona-azul-e-placa-de-ponto-de-mototaxi-e-recolocada-no-centro-de-alagoinhas\\\/#mainImage\",\"width\":600,\"height\":523},\"primaryImageOfPage\":{\"@id\":\"https:\\\/\\\/newsinfoco.com.br\\\/inicio\\\/smtt-notifica-concessionaria-que-administra-a-zona-azul-e-placa-de-ponto-de-mototaxi-e-recolocada-no-centro-de-alagoinhas\\\/#mainImage\"},\"datePublished\":\"2019-02-09T14:36:18-02:00\",\"dateModified\":\"2019-02-09T14:36:18-02:00\"},{\"@type\":\"WebSite\",\"@id\":\"https:\\\/\\\/newsinfoco.com.br\\\/inicio\\\/#website\",\"url\":\"https:\\\/\\\/newsinfoco.com.br\\\/inicio\\\/\",\"name\":\"News In Foco - Editado por Caio Pimenta\",\"description\":\"O principal site de noticias de Alagoinhas e regi\\u00e3o\",\"inLanguage\":\"pt-BR\",\"publisher\":{\"@id\":\"https:\\\/\\\/newsinfoco.com.br\\\/inicio\\\/#organization\"}}]}\n\t\t<\/script>\n\t\t<!-- All in One SEO -->\n\n","aioseo_head_json":{"title":"SMTT notifica concession\u00e1ria que administra a zona azul e placa de ponto de mototaxi \u00e9 recolocada no centro de Alagoinhas - News In Foco - Editado por Caio Pimenta","description":"[sg_popup id=\"11418\" event=\"inherit\"][\/sg_popup]A troca de uma placa que sinalizava um ponto de mototaxi no centro de Alagoinhas, pr\u00f3ximo ao terminal de \u00f4nibus, por uma placa de sinaliza\u00e7\u00e3o da zona azul feita pela concession\u00e1ria, gerou v\u00e1rias reclama\u00e7\u00f5es por parte dos mototaxistas. Na reuni\u00e3o feita ap\u00f3s uma manifesta\u00e7\u00e3o da categoria entre mototaxistas e o poder p\u00fablico municipal","canonical_url":"https:\/\/newsinfoco.com.br\/inicio\/smtt-notifica-concessionaria-que-administra-a-zona-azul-e-placa-de-ponto-de-mototaxi-e-recolocada-no-centro-de-alagoinhas\/","robots":"max-image-preview:large","keywords":"","webmasterTools":{"miscellaneous":""},"schema":{"@context":"https:\/\/schema.org","@graph":[{"@type":"BlogPosting","@id":"https:\/\/newsinfoco.com.br\/inicio\/smtt-notifica-concessionaria-que-administra-a-zona-azul-e-placa-de-ponto-de-mototaxi-e-recolocada-no-centro-de-alagoinhas\/#blogposting","name":"SMTT notifica concession\u00e1ria que administra a zona azul e placa de ponto de mototaxi \u00e9 recolocada no centro de Alagoinhas - News In Foco - Editado por Caio Pimenta","headline":"SMTT notifica concession\u00e1ria que administra a zona azul e placa de ponto de mototaxi \u00e9 recolocada no centro de Alagoinhas","author":{"@id":"https:\/\/newsinfoco.com.br\/inicio\/author\/administrador\/#author"},"publisher":{"@id":"https:\/\/newsinfoco.com.br\/inicio\/#organization"},"image":{"@type":"ImageObject","url":"https:\/\/newsinfoco.com.br\/inicio\/wp-content\/uploads\/2019\/02\/IMG-20190209-WA0061.jpg","width":600,"height":523},"datePublished":"2019-02-09T14:36:18-02:00","dateModified":"2019-02-09T14:36:18-02:00","inLanguage":"pt-BR","mainEntityOfPage":{"@id":"https:\/\/newsinfoco.com.br\/inicio\/smtt-notifica-concessionaria-que-administra-a-zona-azul-e-placa-de-ponto-de-mototaxi-e-recolocada-no-centro-de-alagoinhas\/#webpage"},"isPartOf":{"@id":"https:\/\/newsinfoco.com.br\/inicio\/smtt-notifica-concessionaria-que-administra-a-zona-azul-e-placa-de-ponto-de-mototaxi-e-recolocada-no-centro-de-alagoinhas\/#webpage"},"articleSection":"Alagoinhas e Regi\u00e3o, Destaque"},{"@type":"BreadcrumbList","@id":"https:\/\/newsinfoco.com.br\/inicio\/smtt-notifica-concessionaria-que-administra-a-zona-azul-e-placa-de-ponto-de-mototaxi-e-recolocada-no-centro-de-alagoinhas\/#breadcrumblist","itemListElement":[{"@type":"ListItem","@id":"https:\/\/newsinfoco.com.br\/inicio#listItem","position":1,"name":"In\u00edcio","item":"https:\/\/newsinfoco.com.br\/inicio","nextItem":{"@type":"ListItem","@id":"https:\/\/newsinfoco.com.br\/inicio\/category\/destaque\/#listItem","name":"Destaque"}},{"@type":"ListItem","@id":"https:\/\/newsinfoco.com.br\/inicio\/category\/destaque\/#listItem","position":2,"name":"Destaque","item":"https:\/\/newsinfoco.com.br\/inicio\/category\/destaque\/","nextItem":{"@type":"ListItem","@id":"https:\/\/newsinfoco.com.br\/inicio\/smtt-notifica-concessionaria-que-administra-a-zona-azul-e-placa-de-ponto-de-mototaxi-e-recolocada-no-centro-de-alagoinhas\/#listItem","name":"SMTT notifica concession\u00e1ria que administra a zona azul e placa de ponto de mototaxi \u00e9 recolocada no centro de Alagoinhas"},"previousItem":{"@type":"ListItem","@id":"https:\/\/newsinfoco.com.br\/inicio#listItem","name":"In\u00edcio"}},{"@type":"ListItem","@id":"https:\/\/newsinfoco.com.br\/inicio\/smtt-notifica-concessionaria-que-administra-a-zona-azul-e-placa-de-ponto-de-mototaxi-e-recolocada-no-centro-de-alagoinhas\/#listItem","position":3,"name":"SMTT notifica concession\u00e1ria que administra a zona azul e placa de ponto de mototaxi \u00e9 recolocada no centro de Alagoinhas","previousItem":{"@type":"ListItem","@id":"https:\/\/newsinfoco.com.br\/inicio\/category\/destaque\/#listItem","name":"Destaque"}}]},{"@type":"Organization","@id":"https:\/\/newsinfoco.com.br\/inicio\/#organization","name":"News In Foco - Editado por Caio Pimenta","description":"O principal site de noticias de Alagoinhas e regi\u00e3o","url":"https:\/\/newsinfoco.com.br\/inicio\/"},{"@type":"Person","@id":"https:\/\/newsinfoco.com.br\/inicio\/author\/administrador\/#author","url":"https:\/\/newsinfoco.com.br\/inicio\/author\/administrador\/","name":"administrador","image":{"@type":"ImageObject","@id":"https:\/\/newsinfoco.com.br\/inicio\/smtt-notifica-concessionaria-que-administra-a-zona-azul-e-placa-de-ponto-de-mototaxi-e-recolocada-no-centro-de-alagoinhas\/#authorImage","url":"https:\/\/secure.gravatar.com\/avatar\/c17a617433de8c1dc9584bb79aab7563b46f5bb7e1728c9b17d9cc3ce6a08e49?s=96&d=mm&r=g","width":96,"height":96,"caption":"administrador"}},{"@type":"WebPage","@id":"https:\/\/newsinfoco.com.br\/inicio\/smtt-notifica-concessionaria-que-administra-a-zona-azul-e-placa-de-ponto-de-mototaxi-e-recolocada-no-centro-de-alagoinhas\/#webpage","url":"https:\/\/newsinfoco.com.br\/inicio\/smtt-notifica-concessionaria-que-administra-a-zona-azul-e-placa-de-ponto-de-mototaxi-e-recolocada-no-centro-de-alagoinhas\/","name":"SMTT notifica concession\u00e1ria que administra a zona azul e placa de ponto de mototaxi \u00e9 recolocada no centro de Alagoinhas - News In Foco - Editado por Caio Pimenta","description":"[sg_popup id=\"11418\" event=\"inherit\"][\/sg_popup]A troca de uma placa que sinalizava um ponto de mototaxi no centro de Alagoinhas, pr\u00f3ximo ao terminal de \u00f4nibus, por uma placa de sinaliza\u00e7\u00e3o da zona azul feita pela concession\u00e1ria, gerou v\u00e1rias reclama\u00e7\u00f5es por parte dos mototaxistas. Na reuni\u00e3o feita ap\u00f3s uma manifesta\u00e7\u00e3o da categoria entre mototaxistas e o poder p\u00fablico municipal","inLanguage":"pt-BR","isPartOf":{"@id":"https:\/\/newsinfoco.com.br\/inicio\/#website"},"breadcrumb":{"@id":"https:\/\/newsinfoco.com.br\/inicio\/smtt-notifica-concessionaria-que-administra-a-zona-azul-e-placa-de-ponto-de-mototaxi-e-recolocada-no-centro-de-alagoinhas\/#breadcrumblist"},"author":{"@id":"https:\/\/newsinfoco.com.br\/inicio\/author\/administrador\/#author"},"creator":{"@id":"https:\/\/newsinfoco.com.br\/inicio\/author\/administrador\/#author"},"image":{"@type":"ImageObject","url":"https:\/\/newsinfoco.com.br\/inicio\/wp-content\/uploads\/2019\/02\/IMG-20190209-WA0061.jpg","@id":"https:\/\/newsinfoco.com.br\/inicio\/smtt-notifica-concessionaria-que-administra-a-zona-azul-e-placa-de-ponto-de-mototaxi-e-recolocada-no-centro-de-alagoinhas\/#mainImage","width":600,"height":523},"primaryImageOfPage":{"@id":"https:\/\/newsinfoco.com.br\/inicio\/smtt-notifica-concessionaria-que-administra-a-zona-azul-e-placa-de-ponto-de-mototaxi-e-recolocada-no-centro-de-alagoinhas\/#mainImage"},"datePublished":"2019-02-09T14:36:18-02:00","dateModified":"2019-02-09T14:36:18-02:00"},{"@type":"WebSite","@id":"https:\/\/newsinfoco.com.br\/inicio\/#website","url":"https:\/\/newsinfoco.com.br\/inicio\/","name":"News In Foco - Editado por Caio Pimenta","description":"O principal site de noticias de Alagoinhas e regi\u00e3o","inLanguage":"pt-BR","publisher":{"@id":"https:\/\/newsinfoco.com.br\/inicio\/#organization"}}]},"og:locale":"pt_BR","og:site_name":"News In Foco - Editado por Caio Pimenta - O principal site de noticias de Alagoinhas e regi\u00e3o","og:type":"article","og:title":"SMTT notifica concession\u00e1ria que administra a zona azul e placa de ponto de mototaxi \u00e9 recolocada no centro de Alagoinhas - News In Foco - Editado por Caio Pimenta","og:description":"[sg_popup id=&quot;11418&quot; event=&quot;inherit&quot;][\/sg_popup]A troca de uma placa que sinalizava um ponto de mototaxi no centro de Alagoinhas, pr\u00f3ximo ao terminal de \u00f4nibus, por uma placa de sinaliza\u00e7\u00e3o da zona azul feita pela concession\u00e1ria, gerou v\u00e1rias reclama\u00e7\u00f5es por parte dos mototaxistas. Na reuni\u00e3o feita ap\u00f3s uma manifesta\u00e7\u00e3o da categoria entre mototaxistas e o poder p\u00fablico municipal","og:url":"https:\/\/newsinfoco.com.br\/inicio\/smtt-notifica-concessionaria-que-administra-a-zona-azul-e-placa-de-ponto-de-mototaxi-e-recolocada-no-centro-de-alagoinhas\/","article:published_time":"2019-02-09T16:36:18+00:00","article:modified_time":"2019-02-09T16:36:18+00:00","twitter:card":"summary_large_image","twitter:title":"SMTT notifica concession\u00e1ria que administra a zona azul e placa de ponto de mototaxi \u00e9 recolocada no centro de Alagoinhas - News In Foco - Editado por Caio Pimenta","twitter:description":"[sg_popup id=&quot;11418&quot; event=&quot;inherit&quot;][\/sg_popup]A troca de uma placa que sinalizava um ponto de mototaxi no centro de Alagoinhas, pr\u00f3ximo ao terminal de \u00f4nibus, por uma placa de sinaliza\u00e7\u00e3o da zona azul feita pela concession\u00e1ria, gerou v\u00e1rias reclama\u00e7\u00f5es por parte dos mototaxistas. Na reuni\u00e3o feita ap\u00f3s uma manifesta\u00e7\u00e3o da categoria entre mototaxistas e o poder p\u00fablico municipal"},"aioseo_meta_data":{"post_id":"13397","title":null,"description":null,"keywords":null,"keyphrases":null,"primary_term":null,"canonical_url":null,"og_title":null,"og_description":null,"og_object_type":"default","og_image_type":"default","og_image_url":null,"og_image_width":null,"og_image_height":null,"og_image_custom_url":null,"og_image_custom_fields":null,"og_video":null,"og_custom_url":null,"og_article_section":null,"og_article_tags":null,"twitter_use_og":false,"twitter_card":"default","twitter_image_type":"default","twitter_image_url":null,"twitter_image_custom_url":null,"twitter_image_custom_fields":null,"twitter_title":null,"twitter_description":null,"schema":{"blockGraphs":[],"customGraphs":[],"default":{"data":{"Article":[],"Course":[],"Dataset":[],"FAQPage":[],"Movie":[],"Person":[],"Product":[],"ProductReview":[],"Car":[],"Recipe":[],"Service":[],"SoftwareApplication":[],"WebPage":[]},"graphName":"","isEnabled":true},"graphs":[]},"schema_type":"default","schema_type_options":null,"pillar_content":false,"robots_default":true,"robots_noindex":false,"robots_noarchive":false,"robots_nosnippet":false,"robots_nofollow":false,"robots_noimageindex":false,"robots_noodp":false,"robots_notranslate":false,"robots_max_snippet":null,"robots_max_videopreview":null,"robots_max_imagepreview":"large","priority":null,"frequency":null,"local_seo":null,"breadcrumb_settings":null,"limit_modified_date":false,"ai":null,"created":"2023-06-12 12:22:07","updated":"2025-07-10 23:16:56","seo_analyzer_scan_date":null},"aioseo_breadcrumb":"<div class=\"aioseo-breadcrumbs\"><span class=\"aioseo-breadcrumb\">\n\t\t\t<a href=\"https:\/\/newsinfoco.com.br\/inicio\" title=\"In\u00edcio\">In\u00edcio<\/a>\n\t\t<\/span><span class=\"aioseo-breadcrumb-separator\">&raquo;<\/span><span class=\"aioseo-breadcrumb\">\n\t\t\t<a href=\"https:\/\/newsinfoco.com.br\/inicio\/category\/destaque\/\" title=\"Destaque\">Destaque<\/a>\n\t\t<\/span><span class=\"aioseo-breadcrumb-separator\">&raquo;<\/span><span class=\"aioseo-breadcrumb\">\n\t\t\tSMTT notifica concession\u00e1ria que administra a zona azul e placa de ponto de mototaxi \u00e9 recolocada no centro de Alagoinhas\n\t\t<\/span><\/div>","aioseo_breadcrumb_json":[{"label":"In\u00edcio","link":"https:\/\/newsinfoco.com.br\/inicio"},{"label":"Destaque","link":"https:\/\/newsinfoco.com.br\/inicio\/category\/destaque\/"},{"label":"SMTT notifica concession\u00e1ria que administra a zona azul e placa de ponto de mototaxi \u00e9 recolocada no centro de Alagoinhas","link":"https:\/\/newsinfoco.com.br\/inicio\/smtt-notifica-concessionaria-que-administra-a-zona-azul-e-placa-de-ponto-de-mototaxi-e-recolocada-no-centro-de-alagoinhas\/"}],"_links":{"self":[{"href":"https:\/\/newsinfoco.com.br\/inicio\/wp-json\/wp\/v2\/posts\/13397","targetHints":{"allow":["GET"]}}],"collection":[{"href":"https:\/\/newsinfoco.com.br\/inicio\/wp-json\/wp\/v2\/posts"}],"about":[{"href":"https:\/\/newsinfoco.com.br\/inicio\/wp-json\/wp\/v2\/types\/post"}],"author":[{"embeddable":true,"href":"https:\/\/newsinfoco.com.br\/inicio\/wp-json\/wp\/v2\/users\/1"}],"replies":[{"embeddable":true,"href":"https:\/\/newsinfoco.com.br\/inicio\/wp-json\/wp\/v2\/comments?post=13397"}],"version-history":[{"count":0,"href":"https:\/\/newsinfoco.com.br\/inicio\/wp-json\/wp\/v2\/posts\/13397\/revisions"}],"wp:featuredmedia":[{"embeddable":true,"href":"https:\/\/newsinfoco.com.br\/inicio\/wp-json\/wp\/v2\/media\/13398"}],"wp:attachment":[{"href":"https:\/\/newsinfoco.com.br\/inicio\/wp-json\/wp\/v2\/media?parent=13397"}],"wp:term":[{"taxonomy":"category","embeddable":true,"href":"https:\/\/newsinfoco.com.br\/inicio\/wp-json\/wp\/v2\/categories?post=13397"},{"taxonomy":"post_tag","embeddable":true,"href":"https:\/\/newsinfoco.com.br\/inicio\/wp-json\/wp\/v2\/tags?post=13397"}],"curies":[{"name":"wp","href":"https:\/\/api.w.org\/{rel}","templated":true}]}}