{"id":13406,"date":"2019-02-09T14:52:51","date_gmt":"2019-02-09T16:52:51","guid":{"rendered":"http:\/\/newsinfoco.com.br\/?p=13406"},"modified":"2019-02-09T14:54:15","modified_gmt":"2019-02-09T16:54:15","slug":"lider-do-governo-na-camara-diz-que-vereadores-da-oposicao-criticam-a-gestao-joaquim-neto-de-olho-nas-eleicoes-de-2020","status":"publish","type":"post","link":"https:\/\/newsinfoco.com.br\/inicio\/lider-do-governo-na-camara-diz-que-vereadores-da-oposicao-criticam-a-gestao-joaquim-neto-de-olho-nas-eleicoes-de-2020\/","title":{"rendered":"L\u00edder do Governo na C\u00e2mara diz que vereadores da oposi\u00e7\u00e3o criticam a gest\u00e3o Joaquim Neto de olho nas elei\u00e7\u00f5es de 2020"},"content":{"rendered":"<p style=\"text-align: justify;\">[sg_popup id=&#8221;11418&#8243; event=&#8221;inherit&#8221;][\/sg_popup]O lider do governo na C\u00e2mara de Alagoinhas, vereador Cleto da Banana, na sess\u00e3o da \u00faltima quinta feira(07), saiu em defesa do governo Joaquim Neto diante das cr\u00edticas dos oposicionistas. Na sess\u00e3o, dos 7 vereadores de oposi\u00e7\u00e3o, 6 discursaram e criticaram fortemente o prefeito e suas medidas.<\/p>\n<p style=\"text-align: justify;\">Para Cleto, a oposi\u00e7\u00e3o tenta dificultar as a\u00e7\u00f5es do governo pensando nas elei\u00e7\u00f5es de 2020. O PT, de Luciano S\u00e9rgio e Thor de Ninha, \u00e9 opositor ferrenho da gest\u00e3o municipal. Luciano Sergio, inclusive, \u00e9 o virtual candidato do partido nas pr\u00f3ximas elei\u00e7\u00f5es. Ele j\u00e1 conta com o apoio do ex-vereador e sindicalista Radiovaldo Costa.<\/p>\n<p style=\"text-align: justify;\">J\u00e1 Anderson Baqueiro, Caio Ramos, Darlan Lucena e Jo\u00e3o Henrique est\u00e3o cada vez mais pr\u00f3ximos do ex-prefeito de Alagoinhas, Paulo Cezar, outro opositor de Joaquim Neto que \u00e9 dado como certo na disputa eleitoral do pr\u00f3ximo ano.<\/p>\n<p style=\"text-align: justify;\">O vereador Luciano Almeida, o 7\u00ba vereador da oposi\u00e7\u00e3o, pertence ao grupo politico do deputado Paulo Azi, que teve um rompimento nada amistoso com o prefeito de Alagoinhas ap\u00f3s as elei\u00e7\u00f5es do ano passado. O prefeito Joaquim Neto chegou a declarar em entrevista ao programa Primeira M\u00e3o, da r\u00e1dio 95,7 FM, que teria se livrado de um \u201cconteiner\u201d ao se referir ao deputado Paulo Azi que deve apoiar o ex-prefeito Paulo Cezar nas pr\u00f3ximas elei\u00e7\u00f5es ou apresentar um candidato de seu grupo, o mais cotado \u00e9 o ex-secret\u00e1rio de educa\u00e7\u00e3o do munic\u00edpio, Fabricio Faro.<\/p>\n<p style=\"text-align: justify;\">Para Cleto da Banana, sem sombra d\u00favidas, essa conjuntura politica tem levado aos vereadores da oposi\u00e7\u00e3o a colocarem os interesses politicos pessoais acima dos interesses da popula\u00e7\u00e3o.<\/p>\n<h6 style=\"text-align: right;\">Por Caio Pimenta para o News Infoco<\/h6>\n<div class='share-to-whatsapp-wrapper'><div class='share-on-whsp'>Share on: <\/div><a data-text='L\u00edder do Governo na C\u00e2mara diz que vereadores da oposi\u00e7\u00e3o criticam a gest\u00e3o Joaquim Neto de olho nas elei\u00e7\u00f5es de 2020' data-link='https:\/\/newsinfoco.com.br\/inicio\/lider-do-governo-na-camara-diz-que-vereadores-da-oposicao-criticam-a-gestao-joaquim-neto-de-olho-nas-eleicoes-de-2020\/' class='whatsapp-button whatsapp-share'>WhatsApp<\/a><div class='clear '><\/div><\/div>","protected":false},"excerpt":{"rendered":"<p>[sg_popup id=&#8221;11418&#8243; event=&#8221;inherit&#8221;][\/sg_popup]O lider do governo na C\u00e2mara de Alagoinhas, vereador Cleto da Banana, na sess\u00e3o da \u00faltima quinta feira(07), saiu em defesa do governo Joaquim Neto diante das cr\u00edticas dos oposicionistas. Na sess\u00e3o, dos 7 vereadores de oposi\u00e7\u00e3o, 6 discursaram e criticaram fortemente o prefeito e suas medidas. Para Cleto, a oposi\u00e7\u00e3o tenta dificultar [&hellip;]<\/p>\n","protected":false},"author":1,"featured_media":13407,"comment_status":"open","ping_status":"open","sticky":false,"template":"","format":"standard","meta":{"om_disable_all_campaigns":false,"rop_custom_images_group":[],"rop_custom_messages_group":[],"rop_publish_now":"initial","rop_publish_now_accounts":[],"rop_publish_now_history":[],"rop_publish_now_status":"pending","_exactmetrics_skip_tracking":false,"footnotes":""},"categories":[38,30],"tags":[],"class_list":["post-13406","post","type-post","status-publish","format-standard","has-post-thumbnail","hentry","category-alagoinhas-e-regiao","category-destaque"],"aioseo_notices":[],"aioseo_head":"\n\t\t<!-- All in One SEO 4.9.10 - aioseo.com -->\n\t<meta name=\"description\" content=\"[sg_popup id=&quot;11418&quot; event=&quot;inherit&quot;][\/sg_popup]O lider do governo na C\u00e2mara de Alagoinhas, vereador Cleto da Banana, na sess\u00e3o da \u00faltima quinta feira(07), saiu em defesa do governo Joaquim Neto diante das cr\u00edticas dos oposicionistas. Na sess\u00e3o, dos 7 vereadores de oposi\u00e7\u00e3o, 6 discursaram e criticaram fortemente o prefeito e suas medidas. Para Cleto, a oposi\u00e7\u00e3o tenta dificultar\" \/>\n\t<meta name=\"robots\" content=\"max-image-preview:large\" \/>\n\t<meta name=\"author\" content=\"administrador\"\/>\n\t<link rel=\"canonical\" href=\"https:\/\/newsinfoco.com.br\/inicio\/lider-do-governo-na-camara-diz-que-vereadores-da-oposicao-criticam-a-gestao-joaquim-neto-de-olho-nas-eleicoes-de-2020\/\" \/>\n\t<meta name=\"generator\" content=\"All in One SEO (AIOSEO) 4.9.10\" \/>\n\t\t<meta property=\"og:locale\" content=\"pt_BR\" \/>\n\t\t<meta property=\"og:site_name\" content=\"News In Foco - Editado por Caio Pimenta - O principal site de noticias de Alagoinhas e regi\u00e3o\" \/>\n\t\t<meta property=\"og:type\" content=\"article\" \/>\n\t\t<meta property=\"og:title\" content=\"L\u00edder do Governo na C\u00e2mara diz que vereadores da oposi\u00e7\u00e3o criticam a gest\u00e3o Joaquim Neto de olho nas elei\u00e7\u00f5es de 2020 - News In Foco - Editado por Caio Pimenta\" \/>\n\t\t<meta property=\"og:description\" content=\"[sg_popup id=&quot;11418&quot; event=&quot;inherit&quot;][\/sg_popup]O lider do governo na C\u00e2mara de Alagoinhas, vereador Cleto da Banana, na sess\u00e3o da \u00faltima quinta feira(07), saiu em defesa do governo Joaquim Neto diante das cr\u00edticas dos oposicionistas. Na sess\u00e3o, dos 7 vereadores de oposi\u00e7\u00e3o, 6 discursaram e criticaram fortemente o prefeito e suas medidas. Para Cleto, a oposi\u00e7\u00e3o tenta dificultar\" \/>\n\t\t<meta property=\"og:url\" content=\"https:\/\/newsinfoco.com.br\/inicio\/lider-do-governo-na-camara-diz-que-vereadores-da-oposicao-criticam-a-gestao-joaquim-neto-de-olho-nas-eleicoes-de-2020\/\" \/>\n\t\t<meta property=\"article:published_time\" content=\"2019-02-09T16:52:51+00:00\" \/>\n\t\t<meta property=\"article:modified_time\" content=\"2019-02-09T16:54:15+00:00\" \/>\n\t\t<meta name=\"twitter:card\" content=\"summary_large_image\" \/>\n\t\t<meta name=\"twitter:title\" content=\"L\u00edder do Governo na C\u00e2mara diz que vereadores da oposi\u00e7\u00e3o criticam a gest\u00e3o Joaquim Neto de olho nas elei\u00e7\u00f5es de 2020 - News In Foco - Editado por Caio Pimenta\" \/>\n\t\t<meta name=\"twitter:description\" content=\"[sg_popup id=&quot;11418&quot; event=&quot;inherit&quot;][\/sg_popup]O lider do governo na C\u00e2mara de Alagoinhas, vereador Cleto da Banana, na sess\u00e3o da \u00faltima quinta feira(07), saiu em defesa do governo Joaquim Neto diante das cr\u00edticas dos oposicionistas. Na sess\u00e3o, dos 7 vereadores de oposi\u00e7\u00e3o, 6 discursaram e criticaram fortemente o prefeito e suas medidas. Para Cleto, a oposi\u00e7\u00e3o tenta dificultar\" \/>\n\t\t<script type=\"application\/ld+json\" class=\"aioseo-schema\">\n\t\t\t{\"@context\":\"https:\\\/\\\/schema.org\",\"@graph\":[{\"@type\":\"BlogPosting\",\"@id\":\"https:\\\/\\\/newsinfoco.com.br\\\/inicio\\\/lider-do-governo-na-camara-diz-que-vereadores-da-oposicao-criticam-a-gestao-joaquim-neto-de-olho-nas-eleicoes-de-2020\\\/#blogposting\",\"name\":\"L\\u00edder do Governo na C\\u00e2mara diz que vereadores da oposi\\u00e7\\u00e3o criticam a gest\\u00e3o Joaquim Neto de olho nas elei\\u00e7\\u00f5es de 2020 - News In Foco - Editado por Caio Pimenta\",\"headline\":\"L\\u00edder do Governo na C\\u00e2mara diz que vereadores da oposi\\u00e7\\u00e3o criticam a gest\\u00e3o Joaquim Neto de olho nas elei\\u00e7\\u00f5es de 2020\",\"author\":{\"@id\":\"https:\\\/\\\/newsinfoco.com.br\\\/inicio\\\/author\\\/administrador\\\/#author\"},\"publisher\":{\"@id\":\"https:\\\/\\\/newsinfoco.com.br\\\/inicio\\\/#organization\"},\"image\":{\"@type\":\"ImageObject\",\"url\":\"https:\\\/\\\/newsinfoco.com.br\\\/inicio\\\/wp-content\\\/uploads\\\/2019\\\/02\\\/1655408_676137775762292_1686153669_o.jpg\",\"width\":800,\"height\":563,\"caption\":\"Vereador Cleto da Banana\"},\"datePublished\":\"2019-02-09T14:52:51-02:00\",\"dateModified\":\"2019-02-09T14:54:15-02:00\",\"inLanguage\":\"pt-BR\",\"mainEntityOfPage\":{\"@id\":\"https:\\\/\\\/newsinfoco.com.br\\\/inicio\\\/lider-do-governo-na-camara-diz-que-vereadores-da-oposicao-criticam-a-gestao-joaquim-neto-de-olho-nas-eleicoes-de-2020\\\/#webpage\"},\"isPartOf\":{\"@id\":\"https:\\\/\\\/newsinfoco.com.br\\\/inicio\\\/lider-do-governo-na-camara-diz-que-vereadores-da-oposicao-criticam-a-gestao-joaquim-neto-de-olho-nas-eleicoes-de-2020\\\/#webpage\"},\"articleSection\":\"Alagoinhas e Regi\\u00e3o, Destaque\"},{\"@type\":\"BreadcrumbList\",\"@id\":\"https:\\\/\\\/newsinfoco.com.br\\\/inicio\\\/lider-do-governo-na-camara-diz-que-vereadores-da-oposicao-criticam-a-gestao-joaquim-neto-de-olho-nas-eleicoes-de-2020\\\/#breadcrumblist\",\"itemListElement\":[{\"@type\":\"ListItem\",\"@id\":\"https:\\\/\\\/newsinfoco.com.br\\\/inicio#listItem\",\"position\":1,\"name\":\"In\\u00edcio\",\"item\":\"https:\\\/\\\/newsinfoco.com.br\\\/inicio\",\"nextItem\":{\"@type\":\"ListItem\",\"@id\":\"https:\\\/\\\/newsinfoco.com.br\\\/inicio\\\/category\\\/destaque\\\/#listItem\",\"name\":\"Destaque\"}},{\"@type\":\"ListItem\",\"@id\":\"https:\\\/\\\/newsinfoco.com.br\\\/inicio\\\/category\\\/destaque\\\/#listItem\",\"position\":2,\"name\":\"Destaque\",\"item\":\"https:\\\/\\\/newsinfoco.com.br\\\/inicio\\\/category\\\/destaque\\\/\",\"nextItem\":{\"@type\":\"ListItem\",\"@id\":\"https:\\\/\\\/newsinfoco.com.br\\\/inicio\\\/lider-do-governo-na-camara-diz-que-vereadores-da-oposicao-criticam-a-gestao-joaquim-neto-de-olho-nas-eleicoes-de-2020\\\/#listItem\",\"name\":\"L\\u00edder do Governo na C\\u00e2mara diz que vereadores da oposi\\u00e7\\u00e3o criticam a gest\\u00e3o Joaquim Neto de olho nas elei\\u00e7\\u00f5es de 2020\"},\"previousItem\":{\"@type\":\"ListItem\",\"@id\":\"https:\\\/\\\/newsinfoco.com.br\\\/inicio#listItem\",\"name\":\"In\\u00edcio\"}},{\"@type\":\"ListItem\",\"@id\":\"https:\\\/\\\/newsinfoco.com.br\\\/inicio\\\/lider-do-governo-na-camara-diz-que-vereadores-da-oposicao-criticam-a-gestao-joaquim-neto-de-olho-nas-eleicoes-de-2020\\\/#listItem\",\"position\":3,\"name\":\"L\\u00edder do Governo na C\\u00e2mara diz que vereadores da oposi\\u00e7\\u00e3o criticam a gest\\u00e3o Joaquim Neto de olho nas elei\\u00e7\\u00f5es de 2020\",\"previousItem\":{\"@type\":\"ListItem\",\"@id\":\"https:\\\/\\\/newsinfoco.com.br\\\/inicio\\\/category\\\/destaque\\\/#listItem\",\"name\":\"Destaque\"}}]},{\"@type\":\"Organization\",\"@id\":\"https:\\\/\\\/newsinfoco.com.br\\\/inicio\\\/#organization\",\"name\":\"News In Foco - Editado por Caio Pimenta\",\"description\":\"O principal site de noticias de Alagoinhas e regi\\u00e3o\",\"url\":\"https:\\\/\\\/newsinfoco.com.br\\\/inicio\\\/\"},{\"@type\":\"Person\",\"@id\":\"https:\\\/\\\/newsinfoco.com.br\\\/inicio\\\/author\\\/administrador\\\/#author\",\"url\":\"https:\\\/\\\/newsinfoco.com.br\\\/inicio\\\/author\\\/administrador\\\/\",\"name\":\"administrador\",\"image\":{\"@type\":\"ImageObject\",\"@id\":\"https:\\\/\\\/newsinfoco.com.br\\\/inicio\\\/lider-do-governo-na-camara-diz-que-vereadores-da-oposicao-criticam-a-gestao-joaquim-neto-de-olho-nas-eleicoes-de-2020\\\/#authorImage\",\"url\":\"https:\\\/\\\/secure.gravatar.com\\\/avatar\\\/c17a617433de8c1dc9584bb79aab7563b46f5bb7e1728c9b17d9cc3ce6a08e49?s=96&d=mm&r=g\",\"width\":96,\"height\":96,\"caption\":\"administrador\"}},{\"@type\":\"WebPage\",\"@id\":\"https:\\\/\\\/newsinfoco.com.br\\\/inicio\\\/lider-do-governo-na-camara-diz-que-vereadores-da-oposicao-criticam-a-gestao-joaquim-neto-de-olho-nas-eleicoes-de-2020\\\/#webpage\",\"url\":\"https:\\\/\\\/newsinfoco.com.br\\\/inicio\\\/lider-do-governo-na-camara-diz-que-vereadores-da-oposicao-criticam-a-gestao-joaquim-neto-de-olho-nas-eleicoes-de-2020\\\/\",\"name\":\"L\\u00edder do Governo na C\\u00e2mara diz que vereadores da oposi\\u00e7\\u00e3o criticam a gest\\u00e3o Joaquim Neto de olho nas elei\\u00e7\\u00f5es de 2020 - News In Foco - Editado por Caio Pimenta\",\"description\":\"[sg_popup id=\\\"11418\\\" event=\\\"inherit\\\"][\\\/sg_popup]O lider do governo na C\\u00e2mara de Alagoinhas, vereador Cleto da Banana, na sess\\u00e3o da \\u00faltima quinta feira(07), saiu em defesa do governo Joaquim Neto diante das cr\\u00edticas dos oposicionistas. Na sess\\u00e3o, dos 7 vereadores de oposi\\u00e7\\u00e3o, 6 discursaram e criticaram fortemente o prefeito e suas medidas. Para Cleto, a oposi\\u00e7\\u00e3o tenta dificultar\",\"inLanguage\":\"pt-BR\",\"isPartOf\":{\"@id\":\"https:\\\/\\\/newsinfoco.com.br\\\/inicio\\\/#website\"},\"breadcrumb\":{\"@id\":\"https:\\\/\\\/newsinfoco.com.br\\\/inicio\\\/lider-do-governo-na-camara-diz-que-vereadores-da-oposicao-criticam-a-gestao-joaquim-neto-de-olho-nas-eleicoes-de-2020\\\/#breadcrumblist\"},\"author\":{\"@id\":\"https:\\\/\\\/newsinfoco.com.br\\\/inicio\\\/author\\\/administrador\\\/#author\"},\"creator\":{\"@id\":\"https:\\\/\\\/newsinfoco.com.br\\\/inicio\\\/author\\\/administrador\\\/#author\"},\"image\":{\"@type\":\"ImageObject\",\"url\":\"https:\\\/\\\/newsinfoco.com.br\\\/inicio\\\/wp-content\\\/uploads\\\/2019\\\/02\\\/1655408_676137775762292_1686153669_o.jpg\",\"@id\":\"https:\\\/\\\/newsinfoco.com.br\\\/inicio\\\/lider-do-governo-na-camara-diz-que-vereadores-da-oposicao-criticam-a-gestao-joaquim-neto-de-olho-nas-eleicoes-de-2020\\\/#mainImage\",\"width\":800,\"height\":563,\"caption\":\"Vereador Cleto da Banana\"},\"primaryImageOfPage\":{\"@id\":\"https:\\\/\\\/newsinfoco.com.br\\\/inicio\\\/lider-do-governo-na-camara-diz-que-vereadores-da-oposicao-criticam-a-gestao-joaquim-neto-de-olho-nas-eleicoes-de-2020\\\/#mainImage\"},\"datePublished\":\"2019-02-09T14:52:51-02:00\",\"dateModified\":\"2019-02-09T14:54:15-02:00\"},{\"@type\":\"WebSite\",\"@id\":\"https:\\\/\\\/newsinfoco.com.br\\\/inicio\\\/#website\",\"url\":\"https:\\\/\\\/newsinfoco.com.br\\\/inicio\\\/\",\"name\":\"News In Foco - Editado por Caio Pimenta\",\"description\":\"O principal site de noticias de Alagoinhas e regi\\u00e3o\",\"inLanguage\":\"pt-BR\",\"publisher\":{\"@id\":\"https:\\\/\\\/newsinfoco.com.br\\\/inicio\\\/#organization\"}}]}\n\t\t<\/script>\n\t\t<!-- All in One SEO -->\n\n","aioseo_head_json":{"title":"L\u00edder do Governo na C\u00e2mara diz que vereadores da oposi\u00e7\u00e3o criticam a gest\u00e3o Joaquim Neto de olho nas elei\u00e7\u00f5es de 2020 - News In Foco - Editado por Caio Pimenta","description":"[sg_popup id=\"11418\" event=\"inherit\"][\/sg_popup]O lider do governo na C\u00e2mara de Alagoinhas, vereador Cleto da Banana, na sess\u00e3o da \u00faltima quinta feira(07), saiu em defesa do governo Joaquim Neto diante das cr\u00edticas dos oposicionistas. Na sess\u00e3o, dos 7 vereadores de oposi\u00e7\u00e3o, 6 discursaram e criticaram fortemente o prefeito e suas medidas. Para Cleto, a oposi\u00e7\u00e3o tenta dificultar","canonical_url":"https:\/\/newsinfoco.com.br\/inicio\/lider-do-governo-na-camara-diz-que-vereadores-da-oposicao-criticam-a-gestao-joaquim-neto-de-olho-nas-eleicoes-de-2020\/","robots":"max-image-preview:large","keywords":"","webmasterTools":{"miscellaneous":""},"schema":{"@context":"https:\/\/schema.org","@graph":[{"@type":"BlogPosting","@id":"https:\/\/newsinfoco.com.br\/inicio\/lider-do-governo-na-camara-diz-que-vereadores-da-oposicao-criticam-a-gestao-joaquim-neto-de-olho-nas-eleicoes-de-2020\/#blogposting","name":"L\u00edder do Governo na C\u00e2mara diz que vereadores da oposi\u00e7\u00e3o criticam a gest\u00e3o Joaquim Neto de olho nas elei\u00e7\u00f5es de 2020 - News In Foco - Editado por Caio Pimenta","headline":"L\u00edder do Governo na C\u00e2mara diz que vereadores da oposi\u00e7\u00e3o criticam a gest\u00e3o Joaquim Neto de olho nas elei\u00e7\u00f5es de 2020","author":{"@id":"https:\/\/newsinfoco.com.br\/inicio\/author\/administrador\/#author"},"publisher":{"@id":"https:\/\/newsinfoco.com.br\/inicio\/#organization"},"image":{"@type":"ImageObject","url":"https:\/\/newsinfoco.com.br\/inicio\/wp-content\/uploads\/2019\/02\/1655408_676137775762292_1686153669_o.jpg","width":800,"height":563,"caption":"Vereador Cleto da Banana"},"datePublished":"2019-02-09T14:52:51-02:00","dateModified":"2019-02-09T14:54:15-02:00","inLanguage":"pt-BR","mainEntityOfPage":{"@id":"https:\/\/newsinfoco.com.br\/inicio\/lider-do-governo-na-camara-diz-que-vereadores-da-oposicao-criticam-a-gestao-joaquim-neto-de-olho-nas-eleicoes-de-2020\/#webpage"},"isPartOf":{"@id":"https:\/\/newsinfoco.com.br\/inicio\/lider-do-governo-na-camara-diz-que-vereadores-da-oposicao-criticam-a-gestao-joaquim-neto-de-olho-nas-eleicoes-de-2020\/#webpage"},"articleSection":"Alagoinhas e Regi\u00e3o, Destaque"},{"@type":"BreadcrumbList","@id":"https:\/\/newsinfoco.com.br\/inicio\/lider-do-governo-na-camara-diz-que-vereadores-da-oposicao-criticam-a-gestao-joaquim-neto-de-olho-nas-eleicoes-de-2020\/#breadcrumblist","itemListElement":[{"@type":"ListItem","@id":"https:\/\/newsinfoco.com.br\/inicio#listItem","position":1,"name":"In\u00edcio","item":"https:\/\/newsinfoco.com.br\/inicio","nextItem":{"@type":"ListItem","@id":"https:\/\/newsinfoco.com.br\/inicio\/category\/destaque\/#listItem","name":"Destaque"}},{"@type":"ListItem","@id":"https:\/\/newsinfoco.com.br\/inicio\/category\/destaque\/#listItem","position":2,"name":"Destaque","item":"https:\/\/newsinfoco.com.br\/inicio\/category\/destaque\/","nextItem":{"@type":"ListItem","@id":"https:\/\/newsinfoco.com.br\/inicio\/lider-do-governo-na-camara-diz-que-vereadores-da-oposicao-criticam-a-gestao-joaquim-neto-de-olho-nas-eleicoes-de-2020\/#listItem","name":"L\u00edder do Governo na C\u00e2mara diz que vereadores da oposi\u00e7\u00e3o criticam a gest\u00e3o Joaquim Neto de olho nas elei\u00e7\u00f5es de 2020"},"previousItem":{"@type":"ListItem","@id":"https:\/\/newsinfoco.com.br\/inicio#listItem","name":"In\u00edcio"}},{"@type":"ListItem","@id":"https:\/\/newsinfoco.com.br\/inicio\/lider-do-governo-na-camara-diz-que-vereadores-da-oposicao-criticam-a-gestao-joaquim-neto-de-olho-nas-eleicoes-de-2020\/#listItem","position":3,"name":"L\u00edder do Governo na C\u00e2mara diz que vereadores da oposi\u00e7\u00e3o criticam a gest\u00e3o Joaquim Neto de olho nas elei\u00e7\u00f5es de 2020","previousItem":{"@type":"ListItem","@id":"https:\/\/newsinfoco.com.br\/inicio\/category\/destaque\/#listItem","name":"Destaque"}}]},{"@type":"Organization","@id":"https:\/\/newsinfoco.com.br\/inicio\/#organization","name":"News In Foco - Editado por Caio Pimenta","description":"O principal site de noticias de Alagoinhas e regi\u00e3o","url":"https:\/\/newsinfoco.com.br\/inicio\/"},{"@type":"Person","@id":"https:\/\/newsinfoco.com.br\/inicio\/author\/administrador\/#author","url":"https:\/\/newsinfoco.com.br\/inicio\/author\/administrador\/","name":"administrador","image":{"@type":"ImageObject","@id":"https:\/\/newsinfoco.com.br\/inicio\/lider-do-governo-na-camara-diz-que-vereadores-da-oposicao-criticam-a-gestao-joaquim-neto-de-olho-nas-eleicoes-de-2020\/#authorImage","url":"https:\/\/secure.gravatar.com\/avatar\/c17a617433de8c1dc9584bb79aab7563b46f5bb7e1728c9b17d9cc3ce6a08e49?s=96&d=mm&r=g","width":96,"height":96,"caption":"administrador"}},{"@type":"WebPage","@id":"https:\/\/newsinfoco.com.br\/inicio\/lider-do-governo-na-camara-diz-que-vereadores-da-oposicao-criticam-a-gestao-joaquim-neto-de-olho-nas-eleicoes-de-2020\/#webpage","url":"https:\/\/newsinfoco.com.br\/inicio\/lider-do-governo-na-camara-diz-que-vereadores-da-oposicao-criticam-a-gestao-joaquim-neto-de-olho-nas-eleicoes-de-2020\/","name":"L\u00edder do Governo na C\u00e2mara diz que vereadores da oposi\u00e7\u00e3o criticam a gest\u00e3o Joaquim Neto de olho nas elei\u00e7\u00f5es de 2020 - News In Foco - Editado por Caio Pimenta","description":"[sg_popup id=\"11418\" event=\"inherit\"][\/sg_popup]O lider do governo na C\u00e2mara de Alagoinhas, vereador Cleto da Banana, na sess\u00e3o da \u00faltima quinta feira(07), saiu em defesa do governo Joaquim Neto diante das cr\u00edticas dos oposicionistas. Na sess\u00e3o, dos 7 vereadores de oposi\u00e7\u00e3o, 6 discursaram e criticaram fortemente o prefeito e suas medidas. Para Cleto, a oposi\u00e7\u00e3o tenta dificultar","inLanguage":"pt-BR","isPartOf":{"@id":"https:\/\/newsinfoco.com.br\/inicio\/#website"},"breadcrumb":{"@id":"https:\/\/newsinfoco.com.br\/inicio\/lider-do-governo-na-camara-diz-que-vereadores-da-oposicao-criticam-a-gestao-joaquim-neto-de-olho-nas-eleicoes-de-2020\/#breadcrumblist"},"author":{"@id":"https:\/\/newsinfoco.com.br\/inicio\/author\/administrador\/#author"},"creator":{"@id":"https:\/\/newsinfoco.com.br\/inicio\/author\/administrador\/#author"},"image":{"@type":"ImageObject","url":"https:\/\/newsinfoco.com.br\/inicio\/wp-content\/uploads\/2019\/02\/1655408_676137775762292_1686153669_o.jpg","@id":"https:\/\/newsinfoco.com.br\/inicio\/lider-do-governo-na-camara-diz-que-vereadores-da-oposicao-criticam-a-gestao-joaquim-neto-de-olho-nas-eleicoes-de-2020\/#mainImage","width":800,"height":563,"caption":"Vereador Cleto da Banana"},"primaryImageOfPage":{"@id":"https:\/\/newsinfoco.com.br\/inicio\/lider-do-governo-na-camara-diz-que-vereadores-da-oposicao-criticam-a-gestao-joaquim-neto-de-olho-nas-eleicoes-de-2020\/#mainImage"},"datePublished":"2019-02-09T14:52:51-02:00","dateModified":"2019-02-09T14:54:15-02:00"},{"@type":"WebSite","@id":"https:\/\/newsinfoco.com.br\/inicio\/#website","url":"https:\/\/newsinfoco.com.br\/inicio\/","name":"News In Foco - Editado por Caio Pimenta","description":"O principal site de noticias de Alagoinhas e regi\u00e3o","inLanguage":"pt-BR","publisher":{"@id":"https:\/\/newsinfoco.com.br\/inicio\/#organization"}}]},"og:locale":"pt_BR","og:site_name":"News In Foco - Editado por Caio Pimenta - O principal site de noticias de Alagoinhas e regi\u00e3o","og:type":"article","og:title":"L\u00edder do Governo na C\u00e2mara diz que vereadores da oposi\u00e7\u00e3o criticam a gest\u00e3o Joaquim Neto de olho nas elei\u00e7\u00f5es de 2020 - News In Foco - Editado por Caio Pimenta","og:description":"[sg_popup id=&quot;11418&quot; event=&quot;inherit&quot;][\/sg_popup]O lider do governo na C\u00e2mara de Alagoinhas, vereador Cleto da Banana, na sess\u00e3o da \u00faltima quinta feira(07), saiu em defesa do governo Joaquim Neto diante das cr\u00edticas dos oposicionistas. Na sess\u00e3o, dos 7 vereadores de oposi\u00e7\u00e3o, 6 discursaram e criticaram fortemente o prefeito e suas medidas. Para Cleto, a oposi\u00e7\u00e3o tenta dificultar","og:url":"https:\/\/newsinfoco.com.br\/inicio\/lider-do-governo-na-camara-diz-que-vereadores-da-oposicao-criticam-a-gestao-joaquim-neto-de-olho-nas-eleicoes-de-2020\/","article:published_time":"2019-02-09T16:52:51+00:00","article:modified_time":"2019-02-09T16:54:15+00:00","twitter:card":"summary_large_image","twitter:title":"L\u00edder do Governo na C\u00e2mara diz que vereadores da oposi\u00e7\u00e3o criticam a gest\u00e3o Joaquim Neto de olho nas elei\u00e7\u00f5es de 2020 - News In Foco - Editado por Caio Pimenta","twitter:description":"[sg_popup id=&quot;11418&quot; event=&quot;inherit&quot;][\/sg_popup]O lider do governo na C\u00e2mara de Alagoinhas, vereador Cleto da Banana, na sess\u00e3o da \u00faltima quinta feira(07), saiu em defesa do governo Joaquim Neto diante das cr\u00edticas dos oposicionistas. Na sess\u00e3o, dos 7 vereadores de oposi\u00e7\u00e3o, 6 discursaram e criticaram fortemente o prefeito e suas medidas. Para Cleto, a oposi\u00e7\u00e3o tenta dificultar"},"aioseo_meta_data":{"post_id":"13406","title":null,"description":null,"keywords":null,"keyphrases":null,"primary_term":null,"canonical_url":null,"og_title":null,"og_description":null,"og_object_type":"default","og_image_type":"default","og_image_url":null,"og_image_width":null,"og_image_height":null,"og_image_custom_url":null,"og_image_custom_fields":null,"og_video":null,"og_custom_url":null,"og_article_section":null,"og_article_tags":null,"twitter_use_og":false,"twitter_card":"default","twitter_image_type":"default","twitter_image_url":null,"twitter_image_custom_url":null,"twitter_image_custom_fields":null,"twitter_title":null,"twitter_description":null,"schema":{"blockGraphs":[],"customGraphs":[],"default":{"data":{"Article":[],"Course":[],"Dataset":[],"FAQPage":[],"Movie":[],"Person":[],"Product":[],"ProductReview":[],"Car":[],"Recipe":[],"Service":[],"SoftwareApplication":[],"WebPage":[]},"graphName":"","isEnabled":true},"graphs":[]},"schema_type":"default","schema_type_options":null,"pillar_content":false,"robots_default":true,"robots_noindex":false,"robots_noarchive":false,"robots_nosnippet":false,"robots_nofollow":false,"robots_noimageindex":false,"robots_noodp":false,"robots_notranslate":false,"robots_max_snippet":null,"robots_max_videopreview":null,"robots_max_imagepreview":"large","priority":null,"frequency":null,"local_seo":null,"breadcrumb_settings":null,"limit_modified_date":false,"ai":null,"created":"2023-06-12 12:22:07","updated":"2025-07-10 23:16:56","seo_analyzer_scan_date":null},"aioseo_breadcrumb":"<div class=\"aioseo-breadcrumbs\"><span class=\"aioseo-breadcrumb\">\n\t\t\t<a href=\"https:\/\/newsinfoco.com.br\/inicio\" title=\"In\u00edcio\">In\u00edcio<\/a>\n\t\t<\/span><span class=\"aioseo-breadcrumb-separator\">&raquo;<\/span><span class=\"aioseo-breadcrumb\">\n\t\t\t<a href=\"https:\/\/newsinfoco.com.br\/inicio\/category\/destaque\/\" title=\"Destaque\">Destaque<\/a>\n\t\t<\/span><span class=\"aioseo-breadcrumb-separator\">&raquo;<\/span><span class=\"aioseo-breadcrumb\">\n\t\t\tL\u00edder do Governo na C\u00e2mara diz que vereadores da oposi\u00e7\u00e3o criticam a gest\u00e3o Joaquim Neto de olho nas elei\u00e7\u00f5es de 2020\n\t\t<\/span><\/div>","aioseo_breadcrumb_json":[{"label":"In\u00edcio","link":"https:\/\/newsinfoco.com.br\/inicio"},{"label":"Destaque","link":"https:\/\/newsinfoco.com.br\/inicio\/category\/destaque\/"},{"label":"L\u00edder do Governo na C\u00e2mara diz que vereadores da oposi\u00e7\u00e3o criticam a gest\u00e3o Joaquim Neto de olho nas elei\u00e7\u00f5es de 2020","link":"https:\/\/newsinfoco.com.br\/inicio\/lider-do-governo-na-camara-diz-que-vereadores-da-oposicao-criticam-a-gestao-joaquim-neto-de-olho-nas-eleicoes-de-2020\/"}],"_links":{"self":[{"href":"https:\/\/newsinfoco.com.br\/inicio\/wp-json\/wp\/v2\/posts\/13406","targetHints":{"allow":["GET"]}}],"collection":[{"href":"https:\/\/newsinfoco.com.br\/inicio\/wp-json\/wp\/v2\/posts"}],"about":[{"href":"https:\/\/newsinfoco.com.br\/inicio\/wp-json\/wp\/v2\/types\/post"}],"author":[{"embeddable":true,"href":"https:\/\/newsinfoco.com.br\/inicio\/wp-json\/wp\/v2\/users\/1"}],"replies":[{"embeddable":true,"href":"https:\/\/newsinfoco.com.br\/inicio\/wp-json\/wp\/v2\/comments?post=13406"}],"version-history":[{"count":0,"href":"https:\/\/newsinfoco.com.br\/inicio\/wp-json\/wp\/v2\/posts\/13406\/revisions"}],"wp:featuredmedia":[{"embeddable":true,"href":"https:\/\/newsinfoco.com.br\/inicio\/wp-json\/wp\/v2\/media\/13407"}],"wp:attachment":[{"href":"https:\/\/newsinfoco.com.br\/inicio\/wp-json\/wp\/v2\/media?parent=13406"}],"wp:term":[{"taxonomy":"category","embeddable":true,"href":"https:\/\/newsinfoco.com.br\/inicio\/wp-json\/wp\/v2\/categories?post=13406"},{"taxonomy":"post_tag","embeddable":true,"href":"https:\/\/newsinfoco.com.br\/inicio\/wp-json\/wp\/v2\/tags?post=13406"}],"curies":[{"name":"wp","href":"https:\/\/api.w.org\/{rel}","templated":true}]}}